{"id":1070,"date":"2024-12-08T12:15:00","date_gmt":"2024-12-08T11:15:00","guid":{"rendered":"https:\/\/www.accidentdutravail-idf.net\/blog\/accident-de-travail-mortel-sur-le-chantier-de-la-ligne-appalaches-maine-a-sainte-praxede\/"},"modified":"2024-12-08T12:15:00","modified_gmt":"2024-12-08T11:15:00","slug":"accident-de-travail-mortel-sur-le-chantier-de-la-ligne-appalaches-maine-a-sainte-praxede","status":"publish","type":"post","link":"https:\/\/www.accidentdutravail-idf.net\/blog\/accident-de-travail-mortel-sur-le-chantier-de-la-ligne-appalaches-maine-a-sainte-praxede\/","title":{"rendered":"Accident de travail mortel sur le chantier de la ligne Appalaches-Maine \u00e0 Sainte-Prax\u00e8de"},"content":{"rendered":"<div><img decoding=\"async\" src=\"https:\/\/www.accidentdutravail-idf.net\/blog\/wp-content\/uploads\/2024\/12\/accident-de-travail-mortel-sur-le-chantier-de-la-ligne-appalaches-maine-a-sainte-praxede.jpg\" class=\"ff-og-image-inserted\"><\/div>\n<div class=\"prose\">\n<p>Un homme dans la cinquantaine est d\u00e9c\u00e9d\u00e9 \u00e0 la suite d\u2019un accident de travail survenu le jeudi 5 d\u00e9cembre vers 10 h 30 sur le chantier de la ligne d\u2019interconnexion Appalaches-Maine. L\u2019\u00e9v\u00e9nement malheureux s\u2019est produit dans un bois\u00e9 \u00e9loign\u00e9 situ\u00e9 sur le territoire de la municipalit\u00e9 de Sainte-Prax\u00e8de.<\/p>\n<p>La victime travaillait pour un sous-traitant d\u2019Hydro-Qu\u00e9bec lorsqu\u2019elle aurait \u00e9t\u00e9 frapp\u00e9e par une poulie de d\u00e9roulage qui est tomb\u00e9e d\u2019un pyl\u00f4ne.<\/p>\n<p>\u00ab&nbsp;Le d\u00e9c\u00e8s de l\u2019homme a \u00e9t\u00e9 constat\u00e9 sur place. L\u2019enqu\u00eate se poursuit. \u00c0 premi\u00e8re vue, il n\u2019y aurait pas d\u2019\u00e9l\u00e9ment criminel&nbsp;\u00bb, a indiqu\u00e9 la porte-parole de la S\u00fbret\u00e9 du Qu\u00e9bec (SQ), Laurie Avoine.&nbsp;<\/p>\n<p>En plus des enqu\u00eateurs de la SQ, deux inspecteurs de la Commission des normes, de l\u2019\u00e9quit\u00e9, de la sant\u00e9 et de la s\u00e9curit\u00e9 du travail (CNESST) ont \u00e9t\u00e9 d\u00e9p\u00each\u00e9s sur les lieux pour tenter de comprendre ce qui s\u2019est pass\u00e9.<\/p>\n<h3>R\u00e9action d\u2019Hydro-Qu\u00e9bec<\/h3>\n<p>Hydro-Qu\u00e9bec a r\u00e9agi au d\u00e9c\u00e8s ayant eu lieu sur son chantier de la ligne Appalaches-Maine \u00e0 Sainte-Prax\u00e8de. \u00ab&nbsp;Il s\u2019agit d\u2019un \u00e9v\u00e9nement extr\u00eamement triste et infiniment regrettable. Nos pens\u00e9es accompagnent les proches de ce travailleur et nous leur offrons nos plus sinc\u00e8res sympathies&nbsp;\u00bb, a soutenu Lynn St-Laurent, conseill\u00e8re principale et porte-parole pour la soci\u00e9t\u00e9 d\u2019\u00c9tat.<\/p>\n<p>Cette derni\u00e8re a confirm\u00e9 que le travailleur \u00e9tait un employ\u00e9 d\u2019un entrepreneur externe et qu\u2019il a \u00e9t\u00e9 heurt\u00e9 par une pi\u00e8ce d\u2019\u00e9quipement qui est tomb\u00e9e d\u2019un pyl\u00f4ne.<\/p>\n<p>\u00ab&nbsp;Nous allons collaborer pleinement \u00e0 l\u2019enqu\u00eate de la CNESST et \u00e0 toute autre demande des autorit\u00e9s. \u00c0 Hydro-Qu\u00e9bec, la sant\u00e9 et la s\u00e9curit\u00e9 est une priorit\u00e9. Des mesures de soutien sont d\u00e9ploy\u00e9es au sein des \u00e9quipes locales, comme notre programme d\u2019aide aux employ\u00e9s&nbsp;\u00bb, a-t-elle indiqu\u00e9.<\/p>\n<p><b>Avec la collaboration de Claudia Fortier<\/b><\/p>\n<\/p><\/div>\n<p> accidentdutravail-idf.net vous a pr\u00e9par\u00e9 ce post qui informe du sujet \u00ab\u00a0Association Sportive Huisson-Longueville Essonne\u00a0\u00bb. La chronique se veut g\u00e9n\u00e9r\u00e9e du mieux possible. Vous pouvez utiliser les coordonn\u00e9es indiqu\u00e9es sur le site dans le but d\u2019apporter des explications sur ce post qui parle du th\u00e8me \u00ab\u00a0Association Sportive Huisson-Longueville Essonne\u00a0\u00bb. Le site accidentdutravail-idf.net a pour but de fournir diverses publications sur la th\u00e9matique Association Sportive Huisson-Longueville Essonne diffus\u00e9es sur le net. Il y aura plusieurs articles autour du sujet \u00ab\u00a0Association Sportive Huisson-Longueville Essonne\u00a0\u00bb dans quelques jours, nous vous invitons \u00e0 naviguer sur notre site web \u00e0 plusieurs reprises.<\/p>\n","protected":false},"excerpt":{"rendered":"<p>Un homme dans la cinquantaine est d\u00e9c\u00e9d\u00e9 \u00e0 la suite d\u2019un accident de travail survenu le jeudi 5 d\u00e9cembre vers 10 h 30 sur le chantier de la ligne d\u2019interconnexion Appalaches-Maine. L\u2019\u00e9v\u00e9nement malheureux s\u2019est produit dans un bois\u00e9 \u00e9loign\u00e9 situ\u00e9 sur le territoire de la municipalit\u00e9 de Sainte-Prax\u00e8de. La victime travaillait pour un sous-traitant d\u2019Hydro-Qu\u00e9bec &hellip; <\/p>\n<p class=\"link-more\"><a href=\"https:\/\/www.accidentdutravail-idf.net\/blog\/accident-de-travail-mortel-sur-le-chantier-de-la-ligne-appalaches-maine-a-sainte-praxede\/\" class=\"more-link\">Continuer la lecture <span class=\"screen-reader-text\"> \u00ab\u00a0Accident de travail mortel sur le chantier de la ligne Appalaches-Maine \u00e0 Sainte-Prax\u00e8de\u00a0\u00bb<\/span><\/a><\/p>\n","protected":false},"author":2,"featured_media":0,"comment_status":"closed","ping_status":"closed","sticky":false,"template":"","format":"standard","meta":{"footnotes":""},"categories":[5],"tags":[],"class_list":["post-1070","post","type-post","status-publish","format-standard","hentry","category-securite-du-travail-en-ile-de-france-et-divers","entry"],"yoast_head":"<!-- This site is optimized with the Yoast SEO plugin v27.5 - https:\/\/yoast.com\/product\/yoast-seo-wordpress\/ -->\n<title>Accident de travail mortel sur le chantier de la ligne Appalaches-Maine \u00e0 Sainte-Prax\u00e8de - ACCIDENTDUTRAVAIL-IDF<\/title>\n<meta name=\"description\" content=\"Accident de travail mortel sur le chantier de la ligne Appalaches-Maine \u00e0 Sainte-Prax\u00e8de article de ACCIDENTDUTRAVAIL-IDF\" \/>\n<meta name=\"robots\" content=\"index, follow, max-snippet:-1, max-image-preview:large, max-video-preview:-1\" \/>\n<link rel=\"canonical\" href=\"https:\/\/www.accidentdutravail-idf.net\/blog\/accident-de-travail-mortel-sur-le-chantier-de-la-ligne-appalaches-maine-a-sainte-praxede\/\" \/>\n<meta property=\"og:locale\" content=\"fr_FR\" \/>\n<meta property=\"og:type\" content=\"article\" \/>\n<meta property=\"og:title\" content=\"Accident de travail mortel sur le chantier de la ligne Appalaches-Maine \u00e0 Sainte-Prax\u00e8de - ACCIDENTDUTRAVAIL-IDF\" \/>\n<meta property=\"og:description\" content=\"Accident de travail mortel sur le chantier de la ligne Appalaches-Maine \u00e0 Sainte-Prax\u00e8de article de ACCIDENTDUTRAVAIL-IDF\" \/>\n<meta property=\"og:url\" content=\"https:\/\/www.accidentdutravail-idf.net\/blog\/accident-de-travail-mortel-sur-le-chantier-de-la-ligne-appalaches-maine-a-sainte-praxede\/\" \/>\n<meta property=\"og:site_name\" content=\"ACCIDENTDUTRAVAIL-IDF\" \/>\n<meta property=\"article:published_time\" content=\"2024-12-08T11:15:00+00:00\" \/>\n<meta property=\"og:image\" content=\"https:\/\/www.accidentdutravail-idf.net\/blog\/wp-content\/uploads\/2024\/12\/accident-de-travail-mortel-sur-le-chantier-de-la-ligne-appalaches-maine-a-sainte-praxede.jpg\" \/>\n<meta name=\"author\" content=\"Carlos Poulain\" \/>\n<meta name=\"twitter:card\" content=\"summary_large_image\" \/>\n<meta name=\"twitter:label1\" content=\"\u00c9crit par\" \/>\n\t<meta name=\"twitter:data1\" content=\"Carlos Poulain\" \/>\n\t<meta name=\"twitter:label2\" content=\"Dur\u00e9e de lecture estim\u00e9e\" \/>\n\t<meta name=\"twitter:data2\" content=\"2 minutes\" \/>\n<script type=\"application\/ld+json\" class=\"yoast-schema-graph\">{\"@context\":\"https:\\\/\\\/schema.org\",\"@graph\":[{\"@type\":\"Article\",\"@id\":\"https:\\\/\\\/www.accidentdutravail-idf.net\\\/blog\\\/accident-de-travail-mortel-sur-le-chantier-de-la-ligne-appalaches-maine-a-sainte-praxede\\\/#article\",\"isPartOf\":{\"@id\":\"https:\\\/\\\/www.accidentdutravail-idf.net\\\/blog\\\/accident-de-travail-mortel-sur-le-chantier-de-la-ligne-appalaches-maine-a-sainte-praxede\\\/\"},\"author\":{\"name\":\"Carlos Poulain\",\"@id\":\"https:\\\/\\\/www.accidentdutravail-idf.net\\\/blog\\\/#\\\/schema\\\/person\\\/3255d2f970de45e64bd9201f38e7b947\"},\"headline\":\"Accident de travail mortel sur le chantier de la ligne Appalaches-Maine \u00e0 Sainte-Prax\u00e8de\",\"datePublished\":\"2024-12-08T11:15:00+00:00\",\"mainEntityOfPage\":{\"@id\":\"https:\\\/\\\/www.accidentdutravail-idf.net\\\/blog\\\/accident-de-travail-mortel-sur-le-chantier-de-la-ligne-appalaches-maine-a-sainte-praxede\\\/\"},\"wordCount\":462,\"publisher\":{\"@id\":\"https:\\\/\\\/www.accidentdutravail-idf.net\\\/blog\\\/#organization\"},\"image\":{\"@id\":\"https:\\\/\\\/www.accidentdutravail-idf.net\\\/blog\\\/accident-de-travail-mortel-sur-le-chantier-de-la-ligne-appalaches-maine-a-sainte-praxede\\\/#primaryimage\"},\"thumbnailUrl\":\"https:\\\/\\\/www.accidentdutravail-idf.net\\\/blog\\\/wp-content\\\/uploads\\\/2024\\\/12\\\/accident-de-travail-mortel-sur-le-chantier-de-la-ligne-appalaches-maine-a-sainte-praxede.jpg\",\"articleSection\":[\"S\u00e9curit\u00e9 Du Travail En Ile-De-France Et Divers:\"],\"inLanguage\":\"fr-FR\"},{\"@type\":\"WebPage\",\"@id\":\"https:\\\/\\\/www.accidentdutravail-idf.net\\\/blog\\\/accident-de-travail-mortel-sur-le-chantier-de-la-ligne-appalaches-maine-a-sainte-praxede\\\/\",\"url\":\"https:\\\/\\\/www.accidentdutravail-idf.net\\\/blog\\\/accident-de-travail-mortel-sur-le-chantier-de-la-ligne-appalaches-maine-a-sainte-praxede\\\/\",\"name\":\"Accident de travail mortel sur le chantier de la ligne Appalaches-Maine \u00e0 Sainte-Prax\u00e8de - ACCIDENTDUTRAVAIL-IDF\",\"isPartOf\":{\"@id\":\"https:\\\/\\\/www.accidentdutravail-idf.net\\\/blog\\\/#website\"},\"primaryImageOfPage\":{\"@id\":\"https:\\\/\\\/www.accidentdutravail-idf.net\\\/blog\\\/accident-de-travail-mortel-sur-le-chantier-de-la-ligne-appalaches-maine-a-sainte-praxede\\\/#primaryimage\"},\"image\":{\"@id\":\"https:\\\/\\\/www.accidentdutravail-idf.net\\\/blog\\\/accident-de-travail-mortel-sur-le-chantier-de-la-ligne-appalaches-maine-a-sainte-praxede\\\/#primaryimage\"},\"thumbnailUrl\":\"https:\\\/\\\/www.accidentdutravail-idf.net\\\/blog\\\/wp-content\\\/uploads\\\/2024\\\/12\\\/accident-de-travail-mortel-sur-le-chantier-de-la-ligne-appalaches-maine-a-sainte-praxede.jpg\",\"datePublished\":\"2024-12-08T11:15:00+00:00\",\"description\":\"Accident de travail mortel sur le chantier de la ligne Appalaches-Maine \u00e0 Sainte-Prax\u00e8de article de ACCIDENTDUTRAVAIL-IDF\",\"breadcrumb\":{\"@id\":\"https:\\\/\\\/www.accidentdutravail-idf.net\\\/blog\\\/accident-de-travail-mortel-sur-le-chantier-de-la-ligne-appalaches-maine-a-sainte-praxede\\\/#breadcrumb\"},\"inLanguage\":\"fr-FR\",\"potentialAction\":[{\"@type\":\"ReadAction\",\"target\":[\"https:\\\/\\\/www.accidentdutravail-idf.net\\\/blog\\\/accident-de-travail-mortel-sur-le-chantier-de-la-ligne-appalaches-maine-a-sainte-praxede\\\/\"]}]},{\"@type\":\"ImageObject\",\"inLanguage\":\"fr-FR\",\"@id\":\"https:\\\/\\\/www.accidentdutravail-idf.net\\\/blog\\\/accident-de-travail-mortel-sur-le-chantier-de-la-ligne-appalaches-maine-a-sainte-praxede\\\/#primaryimage\",\"url\":\"https:\\\/\\\/www.accidentdutravail-idf.net\\\/blog\\\/wp-content\\\/uploads\\\/2024\\\/12\\\/accident-de-travail-mortel-sur-le-chantier-de-la-ligne-appalaches-maine-a-sainte-praxede.jpg\",\"contentUrl\":\"https:\\\/\\\/www.accidentdutravail-idf.net\\\/blog\\\/wp-content\\\/uploads\\\/2024\\\/12\\\/accident-de-travail-mortel-sur-le-chantier-de-la-ligne-appalaches-maine-a-sainte-praxede.jpg\"},{\"@type\":\"BreadcrumbList\",\"@id\":\"https:\\\/\\\/www.accidentdutravail-idf.net\\\/blog\\\/accident-de-travail-mortel-sur-le-chantier-de-la-ligne-appalaches-maine-a-sainte-praxede\\\/#breadcrumb\",\"itemListElement\":[{\"@type\":\"ListItem\",\"position\":1,\"name\":\"Accueil\",\"item\":\"https:\\\/\\\/www.accidentdutravail-idf.net\\\/blog\\\/\"},{\"@type\":\"ListItem\",\"position\":2,\"name\":\"Accident de travail mortel sur le chantier de la ligne Appalaches-Maine \u00e0 Sainte-Prax\u00e8de\"}]},{\"@type\":\"WebSite\",\"@id\":\"https:\\\/\\\/www.accidentdutravail-idf.net\\\/blog\\\/#website\",\"url\":\"https:\\\/\\\/www.accidentdutravail-idf.net\\\/blog\\\/\",\"name\":\"ACCIDENTDUTRAVAIL-IDF\",\"description\":\"Portail accidents du travail-maladies professionnelles des entreprises d&#039;Ile-de-France\",\"publisher\":{\"@id\":\"https:\\\/\\\/www.accidentdutravail-idf.net\\\/blog\\\/#organization\"},\"potentialAction\":[{\"@type\":\"SearchAction\",\"target\":{\"@type\":\"EntryPoint\",\"urlTemplate\":\"https:\\\/\\\/www.accidentdutravail-idf.net\\\/blog\\\/?s={search_term_string}\"},\"query-input\":{\"@type\":\"PropertyValueSpecification\",\"valueRequired\":true,\"valueName\":\"search_term_string\"}}],\"inLanguage\":\"fr-FR\"},{\"@type\":\"Organization\",\"@id\":\"https:\\\/\\\/www.accidentdutravail-idf.net\\\/blog\\\/#organization\",\"name\":\"accidentdutravail-idf\",\"url\":\"https:\\\/\\\/www.accidentdutravail-idf.net\\\/blog\\\/\",\"logo\":{\"@type\":\"ImageObject\",\"inLanguage\":\"fr-FR\",\"@id\":\"https:\\\/\\\/www.accidentdutravail-idf.net\\\/blog\\\/#\\\/schema\\\/logo\\\/image\\\/\",\"url\":\"https:\\\/\\\/www.accidentdutravail-idf.net\\\/blog\\\/wp-content\\\/uploads\\\/2022\\\/09\\\/logo-2.png\",\"contentUrl\":\"https:\\\/\\\/www.accidentdutravail-idf.net\\\/blog\\\/wp-content\\\/uploads\\\/2022\\\/09\\\/logo-2.png\",\"width\":380,\"height\":291,\"caption\":\"accidentdutravail-idf\"},\"image\":{\"@id\":\"https:\\\/\\\/www.accidentdutravail-idf.net\\\/blog\\\/#\\\/schema\\\/logo\\\/image\\\/\"}},{\"@type\":\"Person\",\"@id\":\"https:\\\/\\\/www.accidentdutravail-idf.net\\\/blog\\\/#\\\/schema\\\/person\\\/3255d2f970de45e64bd9201f38e7b947\",\"name\":\"Carlos Poulain\",\"image\":{\"@type\":\"ImageObject\",\"inLanguage\":\"fr-FR\",\"@id\":\"https:\\\/\\\/secure.gravatar.com\\\/avatar\\\/b1c2f9d3588e34e91adb093635df64ef4b2381991216be7576466cfcdca4baf3?s=96&d=mm&r=g\",\"url\":\"https:\\\/\\\/secure.gravatar.com\\\/avatar\\\/b1c2f9d3588e34e91adb093635df64ef4b2381991216be7576466cfcdca4baf3?s=96&d=mm&r=g\",\"contentUrl\":\"https:\\\/\\\/secure.gravatar.com\\\/avatar\\\/b1c2f9d3588e34e91adb093635df64ef4b2381991216be7576466cfcdca4baf3?s=96&d=mm&r=g\",\"caption\":\"Carlos Poulain\"},\"url\":\"https:\\\/\\\/www.accidentdutravail-idf.net\\\/blog\\\/author\\\/idfcarlos\\\/\"}]}<\/script>\n<!-- \/ Yoast SEO plugin. -->","yoast_head_json":{"title":"Accident de travail mortel sur le chantier de la ligne Appalaches-Maine \u00e0 Sainte-Prax\u00e8de - ACCIDENTDUTRAVAIL-IDF","description":"Accident de travail mortel sur le chantier de la ligne Appalaches-Maine \u00e0 Sainte-Prax\u00e8de article de ACCIDENTDUTRAVAIL-IDF","robots":{"index":"index","follow":"follow","max-snippet":"max-snippet:-1","max-image-preview":"max-image-preview:large","max-video-preview":"max-video-preview:-1"},"canonical":"https:\/\/www.accidentdutravail-idf.net\/blog\/accident-de-travail-mortel-sur-le-chantier-de-la-ligne-appalaches-maine-a-sainte-praxede\/","og_locale":"fr_FR","og_type":"article","og_title":"Accident de travail mortel sur le chantier de la ligne Appalaches-Maine \u00e0 Sainte-Prax\u00e8de - ACCIDENTDUTRAVAIL-IDF","og_description":"Accident de travail mortel sur le chantier de la ligne Appalaches-Maine \u00e0 Sainte-Prax\u00e8de article de ACCIDENTDUTRAVAIL-IDF","og_url":"https:\/\/www.accidentdutravail-idf.net\/blog\/accident-de-travail-mortel-sur-le-chantier-de-la-ligne-appalaches-maine-a-sainte-praxede\/","og_site_name":"ACCIDENTDUTRAVAIL-IDF","article_published_time":"2024-12-08T11:15:00+00:00","og_image":[{"url":"https:\/\/www.accidentdutravail-idf.net\/blog\/wp-content\/uploads\/2024\/12\/accident-de-travail-mortel-sur-le-chantier-de-la-ligne-appalaches-maine-a-sainte-praxede.jpg","type":"","width":"","height":""}],"author":"Carlos Poulain","twitter_card":"summary_large_image","twitter_misc":{"\u00c9crit par":"Carlos Poulain","Dur\u00e9e de lecture estim\u00e9e":"2 minutes"},"schema":{"@context":"https:\/\/schema.org","@graph":[{"@type":"Article","@id":"https:\/\/www.accidentdutravail-idf.net\/blog\/accident-de-travail-mortel-sur-le-chantier-de-la-ligne-appalaches-maine-a-sainte-praxede\/#article","isPartOf":{"@id":"https:\/\/www.accidentdutravail-idf.net\/blog\/accident-de-travail-mortel-sur-le-chantier-de-la-ligne-appalaches-maine-a-sainte-praxede\/"},"author":{"name":"Carlos Poulain","@id":"https:\/\/www.accidentdutravail-idf.net\/blog\/#\/schema\/person\/3255d2f970de45e64bd9201f38e7b947"},"headline":"Accident de travail mortel sur le chantier de la ligne Appalaches-Maine \u00e0 Sainte-Prax\u00e8de","datePublished":"2024-12-08T11:15:00+00:00","mainEntityOfPage":{"@id":"https:\/\/www.accidentdutravail-idf.net\/blog\/accident-de-travail-mortel-sur-le-chantier-de-la-ligne-appalaches-maine-a-sainte-praxede\/"},"wordCount":462,"publisher":{"@id":"https:\/\/www.accidentdutravail-idf.net\/blog\/#organization"},"image":{"@id":"https:\/\/www.accidentdutravail-idf.net\/blog\/accident-de-travail-mortel-sur-le-chantier-de-la-ligne-appalaches-maine-a-sainte-praxede\/#primaryimage"},"thumbnailUrl":"https:\/\/www.accidentdutravail-idf.net\/blog\/wp-content\/uploads\/2024\/12\/accident-de-travail-mortel-sur-le-chantier-de-la-ligne-appalaches-maine-a-sainte-praxede.jpg","articleSection":["S\u00e9curit\u00e9 Du Travail En Ile-De-France Et Divers:"],"inLanguage":"fr-FR"},{"@type":"WebPage","@id":"https:\/\/www.accidentdutravail-idf.net\/blog\/accident-de-travail-mortel-sur-le-chantier-de-la-ligne-appalaches-maine-a-sainte-praxede\/","url":"https:\/\/www.accidentdutravail-idf.net\/blog\/accident-de-travail-mortel-sur-le-chantier-de-la-ligne-appalaches-maine-a-sainte-praxede\/","name":"Accident de travail mortel sur le chantier de la ligne Appalaches-Maine \u00e0 Sainte-Prax\u00e8de - ACCIDENTDUTRAVAIL-IDF","isPartOf":{"@id":"https:\/\/www.accidentdutravail-idf.net\/blog\/#website"},"primaryImageOfPage":{"@id":"https:\/\/www.accidentdutravail-idf.net\/blog\/accident-de-travail-mortel-sur-le-chantier-de-la-ligne-appalaches-maine-a-sainte-praxede\/#primaryimage"},"image":{"@id":"https:\/\/www.accidentdutravail-idf.net\/blog\/accident-de-travail-mortel-sur-le-chantier-de-la-ligne-appalaches-maine-a-sainte-praxede\/#primaryimage"},"thumbnailUrl":"https:\/\/www.accidentdutravail-idf.net\/blog\/wp-content\/uploads\/2024\/12\/accident-de-travail-mortel-sur-le-chantier-de-la-ligne-appalaches-maine-a-sainte-praxede.jpg","datePublished":"2024-12-08T11:15:00+00:00","description":"Accident de travail mortel sur le chantier de la ligne Appalaches-Maine \u00e0 Sainte-Prax\u00e8de article de ACCIDENTDUTRAVAIL-IDF","breadcrumb":{"@id":"https:\/\/www.accidentdutravail-idf.net\/blog\/accident-de-travail-mortel-sur-le-chantier-de-la-ligne-appalaches-maine-a-sainte-praxede\/#breadcrumb"},"inLanguage":"fr-FR","potentialAction":[{"@type":"ReadAction","target":["https:\/\/www.accidentdutravail-idf.net\/blog\/accident-de-travail-mortel-sur-le-chantier-de-la-ligne-appalaches-maine-a-sainte-praxede\/"]}]},{"@type":"ImageObject","inLanguage":"fr-FR","@id":"https:\/\/www.accidentdutravail-idf.net\/blog\/accident-de-travail-mortel-sur-le-chantier-de-la-ligne-appalaches-maine-a-sainte-praxede\/#primaryimage","url":"https:\/\/www.accidentdutravail-idf.net\/blog\/wp-content\/uploads\/2024\/12\/accident-de-travail-mortel-sur-le-chantier-de-la-ligne-appalaches-maine-a-sainte-praxede.jpg","contentUrl":"https:\/\/www.accidentdutravail-idf.net\/blog\/wp-content\/uploads\/2024\/12\/accident-de-travail-mortel-sur-le-chantier-de-la-ligne-appalaches-maine-a-sainte-praxede.jpg"},{"@type":"BreadcrumbList","@id":"https:\/\/www.accidentdutravail-idf.net\/blog\/accident-de-travail-mortel-sur-le-chantier-de-la-ligne-appalaches-maine-a-sainte-praxede\/#breadcrumb","itemListElement":[{"@type":"ListItem","position":1,"name":"Accueil","item":"https:\/\/www.accidentdutravail-idf.net\/blog\/"},{"@type":"ListItem","position":2,"name":"Accident de travail mortel sur le chantier de la ligne Appalaches-Maine \u00e0 Sainte-Prax\u00e8de"}]},{"@type":"WebSite","@id":"https:\/\/www.accidentdutravail-idf.net\/blog\/#website","url":"https:\/\/www.accidentdutravail-idf.net\/blog\/","name":"ACCIDENTDUTRAVAIL-IDF","description":"Portail accidents du travail-maladies professionnelles des entreprises d&#039;Ile-de-France","publisher":{"@id":"https:\/\/www.accidentdutravail-idf.net\/blog\/#organization"},"potentialAction":[{"@type":"SearchAction","target":{"@type":"EntryPoint","urlTemplate":"https:\/\/www.accidentdutravail-idf.net\/blog\/?s={search_term_string}"},"query-input":{"@type":"PropertyValueSpecification","valueRequired":true,"valueName":"search_term_string"}}],"inLanguage":"fr-FR"},{"@type":"Organization","@id":"https:\/\/www.accidentdutravail-idf.net\/blog\/#organization","name":"accidentdutravail-idf","url":"https:\/\/www.accidentdutravail-idf.net\/blog\/","logo":{"@type":"ImageObject","inLanguage":"fr-FR","@id":"https:\/\/www.accidentdutravail-idf.net\/blog\/#\/schema\/logo\/image\/","url":"https:\/\/www.accidentdutravail-idf.net\/blog\/wp-content\/uploads\/2022\/09\/logo-2.png","contentUrl":"https:\/\/www.accidentdutravail-idf.net\/blog\/wp-content\/uploads\/2022\/09\/logo-2.png","width":380,"height":291,"caption":"accidentdutravail-idf"},"image":{"@id":"https:\/\/www.accidentdutravail-idf.net\/blog\/#\/schema\/logo\/image\/"}},{"@type":"Person","@id":"https:\/\/www.accidentdutravail-idf.net\/blog\/#\/schema\/person\/3255d2f970de45e64bd9201f38e7b947","name":"Carlos Poulain","image":{"@type":"ImageObject","inLanguage":"fr-FR","@id":"https:\/\/secure.gravatar.com\/avatar\/b1c2f9d3588e34e91adb093635df64ef4b2381991216be7576466cfcdca4baf3?s=96&d=mm&r=g","url":"https:\/\/secure.gravatar.com\/avatar\/b1c2f9d3588e34e91adb093635df64ef4b2381991216be7576466cfcdca4baf3?s=96&d=mm&r=g","contentUrl":"https:\/\/secure.gravatar.com\/avatar\/b1c2f9d3588e34e91adb093635df64ef4b2381991216be7576466cfcdca4baf3?s=96&d=mm&r=g","caption":"Carlos Poulain"},"url":"https:\/\/www.accidentdutravail-idf.net\/blog\/author\/idfcarlos\/"}]}},"_links":{"self":[{"href":"https:\/\/www.accidentdutravail-idf.net\/blog\/wp-json\/wp\/v2\/posts\/1070","targetHints":{"allow":["GET"]}}],"collection":[{"href":"https:\/\/www.accidentdutravail-idf.net\/blog\/wp-json\/wp\/v2\/posts"}],"about":[{"href":"https:\/\/www.accidentdutravail-idf.net\/blog\/wp-json\/wp\/v2\/types\/post"}],"author":[{"embeddable":true,"href":"https:\/\/www.accidentdutravail-idf.net\/blog\/wp-json\/wp\/v2\/users\/2"}],"replies":[{"embeddable":true,"href":"https:\/\/www.accidentdutravail-idf.net\/blog\/wp-json\/wp\/v2\/comments?post=1070"}],"version-history":[{"count":0,"href":"https:\/\/www.accidentdutravail-idf.net\/blog\/wp-json\/wp\/v2\/posts\/1070\/revisions"}],"wp:attachment":[{"href":"https:\/\/www.accidentdutravail-idf.net\/blog\/wp-json\/wp\/v2\/media?parent=1070"}],"wp:term":[{"taxonomy":"category","embeddable":true,"href":"https:\/\/www.accidentdutravail-idf.net\/blog\/wp-json\/wp\/v2\/categories?post=1070"},{"taxonomy":"post_tag","embeddable":true,"href":"https:\/\/www.accidentdutravail-idf.net\/blog\/wp-json\/wp\/v2\/tags?post=1070"}],"curies":[{"name":"wp","href":"https:\/\/api.w.org\/{rel}","templated":true}]}}