{"id":1062,"date":"2024-12-06T06:08:00","date_gmt":"2024-12-06T05:08:00","guid":{"rendered":"https:\/\/www.accidentdutravail-idf.net\/blog\/le-port-le-bras-dune-employee-happe-par-une-machine-a-fabriquer-les-pates-sa-patronne-condamnee\/"},"modified":"2024-12-06T06:08:00","modified_gmt":"2024-12-06T05:08:00","slug":"le-port-le-bras-dune-employee-happe-par-une-machine-a-fabriquer-les-pates-sa-patronne-condamnee","status":"publish","type":"post","link":"https:\/\/www.accidentdutravail-idf.net\/blog\/le-port-le-bras-dune-employee-happe-par-une-machine-a-fabriquer-les-pates-sa-patronne-condamnee\/","title":{"rendered":"Le Port : le bras d\u2019une employ\u00e9e happ\u00e9 par une machine \u00e0 fabriquer les p\u00e2tes, sa patronne condamn\u00e9e"},"content":{"rendered":"<div><img decoding=\"async\" src=\"https:\/\/www.accidentdutravail-idf.net\/blog\/wp-content\/uploads\/2024\/12\/le-port-le-bras-dune-employee-happe-par-une-machine-a-fabriquer-les-pates-sa-patronne-condamnee.jpg\" class=\"ff-og-image-inserted\"><\/div>\n<div id>\n<p>En mars 2022, une employ\u00e9e d\u2019un restaurant de p\u00e2te au Port a \u00e9t\u00e9 victime d\u2019un accident du travail lorsqu\u2019elle a mis sa main dans un machine \u00e0 p\u00e2tes. Elle a d\u00fb \u00eatre amput\u00e9e du bras.&nbsp;Sa patronne et l\u2019entreprise de celle-ci ont \u00e9t\u00e9 condamn\u00e9es par le tribunal de Champ Fleuri ce vendredi 6 d\u00e9cembre 2024.<\/p>\n<\/p><\/div>\n<div>\n<p>La g\u00e9rante du restaurant est condamn\u00e9e \u00e0 10 mois de prison avec sursis, 5 000 euros d\u2019amende et 3 ans d\u2019interdiction de g\u00e9rer une entreprise. La soci\u00e9t\u00e9 est condamn\u00e9e \u00e0 une amende de 10 000 euros. La soci\u00e9t\u00e9 et la g\u00e9rante devront payer conjointement 1500 euros de dommages et int\u00e9r\u00eats \u00e0 leur ancienne employ\u00e9e.<\/p>\n<p>Cette employ\u00e9e \u00e9tait charg\u00e9e de fabriquer des p\u00e2tes pour le restaurant. Le 24 mars 2022, au Port, elle a \u00e9t\u00e9 victime d\u2019un accident du travail lorsqu\u2019elle a mis sa main dans la machine \u00e0 p\u00e2tes. Le syst\u00e8me de blocage ne s\u2019est pas enclench\u00e9 lorsqu\u2019elle a ouvert le capot, son bras a \u00e9t\u00e9 broy\u00e9. Sa patronne avait r\u00e9cemment remis en service cette machine, mise au rebut par l\u2019ancien propri\u00e9taire du restaurant, apr\u00e8s avoir chang\u00e9 elle-m\u00eame le capot. Elle avait \u00e9galement dispens\u00e9 une formation insuffisante sur l\u2019utilisation de l\u2019engin.<\/p>\n<p>P. K.&nbsp;<\/p>\n<\/p><\/div>\n<p>accidentdutravail-idf.net vous a pr\u00e9par\u00e9 ce post qui informe du sujet \u00ab\u00a0Association Sportive Huisson-Longueville Essonne\u00a0\u00bb. La chronique se veut g\u00e9n\u00e9r\u00e9e du mieux possible. Vous pouvez utiliser les coordonn\u00e9es indiqu\u00e9es sur le site dans le but d\u2019apporter des explications sur ce post qui parle du th\u00e8me \u00ab\u00a0Association Sportive Huisson-Longueville Essonne\u00a0\u00bb. Le site accidentdutravail-idf.net a pour but de fournir diverses publications sur la th\u00e9matique Association Sportive Huisson-Longueville Essonne diffus\u00e9es sur le net. Il y aura plusieurs articles autour du sujet \u00ab\u00a0Association Sportive Huisson-Longueville Essonne\u00a0\u00bb dans quelques jours, nous vous invitons \u00e0 naviguer sur notre site web \u00e0 plusieurs reprises.<\/p>\n","protected":false},"excerpt":{"rendered":"<p>En mars 2022, une employ\u00e9e d\u2019un restaurant de p\u00e2te au Port a \u00e9t\u00e9 victime d\u2019un accident du travail lorsqu\u2019elle a mis sa main dans un machine \u00e0 p\u00e2tes. Elle a d\u00fb \u00eatre amput\u00e9e du bras.&nbsp;Sa patronne et l\u2019entreprise de celle-ci ont \u00e9t\u00e9 condamn\u00e9es par le tribunal de Champ Fleuri ce vendredi 6 d\u00e9cembre 2024. La &hellip; <\/p>\n<p class=\"link-more\"><a href=\"https:\/\/www.accidentdutravail-idf.net\/blog\/le-port-le-bras-dune-employee-happe-par-une-machine-a-fabriquer-les-pates-sa-patronne-condamnee\/\" class=\"more-link\">Continuer la lecture <span class=\"screen-reader-text\"> \u00ab\u00a0Le Port : le bras d\u2019une employ\u00e9e happ\u00e9 par une machine \u00e0 fabriquer les p\u00e2tes, sa patronne condamn\u00e9e\u00a0\u00bb<\/span><\/a><\/p>\n","protected":false},"author":2,"featured_media":0,"comment_status":"closed","ping_status":"closed","sticky":false,"template":"","format":"standard","meta":{"footnotes":""},"categories":[5],"tags":[],"class_list":["post-1062","post","type-post","status-publish","format-standard","hentry","category-securite-du-travail-en-ile-de-france-et-divers","entry"],"yoast_head":"<!-- This site is optimized with the Yoast SEO plugin v27.5 - https:\/\/yoast.com\/product\/yoast-seo-wordpress\/ -->\n<title>Le Port : le bras d\u2019une employ\u00e9e happ\u00e9 par une machine \u00e0 fabriquer les p\u00e2tes, sa patronne condamn\u00e9e - ACCIDENTDUTRAVAIL-IDF<\/title>\n<meta name=\"description\" content=\"Le Port : le bras d\u2019une employ\u00e9e happ\u00e9 par une machine \u00e0 fabriquer les p\u00e2tes, sa patronne condamn\u00e9e article de ACCIDENTDUTRAVAIL-IDF\" \/>\n<meta name=\"robots\" content=\"index, follow, max-snippet:-1, max-image-preview:large, max-video-preview:-1\" \/>\n<link rel=\"canonical\" href=\"https:\/\/www.accidentdutravail-idf.net\/blog\/le-port-le-bras-dune-employee-happe-par-une-machine-a-fabriquer-les-pates-sa-patronne-condamnee\/\" \/>\n<meta property=\"og:locale\" content=\"fr_FR\" \/>\n<meta property=\"og:type\" content=\"article\" \/>\n<meta property=\"og:title\" content=\"Le Port : le bras d\u2019une employ\u00e9e happ\u00e9 par une machine \u00e0 fabriquer les p\u00e2tes, sa patronne condamn\u00e9e - ACCIDENTDUTRAVAIL-IDF\" \/>\n<meta property=\"og:description\" content=\"Le Port : le bras d\u2019une employ\u00e9e happ\u00e9 par une machine \u00e0 fabriquer les p\u00e2tes, sa patronne condamn\u00e9e article de ACCIDENTDUTRAVAIL-IDF\" \/>\n<meta property=\"og:url\" content=\"https:\/\/www.accidentdutravail-idf.net\/blog\/le-port-le-bras-dune-employee-happe-par-une-machine-a-fabriquer-les-pates-sa-patronne-condamnee\/\" \/>\n<meta property=\"og:site_name\" content=\"ACCIDENTDUTRAVAIL-IDF\" \/>\n<meta property=\"article:published_time\" content=\"2024-12-06T05:08:00+00:00\" \/>\n<meta property=\"og:image\" content=\"https:\/\/www.accidentdutravail-idf.net\/blog\/wp-content\/uploads\/2024\/12\/le-port-le-bras-dune-employee-happe-par-une-machine-a-fabriquer-les-pates-sa-patronne-condamnee.jpg\" \/>\n<meta name=\"author\" content=\"Carlos Poulain\" \/>\n<meta name=\"twitter:card\" content=\"summary_large_image\" \/>\n<meta name=\"twitter:label1\" content=\"\u00c9crit par\" \/>\n\t<meta name=\"twitter:data1\" content=\"Carlos Poulain\" \/>\n\t<meta name=\"twitter:label2\" content=\"Dur\u00e9e de lecture estim\u00e9e\" \/>\n\t<meta name=\"twitter:data2\" content=\"2 minutes\" \/>\n<script type=\"application\/ld+json\" class=\"yoast-schema-graph\">{\"@context\":\"https:\\\/\\\/schema.org\",\"@graph\":[{\"@type\":\"Article\",\"@id\":\"https:\\\/\\\/www.accidentdutravail-idf.net\\\/blog\\\/le-port-le-bras-dune-employee-happe-par-une-machine-a-fabriquer-les-pates-sa-patronne-condamnee\\\/#article\",\"isPartOf\":{\"@id\":\"https:\\\/\\\/www.accidentdutravail-idf.net\\\/blog\\\/le-port-le-bras-dune-employee-happe-par-une-machine-a-fabriquer-les-pates-sa-patronne-condamnee\\\/\"},\"author\":{\"name\":\"Carlos Poulain\",\"@id\":\"https:\\\/\\\/www.accidentdutravail-idf.net\\\/blog\\\/#\\\/schema\\\/person\\\/3255d2f970de45e64bd9201f38e7b947\"},\"headline\":\"Le Port : le bras d\u2019une employ\u00e9e happ\u00e9 par une machine \u00e0 fabriquer les p\u00e2tes, sa patronne condamn\u00e9e\",\"datePublished\":\"2024-12-06T05:08:00+00:00\",\"mainEntityOfPage\":{\"@id\":\"https:\\\/\\\/www.accidentdutravail-idf.net\\\/blog\\\/le-port-le-bras-dune-employee-happe-par-une-machine-a-fabriquer-les-pates-sa-patronne-condamnee\\\/\"},\"wordCount\":347,\"publisher\":{\"@id\":\"https:\\\/\\\/www.accidentdutravail-idf.net\\\/blog\\\/#organization\"},\"image\":{\"@id\":\"https:\\\/\\\/www.accidentdutravail-idf.net\\\/blog\\\/le-port-le-bras-dune-employee-happe-par-une-machine-a-fabriquer-les-pates-sa-patronne-condamnee\\\/#primaryimage\"},\"thumbnailUrl\":\"https:\\\/\\\/www.accidentdutravail-idf.net\\\/blog\\\/wp-content\\\/uploads\\\/2024\\\/12\\\/le-port-le-bras-dune-employee-happe-par-une-machine-a-fabriquer-les-pates-sa-patronne-condamnee.jpg\",\"articleSection\":[\"S\u00e9curit\u00e9 Du Travail En Ile-De-France Et Divers:\"],\"inLanguage\":\"fr-FR\"},{\"@type\":\"WebPage\",\"@id\":\"https:\\\/\\\/www.accidentdutravail-idf.net\\\/blog\\\/le-port-le-bras-dune-employee-happe-par-une-machine-a-fabriquer-les-pates-sa-patronne-condamnee\\\/\",\"url\":\"https:\\\/\\\/www.accidentdutravail-idf.net\\\/blog\\\/le-port-le-bras-dune-employee-happe-par-une-machine-a-fabriquer-les-pates-sa-patronne-condamnee\\\/\",\"name\":\"Le Port : le bras d\u2019une employ\u00e9e happ\u00e9 par une machine \u00e0 fabriquer les p\u00e2tes, sa patronne condamn\u00e9e - ACCIDENTDUTRAVAIL-IDF\",\"isPartOf\":{\"@id\":\"https:\\\/\\\/www.accidentdutravail-idf.net\\\/blog\\\/#website\"},\"primaryImageOfPage\":{\"@id\":\"https:\\\/\\\/www.accidentdutravail-idf.net\\\/blog\\\/le-port-le-bras-dune-employee-happe-par-une-machine-a-fabriquer-les-pates-sa-patronne-condamnee\\\/#primaryimage\"},\"image\":{\"@id\":\"https:\\\/\\\/www.accidentdutravail-idf.net\\\/blog\\\/le-port-le-bras-dune-employee-happe-par-une-machine-a-fabriquer-les-pates-sa-patronne-condamnee\\\/#primaryimage\"},\"thumbnailUrl\":\"https:\\\/\\\/www.accidentdutravail-idf.net\\\/blog\\\/wp-content\\\/uploads\\\/2024\\\/12\\\/le-port-le-bras-dune-employee-happe-par-une-machine-a-fabriquer-les-pates-sa-patronne-condamnee.jpg\",\"datePublished\":\"2024-12-06T05:08:00+00:00\",\"description\":\"Le Port : le bras d\u2019une employ\u00e9e happ\u00e9 par une machine \u00e0 fabriquer les p\u00e2tes, sa patronne condamn\u00e9e article de ACCIDENTDUTRAVAIL-IDF\",\"breadcrumb\":{\"@id\":\"https:\\\/\\\/www.accidentdutravail-idf.net\\\/blog\\\/le-port-le-bras-dune-employee-happe-par-une-machine-a-fabriquer-les-pates-sa-patronne-condamnee\\\/#breadcrumb\"},\"inLanguage\":\"fr-FR\",\"potentialAction\":[{\"@type\":\"ReadAction\",\"target\":[\"https:\\\/\\\/www.accidentdutravail-idf.net\\\/blog\\\/le-port-le-bras-dune-employee-happe-par-une-machine-a-fabriquer-les-pates-sa-patronne-condamnee\\\/\"]}]},{\"@type\":\"ImageObject\",\"inLanguage\":\"fr-FR\",\"@id\":\"https:\\\/\\\/www.accidentdutravail-idf.net\\\/blog\\\/le-port-le-bras-dune-employee-happe-par-une-machine-a-fabriquer-les-pates-sa-patronne-condamnee\\\/#primaryimage\",\"url\":\"https:\\\/\\\/www.accidentdutravail-idf.net\\\/blog\\\/wp-content\\\/uploads\\\/2024\\\/12\\\/le-port-le-bras-dune-employee-happe-par-une-machine-a-fabriquer-les-pates-sa-patronne-condamnee.jpg\",\"contentUrl\":\"https:\\\/\\\/www.accidentdutravail-idf.net\\\/blog\\\/wp-content\\\/uploads\\\/2024\\\/12\\\/le-port-le-bras-dune-employee-happe-par-une-machine-a-fabriquer-les-pates-sa-patronne-condamnee.jpg\"},{\"@type\":\"BreadcrumbList\",\"@id\":\"https:\\\/\\\/www.accidentdutravail-idf.net\\\/blog\\\/le-port-le-bras-dune-employee-happe-par-une-machine-a-fabriquer-les-pates-sa-patronne-condamnee\\\/#breadcrumb\",\"itemListElement\":[{\"@type\":\"ListItem\",\"position\":1,\"name\":\"Accueil\",\"item\":\"https:\\\/\\\/www.accidentdutravail-idf.net\\\/blog\\\/\"},{\"@type\":\"ListItem\",\"position\":2,\"name\":\"Le Port : le bras d\u2019une employ\u00e9e happ\u00e9 par une machine \u00e0 fabriquer les p\u00e2tes, sa patronne condamn\u00e9e\"}]},{\"@type\":\"WebSite\",\"@id\":\"https:\\\/\\\/www.accidentdutravail-idf.net\\\/blog\\\/#website\",\"url\":\"https:\\\/\\\/www.accidentdutravail-idf.net\\\/blog\\\/\",\"name\":\"ACCIDENTDUTRAVAIL-IDF\",\"description\":\"Portail accidents du travail-maladies professionnelles des entreprises d&#039;Ile-de-France\",\"publisher\":{\"@id\":\"https:\\\/\\\/www.accidentdutravail-idf.net\\\/blog\\\/#organization\"},\"potentialAction\":[{\"@type\":\"SearchAction\",\"target\":{\"@type\":\"EntryPoint\",\"urlTemplate\":\"https:\\\/\\\/www.accidentdutravail-idf.net\\\/blog\\\/?s={search_term_string}\"},\"query-input\":{\"@type\":\"PropertyValueSpecification\",\"valueRequired\":true,\"valueName\":\"search_term_string\"}}],\"inLanguage\":\"fr-FR\"},{\"@type\":\"Organization\",\"@id\":\"https:\\\/\\\/www.accidentdutravail-idf.net\\\/blog\\\/#organization\",\"name\":\"accidentdutravail-idf\",\"url\":\"https:\\\/\\\/www.accidentdutravail-idf.net\\\/blog\\\/\",\"logo\":{\"@type\":\"ImageObject\",\"inLanguage\":\"fr-FR\",\"@id\":\"https:\\\/\\\/www.accidentdutravail-idf.net\\\/blog\\\/#\\\/schema\\\/logo\\\/image\\\/\",\"url\":\"https:\\\/\\\/www.accidentdutravail-idf.net\\\/blog\\\/wp-content\\\/uploads\\\/2022\\\/09\\\/logo-2.png\",\"contentUrl\":\"https:\\\/\\\/www.accidentdutravail-idf.net\\\/blog\\\/wp-content\\\/uploads\\\/2022\\\/09\\\/logo-2.png\",\"width\":380,\"height\":291,\"caption\":\"accidentdutravail-idf\"},\"image\":{\"@id\":\"https:\\\/\\\/www.accidentdutravail-idf.net\\\/blog\\\/#\\\/schema\\\/logo\\\/image\\\/\"}},{\"@type\":\"Person\",\"@id\":\"https:\\\/\\\/www.accidentdutravail-idf.net\\\/blog\\\/#\\\/schema\\\/person\\\/3255d2f970de45e64bd9201f38e7b947\",\"name\":\"Carlos Poulain\",\"image\":{\"@type\":\"ImageObject\",\"inLanguage\":\"fr-FR\",\"@id\":\"https:\\\/\\\/secure.gravatar.com\\\/avatar\\\/b1c2f9d3588e34e91adb093635df64ef4b2381991216be7576466cfcdca4baf3?s=96&d=mm&r=g\",\"url\":\"https:\\\/\\\/secure.gravatar.com\\\/avatar\\\/b1c2f9d3588e34e91adb093635df64ef4b2381991216be7576466cfcdca4baf3?s=96&d=mm&r=g\",\"contentUrl\":\"https:\\\/\\\/secure.gravatar.com\\\/avatar\\\/b1c2f9d3588e34e91adb093635df64ef4b2381991216be7576466cfcdca4baf3?s=96&d=mm&r=g\",\"caption\":\"Carlos Poulain\"},\"url\":\"https:\\\/\\\/www.accidentdutravail-idf.net\\\/blog\\\/author\\\/idfcarlos\\\/\"}]}<\/script>\n<!-- \/ Yoast SEO plugin. -->","yoast_head_json":{"title":"Le Port : le bras d\u2019une employ\u00e9e happ\u00e9 par une machine \u00e0 fabriquer les p\u00e2tes, sa patronne condamn\u00e9e - ACCIDENTDUTRAVAIL-IDF","description":"Le Port : le bras d\u2019une employ\u00e9e happ\u00e9 par une machine \u00e0 fabriquer les p\u00e2tes, sa patronne condamn\u00e9e article de ACCIDENTDUTRAVAIL-IDF","robots":{"index":"index","follow":"follow","max-snippet":"max-snippet:-1","max-image-preview":"max-image-preview:large","max-video-preview":"max-video-preview:-1"},"canonical":"https:\/\/www.accidentdutravail-idf.net\/blog\/le-port-le-bras-dune-employee-happe-par-une-machine-a-fabriquer-les-pates-sa-patronne-condamnee\/","og_locale":"fr_FR","og_type":"article","og_title":"Le Port : le bras d\u2019une employ\u00e9e happ\u00e9 par une machine \u00e0 fabriquer les p\u00e2tes, sa patronne condamn\u00e9e - ACCIDENTDUTRAVAIL-IDF","og_description":"Le Port : le bras d\u2019une employ\u00e9e happ\u00e9 par une machine \u00e0 fabriquer les p\u00e2tes, sa patronne condamn\u00e9e article de ACCIDENTDUTRAVAIL-IDF","og_url":"https:\/\/www.accidentdutravail-idf.net\/blog\/le-port-le-bras-dune-employee-happe-par-une-machine-a-fabriquer-les-pates-sa-patronne-condamnee\/","og_site_name":"ACCIDENTDUTRAVAIL-IDF","article_published_time":"2024-12-06T05:08:00+00:00","og_image":[{"url":"https:\/\/www.accidentdutravail-idf.net\/blog\/wp-content\/uploads\/2024\/12\/le-port-le-bras-dune-employee-happe-par-une-machine-a-fabriquer-les-pates-sa-patronne-condamnee.jpg","type":"","width":"","height":""}],"author":"Carlos Poulain","twitter_card":"summary_large_image","twitter_misc":{"\u00c9crit par":"Carlos Poulain","Dur\u00e9e de lecture estim\u00e9e":"2 minutes"},"schema":{"@context":"https:\/\/schema.org","@graph":[{"@type":"Article","@id":"https:\/\/www.accidentdutravail-idf.net\/blog\/le-port-le-bras-dune-employee-happe-par-une-machine-a-fabriquer-les-pates-sa-patronne-condamnee\/#article","isPartOf":{"@id":"https:\/\/www.accidentdutravail-idf.net\/blog\/le-port-le-bras-dune-employee-happe-par-une-machine-a-fabriquer-les-pates-sa-patronne-condamnee\/"},"author":{"name":"Carlos Poulain","@id":"https:\/\/www.accidentdutravail-idf.net\/blog\/#\/schema\/person\/3255d2f970de45e64bd9201f38e7b947"},"headline":"Le Port : le bras d\u2019une employ\u00e9e happ\u00e9 par une machine \u00e0 fabriquer les p\u00e2tes, sa patronne condamn\u00e9e","datePublished":"2024-12-06T05:08:00+00:00","mainEntityOfPage":{"@id":"https:\/\/www.accidentdutravail-idf.net\/blog\/le-port-le-bras-dune-employee-happe-par-une-machine-a-fabriquer-les-pates-sa-patronne-condamnee\/"},"wordCount":347,"publisher":{"@id":"https:\/\/www.accidentdutravail-idf.net\/blog\/#organization"},"image":{"@id":"https:\/\/www.accidentdutravail-idf.net\/blog\/le-port-le-bras-dune-employee-happe-par-une-machine-a-fabriquer-les-pates-sa-patronne-condamnee\/#primaryimage"},"thumbnailUrl":"https:\/\/www.accidentdutravail-idf.net\/blog\/wp-content\/uploads\/2024\/12\/le-port-le-bras-dune-employee-happe-par-une-machine-a-fabriquer-les-pates-sa-patronne-condamnee.jpg","articleSection":["S\u00e9curit\u00e9 Du Travail En Ile-De-France Et Divers:"],"inLanguage":"fr-FR"},{"@type":"WebPage","@id":"https:\/\/www.accidentdutravail-idf.net\/blog\/le-port-le-bras-dune-employee-happe-par-une-machine-a-fabriquer-les-pates-sa-patronne-condamnee\/","url":"https:\/\/www.accidentdutravail-idf.net\/blog\/le-port-le-bras-dune-employee-happe-par-une-machine-a-fabriquer-les-pates-sa-patronne-condamnee\/","name":"Le Port : le bras d\u2019une employ\u00e9e happ\u00e9 par une machine \u00e0 fabriquer les p\u00e2tes, sa patronne condamn\u00e9e - ACCIDENTDUTRAVAIL-IDF","isPartOf":{"@id":"https:\/\/www.accidentdutravail-idf.net\/blog\/#website"},"primaryImageOfPage":{"@id":"https:\/\/www.accidentdutravail-idf.net\/blog\/le-port-le-bras-dune-employee-happe-par-une-machine-a-fabriquer-les-pates-sa-patronne-condamnee\/#primaryimage"},"image":{"@id":"https:\/\/www.accidentdutravail-idf.net\/blog\/le-port-le-bras-dune-employee-happe-par-une-machine-a-fabriquer-les-pates-sa-patronne-condamnee\/#primaryimage"},"thumbnailUrl":"https:\/\/www.accidentdutravail-idf.net\/blog\/wp-content\/uploads\/2024\/12\/le-port-le-bras-dune-employee-happe-par-une-machine-a-fabriquer-les-pates-sa-patronne-condamnee.jpg","datePublished":"2024-12-06T05:08:00+00:00","description":"Le Port : le bras d\u2019une employ\u00e9e happ\u00e9 par une machine \u00e0 fabriquer les p\u00e2tes, sa patronne condamn\u00e9e article de ACCIDENTDUTRAVAIL-IDF","breadcrumb":{"@id":"https:\/\/www.accidentdutravail-idf.net\/blog\/le-port-le-bras-dune-employee-happe-par-une-machine-a-fabriquer-les-pates-sa-patronne-condamnee\/#breadcrumb"},"inLanguage":"fr-FR","potentialAction":[{"@type":"ReadAction","target":["https:\/\/www.accidentdutravail-idf.net\/blog\/le-port-le-bras-dune-employee-happe-par-une-machine-a-fabriquer-les-pates-sa-patronne-condamnee\/"]}]},{"@type":"ImageObject","inLanguage":"fr-FR","@id":"https:\/\/www.accidentdutravail-idf.net\/blog\/le-port-le-bras-dune-employee-happe-par-une-machine-a-fabriquer-les-pates-sa-patronne-condamnee\/#primaryimage","url":"https:\/\/www.accidentdutravail-idf.net\/blog\/wp-content\/uploads\/2024\/12\/le-port-le-bras-dune-employee-happe-par-une-machine-a-fabriquer-les-pates-sa-patronne-condamnee.jpg","contentUrl":"https:\/\/www.accidentdutravail-idf.net\/blog\/wp-content\/uploads\/2024\/12\/le-port-le-bras-dune-employee-happe-par-une-machine-a-fabriquer-les-pates-sa-patronne-condamnee.jpg"},{"@type":"BreadcrumbList","@id":"https:\/\/www.accidentdutravail-idf.net\/blog\/le-port-le-bras-dune-employee-happe-par-une-machine-a-fabriquer-les-pates-sa-patronne-condamnee\/#breadcrumb","itemListElement":[{"@type":"ListItem","position":1,"name":"Accueil","item":"https:\/\/www.accidentdutravail-idf.net\/blog\/"},{"@type":"ListItem","position":2,"name":"Le Port : le bras d\u2019une employ\u00e9e happ\u00e9 par une machine \u00e0 fabriquer les p\u00e2tes, sa patronne condamn\u00e9e"}]},{"@type":"WebSite","@id":"https:\/\/www.accidentdutravail-idf.net\/blog\/#website","url":"https:\/\/www.accidentdutravail-idf.net\/blog\/","name":"ACCIDENTDUTRAVAIL-IDF","description":"Portail accidents du travail-maladies professionnelles des entreprises d&#039;Ile-de-France","publisher":{"@id":"https:\/\/www.accidentdutravail-idf.net\/blog\/#organization"},"potentialAction":[{"@type":"SearchAction","target":{"@type":"EntryPoint","urlTemplate":"https:\/\/www.accidentdutravail-idf.net\/blog\/?s={search_term_string}"},"query-input":{"@type":"PropertyValueSpecification","valueRequired":true,"valueName":"search_term_string"}}],"inLanguage":"fr-FR"},{"@type":"Organization","@id":"https:\/\/www.accidentdutravail-idf.net\/blog\/#organization","name":"accidentdutravail-idf","url":"https:\/\/www.accidentdutravail-idf.net\/blog\/","logo":{"@type":"ImageObject","inLanguage":"fr-FR","@id":"https:\/\/www.accidentdutravail-idf.net\/blog\/#\/schema\/logo\/image\/","url":"https:\/\/www.accidentdutravail-idf.net\/blog\/wp-content\/uploads\/2022\/09\/logo-2.png","contentUrl":"https:\/\/www.accidentdutravail-idf.net\/blog\/wp-content\/uploads\/2022\/09\/logo-2.png","width":380,"height":291,"caption":"accidentdutravail-idf"},"image":{"@id":"https:\/\/www.accidentdutravail-idf.net\/blog\/#\/schema\/logo\/image\/"}},{"@type":"Person","@id":"https:\/\/www.accidentdutravail-idf.net\/blog\/#\/schema\/person\/3255d2f970de45e64bd9201f38e7b947","name":"Carlos Poulain","image":{"@type":"ImageObject","inLanguage":"fr-FR","@id":"https:\/\/secure.gravatar.com\/avatar\/b1c2f9d3588e34e91adb093635df64ef4b2381991216be7576466cfcdca4baf3?s=96&d=mm&r=g","url":"https:\/\/secure.gravatar.com\/avatar\/b1c2f9d3588e34e91adb093635df64ef4b2381991216be7576466cfcdca4baf3?s=96&d=mm&r=g","contentUrl":"https:\/\/secure.gravatar.com\/avatar\/b1c2f9d3588e34e91adb093635df64ef4b2381991216be7576466cfcdca4baf3?s=96&d=mm&r=g","caption":"Carlos Poulain"},"url":"https:\/\/www.accidentdutravail-idf.net\/blog\/author\/idfcarlos\/"}]}},"_links":{"self":[{"href":"https:\/\/www.accidentdutravail-idf.net\/blog\/wp-json\/wp\/v2\/posts\/1062","targetHints":{"allow":["GET"]}}],"collection":[{"href":"https:\/\/www.accidentdutravail-idf.net\/blog\/wp-json\/wp\/v2\/posts"}],"about":[{"href":"https:\/\/www.accidentdutravail-idf.net\/blog\/wp-json\/wp\/v2\/types\/post"}],"author":[{"embeddable":true,"href":"https:\/\/www.accidentdutravail-idf.net\/blog\/wp-json\/wp\/v2\/users\/2"}],"replies":[{"embeddable":true,"href":"https:\/\/www.accidentdutravail-idf.net\/blog\/wp-json\/wp\/v2\/comments?post=1062"}],"version-history":[{"count":0,"href":"https:\/\/www.accidentdutravail-idf.net\/blog\/wp-json\/wp\/v2\/posts\/1062\/revisions"}],"wp:attachment":[{"href":"https:\/\/www.accidentdutravail-idf.net\/blog\/wp-json\/wp\/v2\/media?parent=1062"}],"wp:term":[{"taxonomy":"category","embeddable":true,"href":"https:\/\/www.accidentdutravail-idf.net\/blog\/wp-json\/wp\/v2\/categories?post=1062"},{"taxonomy":"post_tag","embeddable":true,"href":"https:\/\/www.accidentdutravail-idf.net\/blog\/wp-json\/wp\/v2\/tags?post=1062"}],"curies":[{"name":"wp","href":"https:\/\/api.w.org\/{rel}","templated":true}]}}