{"id":1056,"date":"2024-12-04T03:02:00","date_gmt":"2024-12-04T02:02:00","guid":{"rendered":"https:\/\/www.accidentdutravail-idf.net\/blog\/il-netait-ni-forme-ni-equipe-apres-le-deces-de-mathias-dans-un-accident-du-travail-sa-famille-porte-plainte-pour-homicide-involontaire\/"},"modified":"2024-12-04T03:02:00","modified_gmt":"2024-12-04T02:02:00","slug":"il-netait-ni-forme-ni-equipe-apres-le-deces-de-mathias-dans-un-accident-du-travail-sa-famille-porte-plainte-pour-homicide-involontaire","status":"publish","type":"post","link":"https:\/\/www.accidentdutravail-idf.net\/blog\/il-netait-ni-forme-ni-equipe-apres-le-deces-de-mathias-dans-un-accident-du-travail-sa-famille-porte-plainte-pour-homicide-involontaire\/","title":{"rendered":"&lsquo;Il n\u2019\u00e9tait ni form\u00e9 ni \u00e9quip\u00e9 !&rsquo; Apr\u00e8s le d\u00e9c\u00e8s de Mathias dans un accident du travail, sa famille porte plainte pour homicide involontaire"},"content":{"rendered":"<p> <span class=\"article-full__chapo-label hide-on-small-only\">l&rsquo;essentiel<\/span> Mathias, 24 ans, est mort le 6&nbsp;novembre dans un accident du travail \u00e0 Sa\u00efx. Il travaillait pour un prestataire sur le chantier de l\u2019A69. Sa m\u00e8re vient de porter plainte contre son employeur pour homicide involontaire. <\/p>\n<div data-state=\"fixed-height\" data-selection=\"disabled\"> <!-- Pub DFP Position [outstream] --> <\/p>\n<p>\u00ab\u00a0Je ne l\u00e2cherai pas l\u2019affaire. Jamais.\u00a0\u00bb Nelly est une maman effondr\u00e9e et en col\u00e8re. Le 6&nbsp;novembre, son fils, Mathias, 24 ans, est mort dans un accident du travail \u00e0 Sa\u00efx, alors qu\u2019il d\u00e9chargeait du bois au domicile d\u2019un particulier. Et si les circonstances pr\u00e9cises de l\u2019accident demeurent troubles, Nelly compte bien se battre pour que toute la lumi\u00e8re soit faite sur le drame qui a boulevers\u00e9 la vie de cette famille paisible de Labastide-Rouairoux, ce 6&nbsp;novembre au matin.<\/p>\n<h2 class=\"txt-int\">Plainte pour homicide involontaire<\/h2>\n<p>La m\u00e8re du jeune homme et son avocat, ma\u00eetre Jean-Baptiste Alary, viennent d\u2019ailleurs de d\u00e9poser plainte pour homicide involontaire, contre la soci\u00e9t\u00e9 qui employait Mathias. L\u2019avocat albigeois ne d\u00e9col\u00e8re pas&nbsp;: \u00ab\u00a0Mme&nbsp;Cajado s\u2019est rendue \u00e0 la gendarmerie une premi\u00e8re fois pour d\u00e9poser plainte. Je suis scandalis\u00e9 qu\u2019on ait os\u00e9 refuser sa plainte pour homicide involontaire et qu\u2019on la requalifie en \u00ab\u00a0d\u00e9couverte de cadavre\u00a0\u00bb. Un jeune homme est d\u00e9c\u00e9d\u00e9 sur son lieu de travail, je n\u2019entends pas que ce soit trait\u00e9 autrement que comme une enqu\u00eate sur un homicide involontaire&nbsp;!\u00a0\u00bb<\/p>\n<p><!-- Pub DFP Position [article] --> <\/p>\n<p class=\"std-elt__inline\"> <strong>A lire aussi :<\/strong> <a href=\"https:\/\/www.ladepeche.fr\/2024\/11\/06\/il-meurt-en-dechargeant-du-bois-a-saix-un-jeune-homme-perd-la-vie-dans-un-accident-12306837.php\" target=\"_blank\" rel=\"nofollow\">Il meurt en d\u00e9chargeant du bois&nbsp;: dans le Tarn, un jeune homme perd la vie dans un accident<\/a> <\/p>\n<div class=\"center-align\" data-protec-aida=\"image\">\n<figure class=\"std-img\" data-src=\"https:\/\/images.ladepeche.fr\/api\/v1\/images\/view\/674ef0a026ff665df95d485d\/original\/image.jpg?v=1\"> <img class=\"std-img__img responsive-img\" data-src=\"https:\/\/www.accidentdutravail-idf.net\/blog\/wp-content\/uploads\/2024\/12\/il-netait-ni-forme-ni-equipe-apres-le-deces-de-mathias-dans-un-accident-du-travail-sa-famille-porte-plainte-pour-homicide-involontaire.jpg\" alt=\"Mathias Pravet avait 24 ans. Il \u00e9tait tr\u00e8s entour\u00e9. Ses proches se portent d\u2019ailleurs partie civile.\"><figcaption class=\"article-full__media-infos\"> <span class=\"article-full__media-legend\">Mathias Pravet avait 24 ans. Il \u00e9tait tr\u00e8s entour\u00e9. Ses proches se portent d\u2019ailleurs partie civile.<\/span> <span class=\"article-full__media-author\">DDM<\/span> <\/figcaption><\/figure>\n<\/div>\n<p>Retour sur les faits&nbsp;: Mathias Pravet, 24 ans, se trouvait le 6&nbsp;novembre au domicile de particuliers sur la commune de Sa\u00efx. Ce chauffeur routier, employ\u00e9 depuis 4 mois par une entreprise intervenant sur le chantier de l\u2019autoroute A69, \u00e9tait en train de d\u00e9charger une cargaison de bois provenant du chantier. Atosca l\u2019expliquait ainsi&nbsp;: \u00ab\u00a0une partie des mat\u00e9riaux non valorisables peut \u00eatre ponctuellement et gracieusement c\u00e9d\u00e9e \u00e0 des riverains quand ils peuvent \u00eatre r\u00e9utilis\u00e9s \u00e0 titre personnel.\u00a0\u00bb Ce sont les occupants de la maison qui ont trouv\u00e9 le jeune homme inanim\u00e9 \u00e0 c\u00f4t\u00e9 du camion, touch\u00e9 \u00e0 la t\u00eate.<\/p>\n<h2 class=\"txt-int\">Mathias avait des projets<\/h2>\n<p>Sa maman est effondr\u00e9e&nbsp;: \u00ab\u00a0Mathias avait plein de projets. Il venait de finir sa p\u00e9riode d\u2019essai et de commencer son CDI, il prenait de l\u2019exp\u00e9rience et voulait \u00e0 terme cr\u00e9er sa petite entreprise dans les Bouches du Rh\u00f4ne, d\u2019o\u00f9 nous sommes originaires.\u00a0\u00bb Il avait un fr\u00e8re, une s\u0153ur et deux neveux. \u00ab\u00a0Il \u00e9tait tr\u00e8s famille, raconte Nelly. Il faisait du foot, il aimait les jeux vid\u00e9o\u2026 C\u2019\u00e9tait quelqu\u2019un de tr\u00e8s entour\u00e9. \u00a0\u00bb Elle se souvient de ce jour terrible&nbsp;: \u00ab\u00a0Son chef habituel, avec qui il s\u2019entendait tr\u00e8s bien, n\u2019\u00e9tait pas l\u00e0. C\u2019est la premi\u00e8re fois de sa vie qu\u2019il d\u00e9chargeait du bois, il n\u2019\u00e9tait ni form\u00e9 ni \u00e9quip\u00e9&nbsp;! Mais Mathias il ne disait jamais non\u2026 Son travail, c\u2019\u00e9tait de faire des trajets dans son camion.\u00a0\u00bb<\/p>\n<p>Effondr\u00e9e, mais pas r\u00e9sign\u00e9e, Nelly Carjado, \u00e9ducatrice dans une maison pour enfants, est d\u00e9termin\u00e9e \u00e0 rendre justice \u00e0 son fils. \u00ab\u00a0J\u2019ai entendu qu\u2019il \u00e9tait press\u00e9, qu\u2019il a fait une erreur. Il est hors de question qu\u2019on mette la faute sur lui&nbsp;! Mathias ne m\u00e9ritait pas \u00e7a\u00a0\u00bb, l\u00e2che dans un souffle la m\u00e8re, choqu\u00e9e que le jour m\u00eame du drame, \u00ab\u00a0le chantier a continu\u00e9, comme si de rien n\u2019\u00e9tait\u2026\u00a0\u00bb<\/p>\n<\/p><\/div>\n<p>accidentdutravail-idf.net vous a pr\u00e9par\u00e9 ce post qui informe du sujet \u00ab\u00a0Association Sportive Huisson-Longueville Essonne\u00a0\u00bb. La chronique se veut g\u00e9n\u00e9r\u00e9e du mieux possible. Vous pouvez utiliser les coordonn\u00e9es indiqu\u00e9es sur le site dans le but d\u2019apporter des explications sur ce post qui parle du th\u00e8me \u00ab\u00a0Association Sportive Huisson-Longueville Essonne\u00a0\u00bb. Le site accidentdutravail-idf.net a pour but de fournir diverses publications sur la th\u00e9matique Association Sportive Huisson-Longueville Essonne diffus\u00e9es sur le net. Il y aura plusieurs articles autour du sujet \u00ab\u00a0Association Sportive Huisson-Longueville Essonne\u00a0\u00bb dans quelques jours, nous vous invitons \u00e0 naviguer sur notre site web \u00e0 plusieurs reprises.<\/p>\n","protected":false},"excerpt":{"rendered":"<p>l&rsquo;essentiel Mathias, 24 ans, est mort le 6&nbsp;novembre dans un accident du travail \u00e0 Sa\u00efx. Il travaillait pour un prestataire sur le chantier de l\u2019A69. Sa m\u00e8re vient de porter plainte contre son employeur pour homicide involontaire. \u00ab\u00a0Je ne l\u00e2cherai pas l\u2019affaire. Jamais.\u00a0\u00bb Nelly est une maman effondr\u00e9e et en col\u00e8re. Le 6&nbsp;novembre, son fils, &hellip; <\/p>\n<p class=\"link-more\"><a href=\"https:\/\/www.accidentdutravail-idf.net\/blog\/il-netait-ni-forme-ni-equipe-apres-le-deces-de-mathias-dans-un-accident-du-travail-sa-famille-porte-plainte-pour-homicide-involontaire\/\" class=\"more-link\">Continuer la lecture <span class=\"screen-reader-text\"> \u00ab\u00a0&lsquo;Il n\u2019\u00e9tait ni form\u00e9 ni \u00e9quip\u00e9 !&rsquo; Apr\u00e8s le d\u00e9c\u00e8s de Mathias dans un accident du travail, sa famille porte plainte pour homicide involontaire\u00a0\u00bb<\/span><\/a><\/p>\n","protected":false},"author":2,"featured_media":0,"comment_status":"closed","ping_status":"closed","sticky":false,"template":"","format":"standard","meta":{"footnotes":""},"categories":[5],"tags":[],"class_list":["post-1056","post","type-post","status-publish","format-standard","hentry","category-securite-du-travail-en-ile-de-france-et-divers","entry"],"yoast_head":"<!-- This site is optimized with the Yoast SEO plugin v27.5 - https:\/\/yoast.com\/product\/yoast-seo-wordpress\/ -->\n<title>&#039;Il n\u2019\u00e9tait ni form\u00e9 ni \u00e9quip\u00e9 !&#039; Apr\u00e8s le d\u00e9c\u00e8s de Mathias dans un accident du travail, sa famille porte plainte pour homicide involontaire - ACCIDENTDUTRAVAIL-IDF<\/title>\n<meta name=\"description\" content=\"&#039;Il n\u2019\u00e9tait ni form\u00e9 ni \u00e9quip\u00e9 !&#039; Apr\u00e8s le d\u00e9c\u00e8s de Mathias dans un accident du travail, sa famille porte plainte pour homicide involontaire article de ACCIDENTDUTRAVAIL-IDF\" \/>\n<meta name=\"robots\" content=\"index, follow, max-snippet:-1, max-image-preview:large, max-video-preview:-1\" \/>\n<link rel=\"canonical\" href=\"https:\/\/www.accidentdutravail-idf.net\/blog\/il-netait-ni-forme-ni-equipe-apres-le-deces-de-mathias-dans-un-accident-du-travail-sa-famille-porte-plainte-pour-homicide-involontaire\/\" \/>\n<meta property=\"og:locale\" content=\"fr_FR\" \/>\n<meta property=\"og:type\" content=\"article\" \/>\n<meta property=\"og:title\" content=\"&#039;Il n\u2019\u00e9tait ni form\u00e9 ni \u00e9quip\u00e9 !&#039; Apr\u00e8s le d\u00e9c\u00e8s de Mathias dans un accident du travail, sa famille porte plainte pour homicide involontaire - ACCIDENTDUTRAVAIL-IDF\" \/>\n<meta property=\"og:description\" content=\"&#039;Il n\u2019\u00e9tait ni form\u00e9 ni \u00e9quip\u00e9 !&#039; Apr\u00e8s le d\u00e9c\u00e8s de Mathias dans un accident du travail, sa famille porte plainte pour homicide involontaire article de ACCIDENTDUTRAVAIL-IDF\" \/>\n<meta property=\"og:url\" content=\"https:\/\/www.accidentdutravail-idf.net\/blog\/il-netait-ni-forme-ni-equipe-apres-le-deces-de-mathias-dans-un-accident-du-travail-sa-famille-porte-plainte-pour-homicide-involontaire\/\" \/>\n<meta property=\"og:site_name\" content=\"ACCIDENTDUTRAVAIL-IDF\" \/>\n<meta property=\"article:published_time\" content=\"2024-12-04T02:02:00+00:00\" \/>\n<meta property=\"og:image\" content=\"https:\/\/www.accidentdutravail-idf.net\/blog\/wp-content\/uploads\/2024\/12\/il-netait-ni-forme-ni-equipe-apres-le-deces-de-mathias-dans-un-accident-du-travail-sa-famille-porte-plainte-pour-homicide-involontaire.jpg\" \/>\n<meta name=\"author\" content=\"Carlos Poulain\" \/>\n<meta name=\"twitter:card\" content=\"summary_large_image\" \/>\n<meta name=\"twitter:label1\" content=\"\u00c9crit par\" \/>\n\t<meta name=\"twitter:data1\" content=\"Carlos Poulain\" \/>\n\t<meta name=\"twitter:label2\" content=\"Dur\u00e9e de lecture estim\u00e9e\" \/>\n\t<meta name=\"twitter:data2\" content=\"4 minutes\" \/>\n<script type=\"application\/ld+json\" class=\"yoast-schema-graph\">{\"@context\":\"https:\\\/\\\/schema.org\",\"@graph\":[{\"@type\":\"Article\",\"@id\":\"https:\\\/\\\/www.accidentdutravail-idf.net\\\/blog\\\/il-netait-ni-forme-ni-equipe-apres-le-deces-de-mathias-dans-un-accident-du-travail-sa-famille-porte-plainte-pour-homicide-involontaire\\\/#article\",\"isPartOf\":{\"@id\":\"https:\\\/\\\/www.accidentdutravail-idf.net\\\/blog\\\/il-netait-ni-forme-ni-equipe-apres-le-deces-de-mathias-dans-un-accident-du-travail-sa-famille-porte-plainte-pour-homicide-involontaire\\\/\"},\"author\":{\"name\":\"Carlos Poulain\",\"@id\":\"https:\\\/\\\/www.accidentdutravail-idf.net\\\/blog\\\/#\\\/schema\\\/person\\\/3255d2f970de45e64bd9201f38e7b947\"},\"headline\":\"&lsquo;Il n\u2019\u00e9tait ni form\u00e9 ni \u00e9quip\u00e9 !&rsquo; Apr\u00e8s le d\u00e9c\u00e8s de Mathias dans un accident du travail, sa famille porte plainte pour homicide involontaire\",\"datePublished\":\"2024-12-04T02:02:00+00:00\",\"mainEntityOfPage\":{\"@id\":\"https:\\\/\\\/www.accidentdutravail-idf.net\\\/blog\\\/il-netait-ni-forme-ni-equipe-apres-le-deces-de-mathias-dans-un-accident-du-travail-sa-famille-porte-plainte-pour-homicide-involontaire\\\/\"},\"wordCount\":758,\"publisher\":{\"@id\":\"https:\\\/\\\/www.accidentdutravail-idf.net\\\/blog\\\/#organization\"},\"image\":{\"@id\":\"https:\\\/\\\/www.accidentdutravail-idf.net\\\/blog\\\/il-netait-ni-forme-ni-equipe-apres-le-deces-de-mathias-dans-un-accident-du-travail-sa-famille-porte-plainte-pour-homicide-involontaire\\\/#primaryimage\"},\"thumbnailUrl\":\"https:\\\/\\\/www.accidentdutravail-idf.net\\\/blog\\\/wp-content\\\/uploads\\\/2024\\\/12\\\/il-netait-ni-forme-ni-equipe-apres-le-deces-de-mathias-dans-un-accident-du-travail-sa-famille-porte-plainte-pour-homicide-involontaire.jpg\",\"articleSection\":[\"S\u00e9curit\u00e9 Du Travail En Ile-De-France Et Divers:\"],\"inLanguage\":\"fr-FR\"},{\"@type\":\"WebPage\",\"@id\":\"https:\\\/\\\/www.accidentdutravail-idf.net\\\/blog\\\/il-netait-ni-forme-ni-equipe-apres-le-deces-de-mathias-dans-un-accident-du-travail-sa-famille-porte-plainte-pour-homicide-involontaire\\\/\",\"url\":\"https:\\\/\\\/www.accidentdutravail-idf.net\\\/blog\\\/il-netait-ni-forme-ni-equipe-apres-le-deces-de-mathias-dans-un-accident-du-travail-sa-famille-porte-plainte-pour-homicide-involontaire\\\/\",\"name\":\"'Il n\u2019\u00e9tait ni form\u00e9 ni \u00e9quip\u00e9 !' Apr\u00e8s le d\u00e9c\u00e8s de Mathias dans un accident du travail, sa famille porte plainte pour homicide involontaire - ACCIDENTDUTRAVAIL-IDF\",\"isPartOf\":{\"@id\":\"https:\\\/\\\/www.accidentdutravail-idf.net\\\/blog\\\/#website\"},\"primaryImageOfPage\":{\"@id\":\"https:\\\/\\\/www.accidentdutravail-idf.net\\\/blog\\\/il-netait-ni-forme-ni-equipe-apres-le-deces-de-mathias-dans-un-accident-du-travail-sa-famille-porte-plainte-pour-homicide-involontaire\\\/#primaryimage\"},\"image\":{\"@id\":\"https:\\\/\\\/www.accidentdutravail-idf.net\\\/blog\\\/il-netait-ni-forme-ni-equipe-apres-le-deces-de-mathias-dans-un-accident-du-travail-sa-famille-porte-plainte-pour-homicide-involontaire\\\/#primaryimage\"},\"thumbnailUrl\":\"https:\\\/\\\/www.accidentdutravail-idf.net\\\/blog\\\/wp-content\\\/uploads\\\/2024\\\/12\\\/il-netait-ni-forme-ni-equipe-apres-le-deces-de-mathias-dans-un-accident-du-travail-sa-famille-porte-plainte-pour-homicide-involontaire.jpg\",\"datePublished\":\"2024-12-04T02:02:00+00:00\",\"description\":\"'Il n\u2019\u00e9tait ni form\u00e9 ni \u00e9quip\u00e9 !' Apr\u00e8s le d\u00e9c\u00e8s de Mathias dans un accident du travail, sa famille porte plainte pour homicide involontaire article de ACCIDENTDUTRAVAIL-IDF\",\"breadcrumb\":{\"@id\":\"https:\\\/\\\/www.accidentdutravail-idf.net\\\/blog\\\/il-netait-ni-forme-ni-equipe-apres-le-deces-de-mathias-dans-un-accident-du-travail-sa-famille-porte-plainte-pour-homicide-involontaire\\\/#breadcrumb\"},\"inLanguage\":\"fr-FR\",\"potentialAction\":[{\"@type\":\"ReadAction\",\"target\":[\"https:\\\/\\\/www.accidentdutravail-idf.net\\\/blog\\\/il-netait-ni-forme-ni-equipe-apres-le-deces-de-mathias-dans-un-accident-du-travail-sa-famille-porte-plainte-pour-homicide-involontaire\\\/\"]}]},{\"@type\":\"ImageObject\",\"inLanguage\":\"fr-FR\",\"@id\":\"https:\\\/\\\/www.accidentdutravail-idf.net\\\/blog\\\/il-netait-ni-forme-ni-equipe-apres-le-deces-de-mathias-dans-un-accident-du-travail-sa-famille-porte-plainte-pour-homicide-involontaire\\\/#primaryimage\",\"url\":\"https:\\\/\\\/www.accidentdutravail-idf.net\\\/blog\\\/wp-content\\\/uploads\\\/2024\\\/12\\\/il-netait-ni-forme-ni-equipe-apres-le-deces-de-mathias-dans-un-accident-du-travail-sa-famille-porte-plainte-pour-homicide-involontaire.jpg\",\"contentUrl\":\"https:\\\/\\\/www.accidentdutravail-idf.net\\\/blog\\\/wp-content\\\/uploads\\\/2024\\\/12\\\/il-netait-ni-forme-ni-equipe-apres-le-deces-de-mathias-dans-un-accident-du-travail-sa-famille-porte-plainte-pour-homicide-involontaire.jpg\"},{\"@type\":\"BreadcrumbList\",\"@id\":\"https:\\\/\\\/www.accidentdutravail-idf.net\\\/blog\\\/il-netait-ni-forme-ni-equipe-apres-le-deces-de-mathias-dans-un-accident-du-travail-sa-famille-porte-plainte-pour-homicide-involontaire\\\/#breadcrumb\",\"itemListElement\":[{\"@type\":\"ListItem\",\"position\":1,\"name\":\"Accueil\",\"item\":\"https:\\\/\\\/www.accidentdutravail-idf.net\\\/blog\\\/\"},{\"@type\":\"ListItem\",\"position\":2,\"name\":\"&lsquo;Il n\u2019\u00e9tait ni form\u00e9 ni \u00e9quip\u00e9 !&rsquo; Apr\u00e8s le d\u00e9c\u00e8s de Mathias dans un accident du travail, sa famille porte plainte pour homicide involontaire\"}]},{\"@type\":\"WebSite\",\"@id\":\"https:\\\/\\\/www.accidentdutravail-idf.net\\\/blog\\\/#website\",\"url\":\"https:\\\/\\\/www.accidentdutravail-idf.net\\\/blog\\\/\",\"name\":\"ACCIDENTDUTRAVAIL-IDF\",\"description\":\"Portail accidents du travail-maladies professionnelles des entreprises d&#039;Ile-de-France\",\"publisher\":{\"@id\":\"https:\\\/\\\/www.accidentdutravail-idf.net\\\/blog\\\/#organization\"},\"potentialAction\":[{\"@type\":\"SearchAction\",\"target\":{\"@type\":\"EntryPoint\",\"urlTemplate\":\"https:\\\/\\\/www.accidentdutravail-idf.net\\\/blog\\\/?s={search_term_string}\"},\"query-input\":{\"@type\":\"PropertyValueSpecification\",\"valueRequired\":true,\"valueName\":\"search_term_string\"}}],\"inLanguage\":\"fr-FR\"},{\"@type\":\"Organization\",\"@id\":\"https:\\\/\\\/www.accidentdutravail-idf.net\\\/blog\\\/#organization\",\"name\":\"accidentdutravail-idf\",\"url\":\"https:\\\/\\\/www.accidentdutravail-idf.net\\\/blog\\\/\",\"logo\":{\"@type\":\"ImageObject\",\"inLanguage\":\"fr-FR\",\"@id\":\"https:\\\/\\\/www.accidentdutravail-idf.net\\\/blog\\\/#\\\/schema\\\/logo\\\/image\\\/\",\"url\":\"https:\\\/\\\/www.accidentdutravail-idf.net\\\/blog\\\/wp-content\\\/uploads\\\/2022\\\/09\\\/logo-2.png\",\"contentUrl\":\"https:\\\/\\\/www.accidentdutravail-idf.net\\\/blog\\\/wp-content\\\/uploads\\\/2022\\\/09\\\/logo-2.png\",\"width\":380,\"height\":291,\"caption\":\"accidentdutravail-idf\"},\"image\":{\"@id\":\"https:\\\/\\\/www.accidentdutravail-idf.net\\\/blog\\\/#\\\/schema\\\/logo\\\/image\\\/\"}},{\"@type\":\"Person\",\"@id\":\"https:\\\/\\\/www.accidentdutravail-idf.net\\\/blog\\\/#\\\/schema\\\/person\\\/3255d2f970de45e64bd9201f38e7b947\",\"name\":\"Carlos Poulain\",\"image\":{\"@type\":\"ImageObject\",\"inLanguage\":\"fr-FR\",\"@id\":\"https:\\\/\\\/secure.gravatar.com\\\/avatar\\\/b1c2f9d3588e34e91adb093635df64ef4b2381991216be7576466cfcdca4baf3?s=96&d=mm&r=g\",\"url\":\"https:\\\/\\\/secure.gravatar.com\\\/avatar\\\/b1c2f9d3588e34e91adb093635df64ef4b2381991216be7576466cfcdca4baf3?s=96&d=mm&r=g\",\"contentUrl\":\"https:\\\/\\\/secure.gravatar.com\\\/avatar\\\/b1c2f9d3588e34e91adb093635df64ef4b2381991216be7576466cfcdca4baf3?s=96&d=mm&r=g\",\"caption\":\"Carlos Poulain\"},\"url\":\"https:\\\/\\\/www.accidentdutravail-idf.net\\\/blog\\\/author\\\/idfcarlos\\\/\"}]}<\/script>\n<!-- \/ Yoast SEO plugin. -->","yoast_head_json":{"title":"'Il n\u2019\u00e9tait ni form\u00e9 ni \u00e9quip\u00e9 !' Apr\u00e8s le d\u00e9c\u00e8s de Mathias dans un accident du travail, sa famille porte plainte pour homicide involontaire - ACCIDENTDUTRAVAIL-IDF","description":"'Il n\u2019\u00e9tait ni form\u00e9 ni \u00e9quip\u00e9 !' Apr\u00e8s le d\u00e9c\u00e8s de Mathias dans un accident du travail, sa famille porte plainte pour homicide involontaire article de ACCIDENTDUTRAVAIL-IDF","robots":{"index":"index","follow":"follow","max-snippet":"max-snippet:-1","max-image-preview":"max-image-preview:large","max-video-preview":"max-video-preview:-1"},"canonical":"https:\/\/www.accidentdutravail-idf.net\/blog\/il-netait-ni-forme-ni-equipe-apres-le-deces-de-mathias-dans-un-accident-du-travail-sa-famille-porte-plainte-pour-homicide-involontaire\/","og_locale":"fr_FR","og_type":"article","og_title":"'Il n\u2019\u00e9tait ni form\u00e9 ni \u00e9quip\u00e9 !' Apr\u00e8s le d\u00e9c\u00e8s de Mathias dans un accident du travail, sa famille porte plainte pour homicide involontaire - ACCIDENTDUTRAVAIL-IDF","og_description":"'Il n\u2019\u00e9tait ni form\u00e9 ni \u00e9quip\u00e9 !' Apr\u00e8s le d\u00e9c\u00e8s de Mathias dans un accident du travail, sa famille porte plainte pour homicide involontaire article de ACCIDENTDUTRAVAIL-IDF","og_url":"https:\/\/www.accidentdutravail-idf.net\/blog\/il-netait-ni-forme-ni-equipe-apres-le-deces-de-mathias-dans-un-accident-du-travail-sa-famille-porte-plainte-pour-homicide-involontaire\/","og_site_name":"ACCIDENTDUTRAVAIL-IDF","article_published_time":"2024-12-04T02:02:00+00:00","og_image":[{"url":"https:\/\/www.accidentdutravail-idf.net\/blog\/wp-content\/uploads\/2024\/12\/il-netait-ni-forme-ni-equipe-apres-le-deces-de-mathias-dans-un-accident-du-travail-sa-famille-porte-plainte-pour-homicide-involontaire.jpg","type":"","width":"","height":""}],"author":"Carlos Poulain","twitter_card":"summary_large_image","twitter_misc":{"\u00c9crit par":"Carlos Poulain","Dur\u00e9e de lecture estim\u00e9e":"4 minutes"},"schema":{"@context":"https:\/\/schema.org","@graph":[{"@type":"Article","@id":"https:\/\/www.accidentdutravail-idf.net\/blog\/il-netait-ni-forme-ni-equipe-apres-le-deces-de-mathias-dans-un-accident-du-travail-sa-famille-porte-plainte-pour-homicide-involontaire\/#article","isPartOf":{"@id":"https:\/\/www.accidentdutravail-idf.net\/blog\/il-netait-ni-forme-ni-equipe-apres-le-deces-de-mathias-dans-un-accident-du-travail-sa-famille-porte-plainte-pour-homicide-involontaire\/"},"author":{"name":"Carlos Poulain","@id":"https:\/\/www.accidentdutravail-idf.net\/blog\/#\/schema\/person\/3255d2f970de45e64bd9201f38e7b947"},"headline":"&lsquo;Il n\u2019\u00e9tait ni form\u00e9 ni \u00e9quip\u00e9 !&rsquo; Apr\u00e8s le d\u00e9c\u00e8s de Mathias dans un accident du travail, sa famille porte plainte pour homicide involontaire","datePublished":"2024-12-04T02:02:00+00:00","mainEntityOfPage":{"@id":"https:\/\/www.accidentdutravail-idf.net\/blog\/il-netait-ni-forme-ni-equipe-apres-le-deces-de-mathias-dans-un-accident-du-travail-sa-famille-porte-plainte-pour-homicide-involontaire\/"},"wordCount":758,"publisher":{"@id":"https:\/\/www.accidentdutravail-idf.net\/blog\/#organization"},"image":{"@id":"https:\/\/www.accidentdutravail-idf.net\/blog\/il-netait-ni-forme-ni-equipe-apres-le-deces-de-mathias-dans-un-accident-du-travail-sa-famille-porte-plainte-pour-homicide-involontaire\/#primaryimage"},"thumbnailUrl":"https:\/\/www.accidentdutravail-idf.net\/blog\/wp-content\/uploads\/2024\/12\/il-netait-ni-forme-ni-equipe-apres-le-deces-de-mathias-dans-un-accident-du-travail-sa-famille-porte-plainte-pour-homicide-involontaire.jpg","articleSection":["S\u00e9curit\u00e9 Du Travail En Ile-De-France Et Divers:"],"inLanguage":"fr-FR"},{"@type":"WebPage","@id":"https:\/\/www.accidentdutravail-idf.net\/blog\/il-netait-ni-forme-ni-equipe-apres-le-deces-de-mathias-dans-un-accident-du-travail-sa-famille-porte-plainte-pour-homicide-involontaire\/","url":"https:\/\/www.accidentdutravail-idf.net\/blog\/il-netait-ni-forme-ni-equipe-apres-le-deces-de-mathias-dans-un-accident-du-travail-sa-famille-porte-plainte-pour-homicide-involontaire\/","name":"'Il n\u2019\u00e9tait ni form\u00e9 ni \u00e9quip\u00e9 !' Apr\u00e8s le d\u00e9c\u00e8s de Mathias dans un accident du travail, sa famille porte plainte pour homicide involontaire - ACCIDENTDUTRAVAIL-IDF","isPartOf":{"@id":"https:\/\/www.accidentdutravail-idf.net\/blog\/#website"},"primaryImageOfPage":{"@id":"https:\/\/www.accidentdutravail-idf.net\/blog\/il-netait-ni-forme-ni-equipe-apres-le-deces-de-mathias-dans-un-accident-du-travail-sa-famille-porte-plainte-pour-homicide-involontaire\/#primaryimage"},"image":{"@id":"https:\/\/www.accidentdutravail-idf.net\/blog\/il-netait-ni-forme-ni-equipe-apres-le-deces-de-mathias-dans-un-accident-du-travail-sa-famille-porte-plainte-pour-homicide-involontaire\/#primaryimage"},"thumbnailUrl":"https:\/\/www.accidentdutravail-idf.net\/blog\/wp-content\/uploads\/2024\/12\/il-netait-ni-forme-ni-equipe-apres-le-deces-de-mathias-dans-un-accident-du-travail-sa-famille-porte-plainte-pour-homicide-involontaire.jpg","datePublished":"2024-12-04T02:02:00+00:00","description":"'Il n\u2019\u00e9tait ni form\u00e9 ni \u00e9quip\u00e9 !' Apr\u00e8s le d\u00e9c\u00e8s de Mathias dans un accident du travail, sa famille porte plainte pour homicide involontaire article de ACCIDENTDUTRAVAIL-IDF","breadcrumb":{"@id":"https:\/\/www.accidentdutravail-idf.net\/blog\/il-netait-ni-forme-ni-equipe-apres-le-deces-de-mathias-dans-un-accident-du-travail-sa-famille-porte-plainte-pour-homicide-involontaire\/#breadcrumb"},"inLanguage":"fr-FR","potentialAction":[{"@type":"ReadAction","target":["https:\/\/www.accidentdutravail-idf.net\/blog\/il-netait-ni-forme-ni-equipe-apres-le-deces-de-mathias-dans-un-accident-du-travail-sa-famille-porte-plainte-pour-homicide-involontaire\/"]}]},{"@type":"ImageObject","inLanguage":"fr-FR","@id":"https:\/\/www.accidentdutravail-idf.net\/blog\/il-netait-ni-forme-ni-equipe-apres-le-deces-de-mathias-dans-un-accident-du-travail-sa-famille-porte-plainte-pour-homicide-involontaire\/#primaryimage","url":"https:\/\/www.accidentdutravail-idf.net\/blog\/wp-content\/uploads\/2024\/12\/il-netait-ni-forme-ni-equipe-apres-le-deces-de-mathias-dans-un-accident-du-travail-sa-famille-porte-plainte-pour-homicide-involontaire.jpg","contentUrl":"https:\/\/www.accidentdutravail-idf.net\/blog\/wp-content\/uploads\/2024\/12\/il-netait-ni-forme-ni-equipe-apres-le-deces-de-mathias-dans-un-accident-du-travail-sa-famille-porte-plainte-pour-homicide-involontaire.jpg"},{"@type":"BreadcrumbList","@id":"https:\/\/www.accidentdutravail-idf.net\/blog\/il-netait-ni-forme-ni-equipe-apres-le-deces-de-mathias-dans-un-accident-du-travail-sa-famille-porte-plainte-pour-homicide-involontaire\/#breadcrumb","itemListElement":[{"@type":"ListItem","position":1,"name":"Accueil","item":"https:\/\/www.accidentdutravail-idf.net\/blog\/"},{"@type":"ListItem","position":2,"name":"&lsquo;Il n\u2019\u00e9tait ni form\u00e9 ni \u00e9quip\u00e9 !&rsquo; Apr\u00e8s le d\u00e9c\u00e8s de Mathias dans un accident du travail, sa famille porte plainte pour homicide involontaire"}]},{"@type":"WebSite","@id":"https:\/\/www.accidentdutravail-idf.net\/blog\/#website","url":"https:\/\/www.accidentdutravail-idf.net\/blog\/","name":"ACCIDENTDUTRAVAIL-IDF","description":"Portail accidents du travail-maladies professionnelles des entreprises d&#039;Ile-de-France","publisher":{"@id":"https:\/\/www.accidentdutravail-idf.net\/blog\/#organization"},"potentialAction":[{"@type":"SearchAction","target":{"@type":"EntryPoint","urlTemplate":"https:\/\/www.accidentdutravail-idf.net\/blog\/?s={search_term_string}"},"query-input":{"@type":"PropertyValueSpecification","valueRequired":true,"valueName":"search_term_string"}}],"inLanguage":"fr-FR"},{"@type":"Organization","@id":"https:\/\/www.accidentdutravail-idf.net\/blog\/#organization","name":"accidentdutravail-idf","url":"https:\/\/www.accidentdutravail-idf.net\/blog\/","logo":{"@type":"ImageObject","inLanguage":"fr-FR","@id":"https:\/\/www.accidentdutravail-idf.net\/blog\/#\/schema\/logo\/image\/","url":"https:\/\/www.accidentdutravail-idf.net\/blog\/wp-content\/uploads\/2022\/09\/logo-2.png","contentUrl":"https:\/\/www.accidentdutravail-idf.net\/blog\/wp-content\/uploads\/2022\/09\/logo-2.png","width":380,"height":291,"caption":"accidentdutravail-idf"},"image":{"@id":"https:\/\/www.accidentdutravail-idf.net\/blog\/#\/schema\/logo\/image\/"}},{"@type":"Person","@id":"https:\/\/www.accidentdutravail-idf.net\/blog\/#\/schema\/person\/3255d2f970de45e64bd9201f38e7b947","name":"Carlos Poulain","image":{"@type":"ImageObject","inLanguage":"fr-FR","@id":"https:\/\/secure.gravatar.com\/avatar\/b1c2f9d3588e34e91adb093635df64ef4b2381991216be7576466cfcdca4baf3?s=96&d=mm&r=g","url":"https:\/\/secure.gravatar.com\/avatar\/b1c2f9d3588e34e91adb093635df64ef4b2381991216be7576466cfcdca4baf3?s=96&d=mm&r=g","contentUrl":"https:\/\/secure.gravatar.com\/avatar\/b1c2f9d3588e34e91adb093635df64ef4b2381991216be7576466cfcdca4baf3?s=96&d=mm&r=g","caption":"Carlos Poulain"},"url":"https:\/\/www.accidentdutravail-idf.net\/blog\/author\/idfcarlos\/"}]}},"_links":{"self":[{"href":"https:\/\/www.accidentdutravail-idf.net\/blog\/wp-json\/wp\/v2\/posts\/1056","targetHints":{"allow":["GET"]}}],"collection":[{"href":"https:\/\/www.accidentdutravail-idf.net\/blog\/wp-json\/wp\/v2\/posts"}],"about":[{"href":"https:\/\/www.accidentdutravail-idf.net\/blog\/wp-json\/wp\/v2\/types\/post"}],"author":[{"embeddable":true,"href":"https:\/\/www.accidentdutravail-idf.net\/blog\/wp-json\/wp\/v2\/users\/2"}],"replies":[{"embeddable":true,"href":"https:\/\/www.accidentdutravail-idf.net\/blog\/wp-json\/wp\/v2\/comments?post=1056"}],"version-history":[{"count":0,"href":"https:\/\/www.accidentdutravail-idf.net\/blog\/wp-json\/wp\/v2\/posts\/1056\/revisions"}],"wp:attachment":[{"href":"https:\/\/www.accidentdutravail-idf.net\/blog\/wp-json\/wp\/v2\/media?parent=1056"}],"wp:term":[{"taxonomy":"category","embeddable":true,"href":"https:\/\/www.accidentdutravail-idf.net\/blog\/wp-json\/wp\/v2\/categories?post=1056"},{"taxonomy":"post_tag","embeddable":true,"href":"https:\/\/www.accidentdutravail-idf.net\/blog\/wp-json\/wp\/v2\/tags?post=1056"}],"curies":[{"name":"wp","href":"https:\/\/api.w.org\/{rel}","templated":true}]}}