{"id":1046,"date":"2024-11-30T00:13:00","date_gmt":"2024-11-29T23:13:00","guid":{"rendered":"https:\/\/www.accidentdutravail-idf.net\/blog\/drame-dans-leure-un-homme-meurt-dans-un-accident-sur-une-exploitation-agricole\/"},"modified":"2024-11-30T00:13:00","modified_gmt":"2024-11-29T23:13:00","slug":"drame-dans-leure-un-homme-meurt-dans-un-accident-sur-une-exploitation-agricole","status":"publish","type":"post","link":"https:\/\/www.accidentdutravail-idf.net\/blog\/drame-dans-leure-un-homme-meurt-dans-un-accident-sur-une-exploitation-agricole\/","title":{"rendered":"Drame dans l&rsquo;Eure : un homme meurt dans un accident sur une exploitation agricole"},"content":{"rendered":"<div><img decoding=\"async\" src=\"https:\/\/www.accidentdutravail-idf.net\/blog\/wp-content\/uploads\/2024\/11\/drame-dans-leure-un-homme-meurt-dans-un-accident-sur-une-exploitation-agricole.jpg\" class=\"ff-og-image-inserted\"><\/div>\n<div class=\"ac-article-date\"> Par <strong> <a href=\"https:\/\/actu.fr\/auteur\/julien-bouteiller\" title=\"Consulter tous les articles de Julien Bouteiller\" target=\"_blank\" rel=\"nofollow\">Julien Bouteiller<\/a> <\/strong> <span> Publi\u00e9 le  30 nov. 2024 \u00e0 8h03  <\/span>\n<\/div>\n<p> <span class=\"ac-article-follow__link\" data-trk=\"{&quot;cta&quot;:{&quot;action&quot;:&quot;https:\\\/\\\/actu.fr\\\/mon-actu&quot;,&quot;category&quot;:&quot;mon compte&quot;,&quot;from&quot;:&quot;article header&quot;,&quot;name&quot;:&quot;Voir mon actu&quot;,&quot;type&quot;:&quot;cta&quot;}}\">Voir mon actu<\/span> <button type=\"button\" class=\"ac-btn ac-btn--mini ac-btn--blue ac-icon--star-empty\" data-follow=\"Suivre 76actu\" data-unfollow=\"Retirer\">Suivre 76actu<\/button>\n<\/p>\n<p><strong>Dramatique accident du travail dans l\u2019Eure.<\/strong> Un homme est <strong>mort<\/strong> vendredi 29 novembre 2024, sur une exploitation agricole \u00e0 <a href=\"https:\/\/actu.fr\/normandie\/illiers-l-eveque_27350\" target=\"_blank\" rel=\"nofollow\">Illiers-l\u2019\u00c9v\u00eaque<\/a>, commune situ\u00e9e au sud <strong>d\u2019\u00c9vreux<\/strong>.<\/p>\n<h2>Un homme meurt dans une exploitation agricole<\/h2>\n<p>Selon le Service d\u00e9partemental d\u2019incendie et de secours, les pompiers ont \u00e9t\u00e9 appel\u00e9s peu apr\u00e8s 16 heures pour<strong> \u00ab&nbsp;un homme de 46 ans coinc\u00e9 entre une roue et un semoir&nbsp;\u00bb<\/strong> sur une exploitation agricole situ\u00e9e sur la route d\u00e9partementale 53.<\/p>\n<p>Une version contredite par un t\u00e9moin de l\u2019accident. D\u2019apr\u00e8s nos confr\u00e8res de&nbsp;<a href=\"https:\/\/www.paris-normandie.fr\/id583129\/article\/2024-11-30\/dans-leure-un-ouvrier-agricole-decede-dun-malaise-cardiaque-illiers-leveque\" target=\"_blank\" rel=\"nofollow\"><em>Paris-Normandie<\/em><\/a>, il aurait succomb\u00e9 \u00e0 un malaise cardiaque.<\/p>\n<div class=\"ac-article-to-read\">\n<p>\u00c0 lire aussi<\/p>\n<\/div>\n<p>Malheureusement, les huit pompiers et le Smur de Dreux d\u00e9p\u00each\u00e9s sur place n\u2019ont pu que constater le d\u00e9c\u00e8s de la victime.<\/p>\n<p><i>Suivez toute l\u2019actualit\u00e9 de vos villes et m\u00e9dias favoris en vous inscrivant \u00e0 <a href=\"https:\/\/moncompte.actu.fr\" title=\"D\u00e9couvez Mon Actu\" rel=\"nofollow\" data-trk=\"{&quot;cta&quot;:{&quot;action&quot;:&quot;https:\\\/\\\/moncompte.actu.fr&quot;,&quot;category&quot;:&quot;mon compte&quot;,&quot;from&quot;:&quot;article footer&quot;,&quot;name&quot;:&quot;Mon actu&quot;,&quot;type&quot;:&quot;cta&quot;}}\" target=\"_blank\">Mon Actu<\/a>.<\/i><\/p>\n<p> accidentdutravail-idf.net vous a pr\u00e9par\u00e9 ce post qui informe du sujet \u00ab\u00a0Association Sportive Huisson-Longueville Essonne\u00a0\u00bb. La chronique se veut g\u00e9n\u00e9r\u00e9e du mieux possible. Vous pouvez utiliser les coordonn\u00e9es indiqu\u00e9es sur le site dans le but d\u2019apporter des explications sur ce post qui parle du th\u00e8me \u00ab\u00a0Association Sportive Huisson-Longueville Essonne\u00a0\u00bb. Le site accidentdutravail-idf.net a pour but de fournir diverses publications sur la th\u00e9matique Association Sportive Huisson-Longueville Essonne diffus\u00e9es sur le net. Il y aura plusieurs articles autour du sujet \u00ab\u00a0Association Sportive Huisson-Longueville Essonne\u00a0\u00bb dans quelques jours, nous vous invitons \u00e0 naviguer sur notre site web \u00e0 plusieurs reprises.<\/p>\n","protected":false},"excerpt":{"rendered":"<p>Par Julien Bouteiller Publi\u00e9 le 30 nov. 2024 \u00e0 8h03 Voir mon actu Suivre 76actu Dramatique accident du travail dans l\u2019Eure. Un homme est mort vendredi 29 novembre 2024, sur une exploitation agricole \u00e0 Illiers-l\u2019\u00c9v\u00eaque, commune situ\u00e9e au sud d\u2019\u00c9vreux. Un homme meurt dans une exploitation agricole Selon le Service d\u00e9partemental d\u2019incendie et de secours, &hellip; <\/p>\n<p class=\"link-more\"><a href=\"https:\/\/www.accidentdutravail-idf.net\/blog\/drame-dans-leure-un-homme-meurt-dans-un-accident-sur-une-exploitation-agricole\/\" class=\"more-link\">Continuer la lecture <span class=\"screen-reader-text\"> \u00ab\u00a0Drame dans l&rsquo;Eure : un homme meurt dans un accident sur une exploitation agricole\u00a0\u00bb<\/span><\/a><\/p>\n","protected":false},"author":2,"featured_media":0,"comment_status":"closed","ping_status":"closed","sticky":false,"template":"","format":"standard","meta":{"footnotes":""},"categories":[5],"tags":[],"class_list":["post-1046","post","type-post","status-publish","format-standard","hentry","category-securite-du-travail-en-ile-de-france-et-divers","entry"],"yoast_head":"<!-- This site is optimized with the Yoast SEO plugin v27.5 - https:\/\/yoast.com\/product\/yoast-seo-wordpress\/ -->\n<title>Drame dans l&#039;Eure : un homme meurt dans un accident sur une exploitation agricole - ACCIDENTDUTRAVAIL-IDF<\/title>\n<meta name=\"description\" content=\"Drame dans l&#039;Eure : un homme meurt dans un accident sur une exploitation agricole article de ACCIDENTDUTRAVAIL-IDF\" \/>\n<meta name=\"robots\" content=\"index, follow, max-snippet:-1, max-image-preview:large, max-video-preview:-1\" \/>\n<link rel=\"canonical\" href=\"https:\/\/www.accidentdutravail-idf.net\/blog\/drame-dans-leure-un-homme-meurt-dans-un-accident-sur-une-exploitation-agricole\/\" \/>\n<meta property=\"og:locale\" content=\"fr_FR\" \/>\n<meta property=\"og:type\" content=\"article\" \/>\n<meta property=\"og:title\" content=\"Drame dans l&#039;Eure : un homme meurt dans un accident sur une exploitation agricole - ACCIDENTDUTRAVAIL-IDF\" \/>\n<meta property=\"og:description\" content=\"Drame dans l&#039;Eure : un homme meurt dans un accident sur une exploitation agricole article de ACCIDENTDUTRAVAIL-IDF\" \/>\n<meta property=\"og:url\" content=\"https:\/\/www.accidentdutravail-idf.net\/blog\/drame-dans-leure-un-homme-meurt-dans-un-accident-sur-une-exploitation-agricole\/\" \/>\n<meta property=\"og:site_name\" content=\"ACCIDENTDUTRAVAIL-IDF\" \/>\n<meta property=\"article:published_time\" content=\"2024-11-29T23:13:00+00:00\" \/>\n<meta property=\"og:image\" content=\"https:\/\/www.accidentdutravail-idf.net\/blog\/wp-content\/uploads\/2024\/11\/drame-dans-leure-un-homme-meurt-dans-un-accident-sur-une-exploitation-agricole.jpg\" \/>\n<meta name=\"author\" content=\"Carlos Poulain\" \/>\n<meta name=\"twitter:card\" content=\"summary_large_image\" \/>\n<meta name=\"twitter:label1\" content=\"\u00c9crit par\" \/>\n\t<meta name=\"twitter:data1\" content=\"Carlos Poulain\" \/>\n\t<meta name=\"twitter:label2\" content=\"Dur\u00e9e de lecture estim\u00e9e\" \/>\n\t<meta name=\"twitter:data2\" content=\"1 minute\" \/>\n<script type=\"application\/ld+json\" class=\"yoast-schema-graph\">{\"@context\":\"https:\\\/\\\/schema.org\",\"@graph\":[{\"@type\":\"Article\",\"@id\":\"https:\\\/\\\/www.accidentdutravail-idf.net\\\/blog\\\/drame-dans-leure-un-homme-meurt-dans-un-accident-sur-une-exploitation-agricole\\\/#article\",\"isPartOf\":{\"@id\":\"https:\\\/\\\/www.accidentdutravail-idf.net\\\/blog\\\/drame-dans-leure-un-homme-meurt-dans-un-accident-sur-une-exploitation-agricole\\\/\"},\"author\":{\"name\":\"Carlos Poulain\",\"@id\":\"https:\\\/\\\/www.accidentdutravail-idf.net\\\/blog\\\/#\\\/schema\\\/person\\\/3255d2f970de45e64bd9201f38e7b947\"},\"headline\":\"Drame dans l&rsquo;Eure : un homme meurt dans un accident sur une exploitation agricole\",\"datePublished\":\"2024-11-29T23:13:00+00:00\",\"mainEntityOfPage\":{\"@id\":\"https:\\\/\\\/www.accidentdutravail-idf.net\\\/blog\\\/drame-dans-leure-un-homme-meurt-dans-un-accident-sur-une-exploitation-agricole\\\/\"},\"wordCount\":280,\"publisher\":{\"@id\":\"https:\\\/\\\/www.accidentdutravail-idf.net\\\/blog\\\/#organization\"},\"image\":{\"@id\":\"https:\\\/\\\/www.accidentdutravail-idf.net\\\/blog\\\/drame-dans-leure-un-homme-meurt-dans-un-accident-sur-une-exploitation-agricole\\\/#primaryimage\"},\"thumbnailUrl\":\"https:\\\/\\\/www.accidentdutravail-idf.net\\\/blog\\\/wp-content\\\/uploads\\\/2024\\\/11\\\/drame-dans-leure-un-homme-meurt-dans-un-accident-sur-une-exploitation-agricole.jpg\",\"articleSection\":[\"S\u00e9curit\u00e9 Du Travail En Ile-De-France Et Divers:\"],\"inLanguage\":\"fr-FR\"},{\"@type\":\"WebPage\",\"@id\":\"https:\\\/\\\/www.accidentdutravail-idf.net\\\/blog\\\/drame-dans-leure-un-homme-meurt-dans-un-accident-sur-une-exploitation-agricole\\\/\",\"url\":\"https:\\\/\\\/www.accidentdutravail-idf.net\\\/blog\\\/drame-dans-leure-un-homme-meurt-dans-un-accident-sur-une-exploitation-agricole\\\/\",\"name\":\"Drame dans l'Eure : un homme meurt dans un accident sur une exploitation agricole - ACCIDENTDUTRAVAIL-IDF\",\"isPartOf\":{\"@id\":\"https:\\\/\\\/www.accidentdutravail-idf.net\\\/blog\\\/#website\"},\"primaryImageOfPage\":{\"@id\":\"https:\\\/\\\/www.accidentdutravail-idf.net\\\/blog\\\/drame-dans-leure-un-homme-meurt-dans-un-accident-sur-une-exploitation-agricole\\\/#primaryimage\"},\"image\":{\"@id\":\"https:\\\/\\\/www.accidentdutravail-idf.net\\\/blog\\\/drame-dans-leure-un-homme-meurt-dans-un-accident-sur-une-exploitation-agricole\\\/#primaryimage\"},\"thumbnailUrl\":\"https:\\\/\\\/www.accidentdutravail-idf.net\\\/blog\\\/wp-content\\\/uploads\\\/2024\\\/11\\\/drame-dans-leure-un-homme-meurt-dans-un-accident-sur-une-exploitation-agricole.jpg\",\"datePublished\":\"2024-11-29T23:13:00+00:00\",\"description\":\"Drame dans l'Eure : un homme meurt dans un accident sur une exploitation agricole article de ACCIDENTDUTRAVAIL-IDF\",\"breadcrumb\":{\"@id\":\"https:\\\/\\\/www.accidentdutravail-idf.net\\\/blog\\\/drame-dans-leure-un-homme-meurt-dans-un-accident-sur-une-exploitation-agricole\\\/#breadcrumb\"},\"inLanguage\":\"fr-FR\",\"potentialAction\":[{\"@type\":\"ReadAction\",\"target\":[\"https:\\\/\\\/www.accidentdutravail-idf.net\\\/blog\\\/drame-dans-leure-un-homme-meurt-dans-un-accident-sur-une-exploitation-agricole\\\/\"]}]},{\"@type\":\"ImageObject\",\"inLanguage\":\"fr-FR\",\"@id\":\"https:\\\/\\\/www.accidentdutravail-idf.net\\\/blog\\\/drame-dans-leure-un-homme-meurt-dans-un-accident-sur-une-exploitation-agricole\\\/#primaryimage\",\"url\":\"https:\\\/\\\/www.accidentdutravail-idf.net\\\/blog\\\/wp-content\\\/uploads\\\/2024\\\/11\\\/drame-dans-leure-un-homme-meurt-dans-un-accident-sur-une-exploitation-agricole.jpg\",\"contentUrl\":\"https:\\\/\\\/www.accidentdutravail-idf.net\\\/blog\\\/wp-content\\\/uploads\\\/2024\\\/11\\\/drame-dans-leure-un-homme-meurt-dans-un-accident-sur-une-exploitation-agricole.jpg\"},{\"@type\":\"BreadcrumbList\",\"@id\":\"https:\\\/\\\/www.accidentdutravail-idf.net\\\/blog\\\/drame-dans-leure-un-homme-meurt-dans-un-accident-sur-une-exploitation-agricole\\\/#breadcrumb\",\"itemListElement\":[{\"@type\":\"ListItem\",\"position\":1,\"name\":\"Accueil\",\"item\":\"https:\\\/\\\/www.accidentdutravail-idf.net\\\/blog\\\/\"},{\"@type\":\"ListItem\",\"position\":2,\"name\":\"Drame dans l&rsquo;Eure : un homme meurt dans un accident sur une exploitation agricole\"}]},{\"@type\":\"WebSite\",\"@id\":\"https:\\\/\\\/www.accidentdutravail-idf.net\\\/blog\\\/#website\",\"url\":\"https:\\\/\\\/www.accidentdutravail-idf.net\\\/blog\\\/\",\"name\":\"ACCIDENTDUTRAVAIL-IDF\",\"description\":\"Portail accidents du travail-maladies professionnelles des entreprises d&#039;Ile-de-France\",\"publisher\":{\"@id\":\"https:\\\/\\\/www.accidentdutravail-idf.net\\\/blog\\\/#organization\"},\"potentialAction\":[{\"@type\":\"SearchAction\",\"target\":{\"@type\":\"EntryPoint\",\"urlTemplate\":\"https:\\\/\\\/www.accidentdutravail-idf.net\\\/blog\\\/?s={search_term_string}\"},\"query-input\":{\"@type\":\"PropertyValueSpecification\",\"valueRequired\":true,\"valueName\":\"search_term_string\"}}],\"inLanguage\":\"fr-FR\"},{\"@type\":\"Organization\",\"@id\":\"https:\\\/\\\/www.accidentdutravail-idf.net\\\/blog\\\/#organization\",\"name\":\"accidentdutravail-idf\",\"url\":\"https:\\\/\\\/www.accidentdutravail-idf.net\\\/blog\\\/\",\"logo\":{\"@type\":\"ImageObject\",\"inLanguage\":\"fr-FR\",\"@id\":\"https:\\\/\\\/www.accidentdutravail-idf.net\\\/blog\\\/#\\\/schema\\\/logo\\\/image\\\/\",\"url\":\"https:\\\/\\\/www.accidentdutravail-idf.net\\\/blog\\\/wp-content\\\/uploads\\\/2022\\\/09\\\/logo-2.png\",\"contentUrl\":\"https:\\\/\\\/www.accidentdutravail-idf.net\\\/blog\\\/wp-content\\\/uploads\\\/2022\\\/09\\\/logo-2.png\",\"width\":380,\"height\":291,\"caption\":\"accidentdutravail-idf\"},\"image\":{\"@id\":\"https:\\\/\\\/www.accidentdutravail-idf.net\\\/blog\\\/#\\\/schema\\\/logo\\\/image\\\/\"}},{\"@type\":\"Person\",\"@id\":\"https:\\\/\\\/www.accidentdutravail-idf.net\\\/blog\\\/#\\\/schema\\\/person\\\/3255d2f970de45e64bd9201f38e7b947\",\"name\":\"Carlos Poulain\",\"image\":{\"@type\":\"ImageObject\",\"inLanguage\":\"fr-FR\",\"@id\":\"https:\\\/\\\/secure.gravatar.com\\\/avatar\\\/b1c2f9d3588e34e91adb093635df64ef4b2381991216be7576466cfcdca4baf3?s=96&d=mm&r=g\",\"url\":\"https:\\\/\\\/secure.gravatar.com\\\/avatar\\\/b1c2f9d3588e34e91adb093635df64ef4b2381991216be7576466cfcdca4baf3?s=96&d=mm&r=g\",\"contentUrl\":\"https:\\\/\\\/secure.gravatar.com\\\/avatar\\\/b1c2f9d3588e34e91adb093635df64ef4b2381991216be7576466cfcdca4baf3?s=96&d=mm&r=g\",\"caption\":\"Carlos Poulain\"},\"url\":\"https:\\\/\\\/www.accidentdutravail-idf.net\\\/blog\\\/author\\\/idfcarlos\\\/\"}]}<\/script>\n<!-- \/ Yoast SEO plugin. -->","yoast_head_json":{"title":"Drame dans l'Eure : un homme meurt dans un accident sur une exploitation agricole - ACCIDENTDUTRAVAIL-IDF","description":"Drame dans l'Eure : un homme meurt dans un accident sur une exploitation agricole article de ACCIDENTDUTRAVAIL-IDF","robots":{"index":"index","follow":"follow","max-snippet":"max-snippet:-1","max-image-preview":"max-image-preview:large","max-video-preview":"max-video-preview:-1"},"canonical":"https:\/\/www.accidentdutravail-idf.net\/blog\/drame-dans-leure-un-homme-meurt-dans-un-accident-sur-une-exploitation-agricole\/","og_locale":"fr_FR","og_type":"article","og_title":"Drame dans l'Eure : un homme meurt dans un accident sur une exploitation agricole - ACCIDENTDUTRAVAIL-IDF","og_description":"Drame dans l'Eure : un homme meurt dans un accident sur une exploitation agricole article de ACCIDENTDUTRAVAIL-IDF","og_url":"https:\/\/www.accidentdutravail-idf.net\/blog\/drame-dans-leure-un-homme-meurt-dans-un-accident-sur-une-exploitation-agricole\/","og_site_name":"ACCIDENTDUTRAVAIL-IDF","article_published_time":"2024-11-29T23:13:00+00:00","og_image":[{"url":"https:\/\/www.accidentdutravail-idf.net\/blog\/wp-content\/uploads\/2024\/11\/drame-dans-leure-un-homme-meurt-dans-un-accident-sur-une-exploitation-agricole.jpg","type":"","width":"","height":""}],"author":"Carlos Poulain","twitter_card":"summary_large_image","twitter_misc":{"\u00c9crit par":"Carlos Poulain","Dur\u00e9e de lecture estim\u00e9e":"1 minute"},"schema":{"@context":"https:\/\/schema.org","@graph":[{"@type":"Article","@id":"https:\/\/www.accidentdutravail-idf.net\/blog\/drame-dans-leure-un-homme-meurt-dans-un-accident-sur-une-exploitation-agricole\/#article","isPartOf":{"@id":"https:\/\/www.accidentdutravail-idf.net\/blog\/drame-dans-leure-un-homme-meurt-dans-un-accident-sur-une-exploitation-agricole\/"},"author":{"name":"Carlos Poulain","@id":"https:\/\/www.accidentdutravail-idf.net\/blog\/#\/schema\/person\/3255d2f970de45e64bd9201f38e7b947"},"headline":"Drame dans l&rsquo;Eure : un homme meurt dans un accident sur une exploitation agricole","datePublished":"2024-11-29T23:13:00+00:00","mainEntityOfPage":{"@id":"https:\/\/www.accidentdutravail-idf.net\/blog\/drame-dans-leure-un-homme-meurt-dans-un-accident-sur-une-exploitation-agricole\/"},"wordCount":280,"publisher":{"@id":"https:\/\/www.accidentdutravail-idf.net\/blog\/#organization"},"image":{"@id":"https:\/\/www.accidentdutravail-idf.net\/blog\/drame-dans-leure-un-homme-meurt-dans-un-accident-sur-une-exploitation-agricole\/#primaryimage"},"thumbnailUrl":"https:\/\/www.accidentdutravail-idf.net\/blog\/wp-content\/uploads\/2024\/11\/drame-dans-leure-un-homme-meurt-dans-un-accident-sur-une-exploitation-agricole.jpg","articleSection":["S\u00e9curit\u00e9 Du Travail En Ile-De-France Et Divers:"],"inLanguage":"fr-FR"},{"@type":"WebPage","@id":"https:\/\/www.accidentdutravail-idf.net\/blog\/drame-dans-leure-un-homme-meurt-dans-un-accident-sur-une-exploitation-agricole\/","url":"https:\/\/www.accidentdutravail-idf.net\/blog\/drame-dans-leure-un-homme-meurt-dans-un-accident-sur-une-exploitation-agricole\/","name":"Drame dans l'Eure : un homme meurt dans un accident sur une exploitation agricole - ACCIDENTDUTRAVAIL-IDF","isPartOf":{"@id":"https:\/\/www.accidentdutravail-idf.net\/blog\/#website"},"primaryImageOfPage":{"@id":"https:\/\/www.accidentdutravail-idf.net\/blog\/drame-dans-leure-un-homme-meurt-dans-un-accident-sur-une-exploitation-agricole\/#primaryimage"},"image":{"@id":"https:\/\/www.accidentdutravail-idf.net\/blog\/drame-dans-leure-un-homme-meurt-dans-un-accident-sur-une-exploitation-agricole\/#primaryimage"},"thumbnailUrl":"https:\/\/www.accidentdutravail-idf.net\/blog\/wp-content\/uploads\/2024\/11\/drame-dans-leure-un-homme-meurt-dans-un-accident-sur-une-exploitation-agricole.jpg","datePublished":"2024-11-29T23:13:00+00:00","description":"Drame dans l'Eure : un homme meurt dans un accident sur une exploitation agricole article de ACCIDENTDUTRAVAIL-IDF","breadcrumb":{"@id":"https:\/\/www.accidentdutravail-idf.net\/blog\/drame-dans-leure-un-homme-meurt-dans-un-accident-sur-une-exploitation-agricole\/#breadcrumb"},"inLanguage":"fr-FR","potentialAction":[{"@type":"ReadAction","target":["https:\/\/www.accidentdutravail-idf.net\/blog\/drame-dans-leure-un-homme-meurt-dans-un-accident-sur-une-exploitation-agricole\/"]}]},{"@type":"ImageObject","inLanguage":"fr-FR","@id":"https:\/\/www.accidentdutravail-idf.net\/blog\/drame-dans-leure-un-homme-meurt-dans-un-accident-sur-une-exploitation-agricole\/#primaryimage","url":"https:\/\/www.accidentdutravail-idf.net\/blog\/wp-content\/uploads\/2024\/11\/drame-dans-leure-un-homme-meurt-dans-un-accident-sur-une-exploitation-agricole.jpg","contentUrl":"https:\/\/www.accidentdutravail-idf.net\/blog\/wp-content\/uploads\/2024\/11\/drame-dans-leure-un-homme-meurt-dans-un-accident-sur-une-exploitation-agricole.jpg"},{"@type":"BreadcrumbList","@id":"https:\/\/www.accidentdutravail-idf.net\/blog\/drame-dans-leure-un-homme-meurt-dans-un-accident-sur-une-exploitation-agricole\/#breadcrumb","itemListElement":[{"@type":"ListItem","position":1,"name":"Accueil","item":"https:\/\/www.accidentdutravail-idf.net\/blog\/"},{"@type":"ListItem","position":2,"name":"Drame dans l&rsquo;Eure : un homme meurt dans un accident sur une exploitation agricole"}]},{"@type":"WebSite","@id":"https:\/\/www.accidentdutravail-idf.net\/blog\/#website","url":"https:\/\/www.accidentdutravail-idf.net\/blog\/","name":"ACCIDENTDUTRAVAIL-IDF","description":"Portail accidents du travail-maladies professionnelles des entreprises d&#039;Ile-de-France","publisher":{"@id":"https:\/\/www.accidentdutravail-idf.net\/blog\/#organization"},"potentialAction":[{"@type":"SearchAction","target":{"@type":"EntryPoint","urlTemplate":"https:\/\/www.accidentdutravail-idf.net\/blog\/?s={search_term_string}"},"query-input":{"@type":"PropertyValueSpecification","valueRequired":true,"valueName":"search_term_string"}}],"inLanguage":"fr-FR"},{"@type":"Organization","@id":"https:\/\/www.accidentdutravail-idf.net\/blog\/#organization","name":"accidentdutravail-idf","url":"https:\/\/www.accidentdutravail-idf.net\/blog\/","logo":{"@type":"ImageObject","inLanguage":"fr-FR","@id":"https:\/\/www.accidentdutravail-idf.net\/blog\/#\/schema\/logo\/image\/","url":"https:\/\/www.accidentdutravail-idf.net\/blog\/wp-content\/uploads\/2022\/09\/logo-2.png","contentUrl":"https:\/\/www.accidentdutravail-idf.net\/blog\/wp-content\/uploads\/2022\/09\/logo-2.png","width":380,"height":291,"caption":"accidentdutravail-idf"},"image":{"@id":"https:\/\/www.accidentdutravail-idf.net\/blog\/#\/schema\/logo\/image\/"}},{"@type":"Person","@id":"https:\/\/www.accidentdutravail-idf.net\/blog\/#\/schema\/person\/3255d2f970de45e64bd9201f38e7b947","name":"Carlos Poulain","image":{"@type":"ImageObject","inLanguage":"fr-FR","@id":"https:\/\/secure.gravatar.com\/avatar\/b1c2f9d3588e34e91adb093635df64ef4b2381991216be7576466cfcdca4baf3?s=96&d=mm&r=g","url":"https:\/\/secure.gravatar.com\/avatar\/b1c2f9d3588e34e91adb093635df64ef4b2381991216be7576466cfcdca4baf3?s=96&d=mm&r=g","contentUrl":"https:\/\/secure.gravatar.com\/avatar\/b1c2f9d3588e34e91adb093635df64ef4b2381991216be7576466cfcdca4baf3?s=96&d=mm&r=g","caption":"Carlos Poulain"},"url":"https:\/\/www.accidentdutravail-idf.net\/blog\/author\/idfcarlos\/"}]}},"_links":{"self":[{"href":"https:\/\/www.accidentdutravail-idf.net\/blog\/wp-json\/wp\/v2\/posts\/1046","targetHints":{"allow":["GET"]}}],"collection":[{"href":"https:\/\/www.accidentdutravail-idf.net\/blog\/wp-json\/wp\/v2\/posts"}],"about":[{"href":"https:\/\/www.accidentdutravail-idf.net\/blog\/wp-json\/wp\/v2\/types\/post"}],"author":[{"embeddable":true,"href":"https:\/\/www.accidentdutravail-idf.net\/blog\/wp-json\/wp\/v2\/users\/2"}],"replies":[{"embeddable":true,"href":"https:\/\/www.accidentdutravail-idf.net\/blog\/wp-json\/wp\/v2\/comments?post=1046"}],"version-history":[{"count":0,"href":"https:\/\/www.accidentdutravail-idf.net\/blog\/wp-json\/wp\/v2\/posts\/1046\/revisions"}],"wp:attachment":[{"href":"https:\/\/www.accidentdutravail-idf.net\/blog\/wp-json\/wp\/v2\/media?parent=1046"}],"wp:term":[{"taxonomy":"category","embeddable":true,"href":"https:\/\/www.accidentdutravail-idf.net\/blog\/wp-json\/wp\/v2\/categories?post=1046"},{"taxonomy":"post_tag","embeddable":true,"href":"https:\/\/www.accidentdutravail-idf.net\/blog\/wp-json\/wp\/v2\/tags?post=1046"}],"curies":[{"name":"wp","href":"https:\/\/api.w.org\/{rel}","templated":true}]}}