{"id":1044,"date":"2024-11-28T11:15:00","date_gmt":"2024-11-28T10:15:00","guid":{"rendered":"https:\/\/www.accidentdutravail-idf.net\/blog\/une-societe-du-batiment-a-nouveau-jugee-au-tribunal-judiciaire-de-brest\/"},"modified":"2024-11-28T11:15:00","modified_gmt":"2024-11-28T10:15:00","slug":"une-societe-du-batiment-a-nouveau-jugee-au-tribunal-judiciaire-de-brest","status":"publish","type":"post","link":"https:\/\/www.accidentdutravail-idf.net\/blog\/une-societe-du-batiment-a-nouveau-jugee-au-tribunal-judiciaire-de-brest\/","title":{"rendered":"Une soci\u00e9t\u00e9 du b\u00e2timent \u00e0 nouveau jug\u00e9e au tribunal judiciaire de Brest"},"content":{"rendered":"<div><img decoding=\"async\" src=\"https:\/\/www.accidentdutravail-idf.net\/blog\/wp-content\/uploads\/2024\/11\/une-societe-du-batiment-a-nouveau-jugee-au-tribunal-judiciaire-de-brest.jpg\" class=\"ff-og-image-inserted\"><\/div>\n<div>\n<p>Une d\u00e9licate affaire de blessures involontaires dans un cadre de travail d\u00e9faillant \u00e9tait longuement trait\u00e9e ce jeudi 28 novembre 2024 devant la chambre correctionnelle du tribunal judiciaire de Brest. Elle impliquait une soci\u00e9t\u00e9 du b\u00e2timent d\u00e9j\u00e0 jug\u00e9e le 31 octobre dernier pour l\u2019accident mortel d\u2019un de ses employ\u00e9s survenu en avril 2022. Les pr\u00e9sents faits \u00e9taient ant\u00e9rieurs. Ils ont eu lieu le 15 octobre 2021 \u00e0 Brest. La soci\u00e9t\u00e9 et son repr\u00e9sentant l\u00e9gal \u00e9taient renvoy\u00e9s devant la juridiction p\u00e9nale.<\/p>\n<h2>Des manquements et un accident mortel en 2022<\/h2>\n<\/div>\n<div aria-hidden=\"true\">\n<p>Ce jour d\u2019octobre 2021, un ouvrier d\u2019ex\u00e9cution embauch\u00e9 depuis le 1er ao\u00fbt 2016, fait une chute de 6,5 m lors de la pose d\u2019un \u00ab&nbsp;pr\u00e9mur&nbsp;\u00bb (\u00e9l\u00e9ment de mur partiellement pr\u00e9fabriqu\u00e9) sur un b\u00e2timent en cours de construction. \u00c0 son endroit, une incapacit\u00e9 totale de travail de 100 jours est retenue apr\u00e8s expertise. Dans un rapport rendu le 19 janvier 2023, l\u2019Inspection du travail rel\u00e8ve de nombreuses infractions imputables \u00e0 l\u2019entreprise. Sont ainsi point\u00e9es&nbsp;: une absence d\u2019\u00e9valuation des risques professionnels, une absence de protection d\u2019un plan de travail pour \u00e9viter les chutes et une absence de formation. Ces manquements sont d\u2019autant plus pr\u00e9occupants qu\u2019entre 2018 et 2021, pas moins de onze lettres d\u2019observations de l\u2019inspection du travail ont \u00e9t\u00e9 adress\u00e9es \u00e0 l\u2019employeur.<\/p>\n<p>De m\u00eame que lui ont \u00e9t\u00e9 impos\u00e9s par cette administration de contr\u00f4le&nbsp;: quatre arr\u00eats de travaux sur diff\u00e9rents chantiers et deux enqu\u00eates suite \u00e0 des accidents du travail. Il ressort, en outre, du dossier que non seulement la victime n\u2019a eu aucune formation pour \u00ab&nbsp;la pose de pr\u00e9murs&nbsp;\u00bb, mais aucune nacelle n\u2019a \u00e9t\u00e9 install\u00e9e pour faciliter le travail sur place. <\/p>\n<h2>Des amendes requises<\/h2>\n<\/div>\n<div aria-hidden=\"true\">\n<p>L\u2019ensemble de ces \u00e9l\u00e9ments provoque une discussion technique men\u00e9e par le pr\u00e9sident Xavier Jublin entre les parties au proc\u00e8s, Me Roger Potin pour la partie civile et deux autres avocats, Me H\u00e9l\u00e8ne Daoulas et Me Jocelyn Robin pour la d\u00e9fense. Le repr\u00e9sentant du minist\u00e8re public, Gabriel Rollin, requiert \u00e0 l\u2019encontre de la soci\u00e9t\u00e9 mise en cause une peine d\u2019amende de 20&nbsp;000 \u20ac dont 10&nbsp;000 \u20ac avec sursis, et pour son dirigeant une amende de 10&nbsp;000 \u20ac, dont 5&nbsp;000 \u20ac avec sursis. 200 \u20ac sont \u00e9galement sollicit\u00e9s par salari\u00e9, au nombre de 35 dans l\u2019entreprise. <\/p>\n<p>Le repr\u00e9sentant du parquet sollicite de surcro\u00eet une publication du jugement dans la presse locale. La d\u00e9cision sera rendue tardivement dans la soir\u00e9e.<\/p>\n<\/div>\n<p>accidentdutravail-idf.net vous a pr\u00e9par\u00e9 ce post qui informe du sujet \u00ab\u00a0Association Sportive Huisson-Longueville Essonne\u00a0\u00bb. La chronique se veut g\u00e9n\u00e9r\u00e9e du mieux possible. Vous pouvez utiliser les coordonn\u00e9es indiqu\u00e9es sur le site dans le but d\u2019apporter des explications sur ce post qui parle du th\u00e8me \u00ab\u00a0Association Sportive Huisson-Longueville Essonne\u00a0\u00bb. Le site accidentdutravail-idf.net a pour but de fournir diverses publications sur la th\u00e9matique Association Sportive Huisson-Longueville Essonne diffus\u00e9es sur le net. Il y aura plusieurs articles autour du sujet \u00ab\u00a0Association Sportive Huisson-Longueville Essonne\u00a0\u00bb dans quelques jours, nous vous invitons \u00e0 naviguer sur notre site web \u00e0 plusieurs reprises.<\/p>\n","protected":false},"excerpt":{"rendered":"<p>Une d\u00e9licate affaire de blessures involontaires dans un cadre de travail d\u00e9faillant \u00e9tait longuement trait\u00e9e ce jeudi 28 novembre 2024 devant la chambre correctionnelle du tribunal judiciaire de Brest. Elle impliquait une soci\u00e9t\u00e9 du b\u00e2timent d\u00e9j\u00e0 jug\u00e9e le 31 octobre dernier pour l\u2019accident mortel d\u2019un de ses employ\u00e9s survenu en avril 2022. Les pr\u00e9sents faits &hellip; <\/p>\n<p class=\"link-more\"><a href=\"https:\/\/www.accidentdutravail-idf.net\/blog\/une-societe-du-batiment-a-nouveau-jugee-au-tribunal-judiciaire-de-brest\/\" class=\"more-link\">Continuer la lecture <span class=\"screen-reader-text\"> \u00ab\u00a0Une soci\u00e9t\u00e9 du b\u00e2timent \u00e0 nouveau jug\u00e9e au tribunal judiciaire de Brest\u00a0\u00bb<\/span><\/a><\/p>\n","protected":false},"author":2,"featured_media":0,"comment_status":"closed","ping_status":"closed","sticky":false,"template":"","format":"standard","meta":{"footnotes":""},"categories":[5],"tags":[],"class_list":["post-1044","post","type-post","status-publish","format-standard","hentry","category-securite-du-travail-en-ile-de-france-et-divers","entry"],"yoast_head":"<!-- This site is optimized with the Yoast SEO plugin v27.5 - https:\/\/yoast.com\/product\/yoast-seo-wordpress\/ -->\n<title>Une soci\u00e9t\u00e9 du b\u00e2timent \u00e0 nouveau jug\u00e9e au tribunal judiciaire de Brest - ACCIDENTDUTRAVAIL-IDF<\/title>\n<meta name=\"description\" content=\"Une soci\u00e9t\u00e9 du b\u00e2timent \u00e0 nouveau jug\u00e9e au tribunal judiciaire de Brest article de ACCIDENTDUTRAVAIL-IDF\" \/>\n<meta name=\"robots\" content=\"index, follow, max-snippet:-1, max-image-preview:large, max-video-preview:-1\" \/>\n<link rel=\"canonical\" href=\"https:\/\/www.accidentdutravail-idf.net\/blog\/une-societe-du-batiment-a-nouveau-jugee-au-tribunal-judiciaire-de-brest\/\" \/>\n<meta property=\"og:locale\" content=\"fr_FR\" \/>\n<meta property=\"og:type\" content=\"article\" \/>\n<meta property=\"og:title\" content=\"Une soci\u00e9t\u00e9 du b\u00e2timent \u00e0 nouveau jug\u00e9e au tribunal judiciaire de Brest - ACCIDENTDUTRAVAIL-IDF\" \/>\n<meta property=\"og:description\" content=\"Une soci\u00e9t\u00e9 du b\u00e2timent \u00e0 nouveau jug\u00e9e au tribunal judiciaire de Brest article de ACCIDENTDUTRAVAIL-IDF\" \/>\n<meta property=\"og:url\" content=\"https:\/\/www.accidentdutravail-idf.net\/blog\/une-societe-du-batiment-a-nouveau-jugee-au-tribunal-judiciaire-de-brest\/\" \/>\n<meta property=\"og:site_name\" content=\"ACCIDENTDUTRAVAIL-IDF\" \/>\n<meta property=\"article:published_time\" content=\"2024-11-28T10:15:00+00:00\" \/>\n<meta property=\"og:image\" content=\"https:\/\/www.accidentdutravail-idf.net\/blog\/wp-content\/uploads\/2024\/11\/une-societe-du-batiment-a-nouveau-jugee-au-tribunal-judiciaire-de-brest.jpg\" \/>\n<meta name=\"author\" content=\"Carlos Poulain\" \/>\n<meta name=\"twitter:card\" content=\"summary_large_image\" \/>\n<meta name=\"twitter:label1\" content=\"\u00c9crit par\" \/>\n\t<meta name=\"twitter:data1\" content=\"Carlos Poulain\" \/>\n\t<meta name=\"twitter:label2\" content=\"Dur\u00e9e de lecture estim\u00e9e\" \/>\n\t<meta name=\"twitter:data2\" content=\"3 minutes\" \/>\n<script type=\"application\/ld+json\" class=\"yoast-schema-graph\">{\"@context\":\"https:\\\/\\\/schema.org\",\"@graph\":[{\"@type\":\"Article\",\"@id\":\"https:\\\/\\\/www.accidentdutravail-idf.net\\\/blog\\\/une-societe-du-batiment-a-nouveau-jugee-au-tribunal-judiciaire-de-brest\\\/#article\",\"isPartOf\":{\"@id\":\"https:\\\/\\\/www.accidentdutravail-idf.net\\\/blog\\\/une-societe-du-batiment-a-nouveau-jugee-au-tribunal-judiciaire-de-brest\\\/\"},\"author\":{\"name\":\"Carlos Poulain\",\"@id\":\"https:\\\/\\\/www.accidentdutravail-idf.net\\\/blog\\\/#\\\/schema\\\/person\\\/3255d2f970de45e64bd9201f38e7b947\"},\"headline\":\"Une soci\u00e9t\u00e9 du b\u00e2timent \u00e0 nouveau jug\u00e9e au tribunal judiciaire de Brest\",\"datePublished\":\"2024-11-28T10:15:00+00:00\",\"mainEntityOfPage\":{\"@id\":\"https:\\\/\\\/www.accidentdutravail-idf.net\\\/blog\\\/une-societe-du-batiment-a-nouveau-jugee-au-tribunal-judiciaire-de-brest\\\/\"},\"wordCount\":555,\"publisher\":{\"@id\":\"https:\\\/\\\/www.accidentdutravail-idf.net\\\/blog\\\/#organization\"},\"image\":{\"@id\":\"https:\\\/\\\/www.accidentdutravail-idf.net\\\/blog\\\/une-societe-du-batiment-a-nouveau-jugee-au-tribunal-judiciaire-de-brest\\\/#primaryimage\"},\"thumbnailUrl\":\"https:\\\/\\\/www.accidentdutravail-idf.net\\\/blog\\\/wp-content\\\/uploads\\\/2024\\\/11\\\/une-societe-du-batiment-a-nouveau-jugee-au-tribunal-judiciaire-de-brest.jpg\",\"articleSection\":[\"S\u00e9curit\u00e9 Du Travail En Ile-De-France Et Divers:\"],\"inLanguage\":\"fr-FR\"},{\"@type\":\"WebPage\",\"@id\":\"https:\\\/\\\/www.accidentdutravail-idf.net\\\/blog\\\/une-societe-du-batiment-a-nouveau-jugee-au-tribunal-judiciaire-de-brest\\\/\",\"url\":\"https:\\\/\\\/www.accidentdutravail-idf.net\\\/blog\\\/une-societe-du-batiment-a-nouveau-jugee-au-tribunal-judiciaire-de-brest\\\/\",\"name\":\"Une soci\u00e9t\u00e9 du b\u00e2timent \u00e0 nouveau jug\u00e9e au tribunal judiciaire de Brest - ACCIDENTDUTRAVAIL-IDF\",\"isPartOf\":{\"@id\":\"https:\\\/\\\/www.accidentdutravail-idf.net\\\/blog\\\/#website\"},\"primaryImageOfPage\":{\"@id\":\"https:\\\/\\\/www.accidentdutravail-idf.net\\\/blog\\\/une-societe-du-batiment-a-nouveau-jugee-au-tribunal-judiciaire-de-brest\\\/#primaryimage\"},\"image\":{\"@id\":\"https:\\\/\\\/www.accidentdutravail-idf.net\\\/blog\\\/une-societe-du-batiment-a-nouveau-jugee-au-tribunal-judiciaire-de-brest\\\/#primaryimage\"},\"thumbnailUrl\":\"https:\\\/\\\/www.accidentdutravail-idf.net\\\/blog\\\/wp-content\\\/uploads\\\/2024\\\/11\\\/une-societe-du-batiment-a-nouveau-jugee-au-tribunal-judiciaire-de-brest.jpg\",\"datePublished\":\"2024-11-28T10:15:00+00:00\",\"description\":\"Une soci\u00e9t\u00e9 du b\u00e2timent \u00e0 nouveau jug\u00e9e au tribunal judiciaire de Brest article de ACCIDENTDUTRAVAIL-IDF\",\"breadcrumb\":{\"@id\":\"https:\\\/\\\/www.accidentdutravail-idf.net\\\/blog\\\/une-societe-du-batiment-a-nouveau-jugee-au-tribunal-judiciaire-de-brest\\\/#breadcrumb\"},\"inLanguage\":\"fr-FR\",\"potentialAction\":[{\"@type\":\"ReadAction\",\"target\":[\"https:\\\/\\\/www.accidentdutravail-idf.net\\\/blog\\\/une-societe-du-batiment-a-nouveau-jugee-au-tribunal-judiciaire-de-brest\\\/\"]}]},{\"@type\":\"ImageObject\",\"inLanguage\":\"fr-FR\",\"@id\":\"https:\\\/\\\/www.accidentdutravail-idf.net\\\/blog\\\/une-societe-du-batiment-a-nouveau-jugee-au-tribunal-judiciaire-de-brest\\\/#primaryimage\",\"url\":\"https:\\\/\\\/www.accidentdutravail-idf.net\\\/blog\\\/wp-content\\\/uploads\\\/2024\\\/11\\\/une-societe-du-batiment-a-nouveau-jugee-au-tribunal-judiciaire-de-brest.jpg\",\"contentUrl\":\"https:\\\/\\\/www.accidentdutravail-idf.net\\\/blog\\\/wp-content\\\/uploads\\\/2024\\\/11\\\/une-societe-du-batiment-a-nouveau-jugee-au-tribunal-judiciaire-de-brest.jpg\"},{\"@type\":\"BreadcrumbList\",\"@id\":\"https:\\\/\\\/www.accidentdutravail-idf.net\\\/blog\\\/une-societe-du-batiment-a-nouveau-jugee-au-tribunal-judiciaire-de-brest\\\/#breadcrumb\",\"itemListElement\":[{\"@type\":\"ListItem\",\"position\":1,\"name\":\"Accueil\",\"item\":\"https:\\\/\\\/www.accidentdutravail-idf.net\\\/blog\\\/\"},{\"@type\":\"ListItem\",\"position\":2,\"name\":\"Une soci\u00e9t\u00e9 du b\u00e2timent \u00e0 nouveau jug\u00e9e au tribunal judiciaire de Brest\"}]},{\"@type\":\"WebSite\",\"@id\":\"https:\\\/\\\/www.accidentdutravail-idf.net\\\/blog\\\/#website\",\"url\":\"https:\\\/\\\/www.accidentdutravail-idf.net\\\/blog\\\/\",\"name\":\"ACCIDENTDUTRAVAIL-IDF\",\"description\":\"Portail accidents du travail-maladies professionnelles des entreprises d&#039;Ile-de-France\",\"publisher\":{\"@id\":\"https:\\\/\\\/www.accidentdutravail-idf.net\\\/blog\\\/#organization\"},\"potentialAction\":[{\"@type\":\"SearchAction\",\"target\":{\"@type\":\"EntryPoint\",\"urlTemplate\":\"https:\\\/\\\/www.accidentdutravail-idf.net\\\/blog\\\/?s={search_term_string}\"},\"query-input\":{\"@type\":\"PropertyValueSpecification\",\"valueRequired\":true,\"valueName\":\"search_term_string\"}}],\"inLanguage\":\"fr-FR\"},{\"@type\":\"Organization\",\"@id\":\"https:\\\/\\\/www.accidentdutravail-idf.net\\\/blog\\\/#organization\",\"name\":\"accidentdutravail-idf\",\"url\":\"https:\\\/\\\/www.accidentdutravail-idf.net\\\/blog\\\/\",\"logo\":{\"@type\":\"ImageObject\",\"inLanguage\":\"fr-FR\",\"@id\":\"https:\\\/\\\/www.accidentdutravail-idf.net\\\/blog\\\/#\\\/schema\\\/logo\\\/image\\\/\",\"url\":\"https:\\\/\\\/www.accidentdutravail-idf.net\\\/blog\\\/wp-content\\\/uploads\\\/2022\\\/09\\\/logo-2.png\",\"contentUrl\":\"https:\\\/\\\/www.accidentdutravail-idf.net\\\/blog\\\/wp-content\\\/uploads\\\/2022\\\/09\\\/logo-2.png\",\"width\":380,\"height\":291,\"caption\":\"accidentdutravail-idf\"},\"image\":{\"@id\":\"https:\\\/\\\/www.accidentdutravail-idf.net\\\/blog\\\/#\\\/schema\\\/logo\\\/image\\\/\"}},{\"@type\":\"Person\",\"@id\":\"https:\\\/\\\/www.accidentdutravail-idf.net\\\/blog\\\/#\\\/schema\\\/person\\\/3255d2f970de45e64bd9201f38e7b947\",\"name\":\"Carlos Poulain\",\"image\":{\"@type\":\"ImageObject\",\"inLanguage\":\"fr-FR\",\"@id\":\"https:\\\/\\\/secure.gravatar.com\\\/avatar\\\/b1c2f9d3588e34e91adb093635df64ef4b2381991216be7576466cfcdca4baf3?s=96&d=mm&r=g\",\"url\":\"https:\\\/\\\/secure.gravatar.com\\\/avatar\\\/b1c2f9d3588e34e91adb093635df64ef4b2381991216be7576466cfcdca4baf3?s=96&d=mm&r=g\",\"contentUrl\":\"https:\\\/\\\/secure.gravatar.com\\\/avatar\\\/b1c2f9d3588e34e91adb093635df64ef4b2381991216be7576466cfcdca4baf3?s=96&d=mm&r=g\",\"caption\":\"Carlos Poulain\"},\"url\":\"https:\\\/\\\/www.accidentdutravail-idf.net\\\/blog\\\/author\\\/idfcarlos\\\/\"}]}<\/script>\n<!-- \/ Yoast SEO plugin. -->","yoast_head_json":{"title":"Une soci\u00e9t\u00e9 du b\u00e2timent \u00e0 nouveau jug\u00e9e au tribunal judiciaire de Brest - ACCIDENTDUTRAVAIL-IDF","description":"Une soci\u00e9t\u00e9 du b\u00e2timent \u00e0 nouveau jug\u00e9e au tribunal judiciaire de Brest article de ACCIDENTDUTRAVAIL-IDF","robots":{"index":"index","follow":"follow","max-snippet":"max-snippet:-1","max-image-preview":"max-image-preview:large","max-video-preview":"max-video-preview:-1"},"canonical":"https:\/\/www.accidentdutravail-idf.net\/blog\/une-societe-du-batiment-a-nouveau-jugee-au-tribunal-judiciaire-de-brest\/","og_locale":"fr_FR","og_type":"article","og_title":"Une soci\u00e9t\u00e9 du b\u00e2timent \u00e0 nouveau jug\u00e9e au tribunal judiciaire de Brest - ACCIDENTDUTRAVAIL-IDF","og_description":"Une soci\u00e9t\u00e9 du b\u00e2timent \u00e0 nouveau jug\u00e9e au tribunal judiciaire de Brest article de ACCIDENTDUTRAVAIL-IDF","og_url":"https:\/\/www.accidentdutravail-idf.net\/blog\/une-societe-du-batiment-a-nouveau-jugee-au-tribunal-judiciaire-de-brest\/","og_site_name":"ACCIDENTDUTRAVAIL-IDF","article_published_time":"2024-11-28T10:15:00+00:00","og_image":[{"url":"https:\/\/www.accidentdutravail-idf.net\/blog\/wp-content\/uploads\/2024\/11\/une-societe-du-batiment-a-nouveau-jugee-au-tribunal-judiciaire-de-brest.jpg","type":"","width":"","height":""}],"author":"Carlos Poulain","twitter_card":"summary_large_image","twitter_misc":{"\u00c9crit par":"Carlos Poulain","Dur\u00e9e de lecture estim\u00e9e":"3 minutes"},"schema":{"@context":"https:\/\/schema.org","@graph":[{"@type":"Article","@id":"https:\/\/www.accidentdutravail-idf.net\/blog\/une-societe-du-batiment-a-nouveau-jugee-au-tribunal-judiciaire-de-brest\/#article","isPartOf":{"@id":"https:\/\/www.accidentdutravail-idf.net\/blog\/une-societe-du-batiment-a-nouveau-jugee-au-tribunal-judiciaire-de-brest\/"},"author":{"name":"Carlos Poulain","@id":"https:\/\/www.accidentdutravail-idf.net\/blog\/#\/schema\/person\/3255d2f970de45e64bd9201f38e7b947"},"headline":"Une soci\u00e9t\u00e9 du b\u00e2timent \u00e0 nouveau jug\u00e9e au tribunal judiciaire de Brest","datePublished":"2024-11-28T10:15:00+00:00","mainEntityOfPage":{"@id":"https:\/\/www.accidentdutravail-idf.net\/blog\/une-societe-du-batiment-a-nouveau-jugee-au-tribunal-judiciaire-de-brest\/"},"wordCount":555,"publisher":{"@id":"https:\/\/www.accidentdutravail-idf.net\/blog\/#organization"},"image":{"@id":"https:\/\/www.accidentdutravail-idf.net\/blog\/une-societe-du-batiment-a-nouveau-jugee-au-tribunal-judiciaire-de-brest\/#primaryimage"},"thumbnailUrl":"https:\/\/www.accidentdutravail-idf.net\/blog\/wp-content\/uploads\/2024\/11\/une-societe-du-batiment-a-nouveau-jugee-au-tribunal-judiciaire-de-brest.jpg","articleSection":["S\u00e9curit\u00e9 Du Travail En Ile-De-France Et Divers:"],"inLanguage":"fr-FR"},{"@type":"WebPage","@id":"https:\/\/www.accidentdutravail-idf.net\/blog\/une-societe-du-batiment-a-nouveau-jugee-au-tribunal-judiciaire-de-brest\/","url":"https:\/\/www.accidentdutravail-idf.net\/blog\/une-societe-du-batiment-a-nouveau-jugee-au-tribunal-judiciaire-de-brest\/","name":"Une soci\u00e9t\u00e9 du b\u00e2timent \u00e0 nouveau jug\u00e9e au tribunal judiciaire de Brest - ACCIDENTDUTRAVAIL-IDF","isPartOf":{"@id":"https:\/\/www.accidentdutravail-idf.net\/blog\/#website"},"primaryImageOfPage":{"@id":"https:\/\/www.accidentdutravail-idf.net\/blog\/une-societe-du-batiment-a-nouveau-jugee-au-tribunal-judiciaire-de-brest\/#primaryimage"},"image":{"@id":"https:\/\/www.accidentdutravail-idf.net\/blog\/une-societe-du-batiment-a-nouveau-jugee-au-tribunal-judiciaire-de-brest\/#primaryimage"},"thumbnailUrl":"https:\/\/www.accidentdutravail-idf.net\/blog\/wp-content\/uploads\/2024\/11\/une-societe-du-batiment-a-nouveau-jugee-au-tribunal-judiciaire-de-brest.jpg","datePublished":"2024-11-28T10:15:00+00:00","description":"Une soci\u00e9t\u00e9 du b\u00e2timent \u00e0 nouveau jug\u00e9e au tribunal judiciaire de Brest article de ACCIDENTDUTRAVAIL-IDF","breadcrumb":{"@id":"https:\/\/www.accidentdutravail-idf.net\/blog\/une-societe-du-batiment-a-nouveau-jugee-au-tribunal-judiciaire-de-brest\/#breadcrumb"},"inLanguage":"fr-FR","potentialAction":[{"@type":"ReadAction","target":["https:\/\/www.accidentdutravail-idf.net\/blog\/une-societe-du-batiment-a-nouveau-jugee-au-tribunal-judiciaire-de-brest\/"]}]},{"@type":"ImageObject","inLanguage":"fr-FR","@id":"https:\/\/www.accidentdutravail-idf.net\/blog\/une-societe-du-batiment-a-nouveau-jugee-au-tribunal-judiciaire-de-brest\/#primaryimage","url":"https:\/\/www.accidentdutravail-idf.net\/blog\/wp-content\/uploads\/2024\/11\/une-societe-du-batiment-a-nouveau-jugee-au-tribunal-judiciaire-de-brest.jpg","contentUrl":"https:\/\/www.accidentdutravail-idf.net\/blog\/wp-content\/uploads\/2024\/11\/une-societe-du-batiment-a-nouveau-jugee-au-tribunal-judiciaire-de-brest.jpg"},{"@type":"BreadcrumbList","@id":"https:\/\/www.accidentdutravail-idf.net\/blog\/une-societe-du-batiment-a-nouveau-jugee-au-tribunal-judiciaire-de-brest\/#breadcrumb","itemListElement":[{"@type":"ListItem","position":1,"name":"Accueil","item":"https:\/\/www.accidentdutravail-idf.net\/blog\/"},{"@type":"ListItem","position":2,"name":"Une soci\u00e9t\u00e9 du b\u00e2timent \u00e0 nouveau jug\u00e9e au tribunal judiciaire de Brest"}]},{"@type":"WebSite","@id":"https:\/\/www.accidentdutravail-idf.net\/blog\/#website","url":"https:\/\/www.accidentdutravail-idf.net\/blog\/","name":"ACCIDENTDUTRAVAIL-IDF","description":"Portail accidents du travail-maladies professionnelles des entreprises d&#039;Ile-de-France","publisher":{"@id":"https:\/\/www.accidentdutravail-idf.net\/blog\/#organization"},"potentialAction":[{"@type":"SearchAction","target":{"@type":"EntryPoint","urlTemplate":"https:\/\/www.accidentdutravail-idf.net\/blog\/?s={search_term_string}"},"query-input":{"@type":"PropertyValueSpecification","valueRequired":true,"valueName":"search_term_string"}}],"inLanguage":"fr-FR"},{"@type":"Organization","@id":"https:\/\/www.accidentdutravail-idf.net\/blog\/#organization","name":"accidentdutravail-idf","url":"https:\/\/www.accidentdutravail-idf.net\/blog\/","logo":{"@type":"ImageObject","inLanguage":"fr-FR","@id":"https:\/\/www.accidentdutravail-idf.net\/blog\/#\/schema\/logo\/image\/","url":"https:\/\/www.accidentdutravail-idf.net\/blog\/wp-content\/uploads\/2022\/09\/logo-2.png","contentUrl":"https:\/\/www.accidentdutravail-idf.net\/blog\/wp-content\/uploads\/2022\/09\/logo-2.png","width":380,"height":291,"caption":"accidentdutravail-idf"},"image":{"@id":"https:\/\/www.accidentdutravail-idf.net\/blog\/#\/schema\/logo\/image\/"}},{"@type":"Person","@id":"https:\/\/www.accidentdutravail-idf.net\/blog\/#\/schema\/person\/3255d2f970de45e64bd9201f38e7b947","name":"Carlos Poulain","image":{"@type":"ImageObject","inLanguage":"fr-FR","@id":"https:\/\/secure.gravatar.com\/avatar\/b1c2f9d3588e34e91adb093635df64ef4b2381991216be7576466cfcdca4baf3?s=96&d=mm&r=g","url":"https:\/\/secure.gravatar.com\/avatar\/b1c2f9d3588e34e91adb093635df64ef4b2381991216be7576466cfcdca4baf3?s=96&d=mm&r=g","contentUrl":"https:\/\/secure.gravatar.com\/avatar\/b1c2f9d3588e34e91adb093635df64ef4b2381991216be7576466cfcdca4baf3?s=96&d=mm&r=g","caption":"Carlos Poulain"},"url":"https:\/\/www.accidentdutravail-idf.net\/blog\/author\/idfcarlos\/"}]}},"_links":{"self":[{"href":"https:\/\/www.accidentdutravail-idf.net\/blog\/wp-json\/wp\/v2\/posts\/1044","targetHints":{"allow":["GET"]}}],"collection":[{"href":"https:\/\/www.accidentdutravail-idf.net\/blog\/wp-json\/wp\/v2\/posts"}],"about":[{"href":"https:\/\/www.accidentdutravail-idf.net\/blog\/wp-json\/wp\/v2\/types\/post"}],"author":[{"embeddable":true,"href":"https:\/\/www.accidentdutravail-idf.net\/blog\/wp-json\/wp\/v2\/users\/2"}],"replies":[{"embeddable":true,"href":"https:\/\/www.accidentdutravail-idf.net\/blog\/wp-json\/wp\/v2\/comments?post=1044"}],"version-history":[{"count":0,"href":"https:\/\/www.accidentdutravail-idf.net\/blog\/wp-json\/wp\/v2\/posts\/1044\/revisions"}],"wp:attachment":[{"href":"https:\/\/www.accidentdutravail-idf.net\/blog\/wp-json\/wp\/v2\/media?parent=1044"}],"wp:term":[{"taxonomy":"category","embeddable":true,"href":"https:\/\/www.accidentdutravail-idf.net\/blog\/wp-json\/wp\/v2\/categories?post=1044"},{"taxonomy":"post_tag","embeddable":true,"href":"https:\/\/www.accidentdutravail-idf.net\/blog\/wp-json\/wp\/v2\/tags?post=1044"}],"curies":[{"name":"wp","href":"https:\/\/api.w.org\/{rel}","templated":true}]}}