{"id":1043,"date":"2024-11-28T10:31:00","date_gmt":"2024-11-28T09:31:00","guid":{"rendered":"https:\/\/www.accidentdutravail-idf.net\/blog\/a-saint-omer-un-homme-gravement-brule-et-heliporte-a-lille-apres-un-accident-du-travail\/"},"modified":"2024-11-28T10:31:00","modified_gmt":"2024-11-28T09:31:00","slug":"a-saint-omer-un-homme-gravement-brule-et-heliporte-a-lille-apres-un-accident-du-travail","status":"publish","type":"post","link":"https:\/\/www.accidentdutravail-idf.net\/blog\/a-saint-omer-un-homme-gravement-brule-et-heliporte-a-lille-apres-un-accident-du-travail\/","title":{"rendered":"\u00c0 Saint-Omer, un homme gravement br\u00fbl\u00e9 et h\u00e9liport\u00e9 \u00e0 Lille apr\u00e8s un accident du travail"},"content":{"rendered":"<div><img decoding=\"async\" src=\"https:\/\/www.accidentdutravail-idf.net\/blog\/wp-content\/uploads\/2024\/11\/a-saint-omer-un-homme-gravement-brule-et-heliporte-a-lille-apres-un-accident-du-travail.jpg\" class=\"ff-og-image-inserted\"><\/div>\n<div class=\"ac-article-date\"> Par <strong> <a href=\"https:\/\/actu.fr\/auteur\/florian-brassart\" title=\"Consulter tous les articles de Florian Brassart\" target=\"_blank\" rel=\"nofollow\">Florian Brassart<\/a> <\/strong> <span> Publi\u00e9 le  28 nov. 2024 \u00e0 18h10  <\/span>\n<\/div>\n<p> <span class=\"ac-article-follow__link\" data-trk=\"{&quot;cta&quot;:{&quot;action&quot;:&quot;https:\\\/\\\/actu.fr\\\/mon-actu&quot;,&quot;category&quot;:&quot;mon compte&quot;,&quot;from&quot;:&quot;article header&quot;,&quot;name&quot;:&quot;Voir mon actu&quot;,&quot;type&quot;:&quot;cta&quot;}}\">Voir mon actu<\/span> <button type=\"button\" class=\"ac-btn ac-btn--mini ac-btn--blue ac-icon--star-empty\" data-follow=\"Suivre Actu Pas-de-Calais\" data-unfollow=\"Retirer\">Suivre Actu Pas-de-Calais<\/button>\n<\/p>\n<p>Les sapeurs-pompiers du <a href=\"https:\/\/actu.fr\/pas-de-calais\/\" target=\"_blank\" rel=\"nofollow\">Pas-de-Calais<\/a> sont intervenus \u00e0 <a href=\"https:\/\/actu.fr\/hauts-de-france\/saint-omer_62765\/qui-a-verse-1-million-deuros-pour-leglise-de-saint-omer-lidentite-du-donneur-revelee_61883828.html\" target=\"_blank\" rel=\"nofollow\">Saint-Omer<\/a> ce jeudi 28 novembre 2024 en fin de matin\u00e9e. <b>Un homme a \u00e9t\u00e9 gravement br\u00fbl\u00e9 suite \u00e0 un accident du travail \u00e0 Arc France<\/b>. La victime a \u00e9t\u00e9 h\u00e9liport\u00e9e au centre hospitalier de Lille.&nbsp;<\/p>\n<div class=\"ac-article-to-read\">\n<p>\u00c0 lire aussi<\/p>\n<\/div>\n<h2>Deux ouvriers bless\u00e9s lors d\u2019une intervention sur un transformateur \u00e9lectrique&nbsp;<\/h2>\n<p>Pr\u00e8s de 30 pompiers ont d\u00e9barqu\u00e9 sur place, avenue du G\u00e9n\u00e9ral De Gaulle, \u00e0 11h20 pour \u00ab&nbsp;un d\u00e9gagement de fum\u00e9e sur un transformateur de 15 000 volts&nbsp;\u00bb, d\u00e9taille le Service d\u00e9partemental d\u2019incendie et de secours (Sdis).&nbsp;<\/p>\n<p><b>L\u2019accident du travail a fait deux bless\u00e9s<\/b>, des ouvriers qui intervenaient sur le transformateur. Le premier, \u00e2g\u00e9 de 39 ans, a \u00e9t\u00e9 l\u00e9g\u00e8rement bless\u00e9 et a \u00e9t\u00e9 transport\u00e9 au centre hospitalier d\u2019Helfaut.&nbsp;<\/p>\n<p>Le second, \u00e2g\u00e9 de 53 ans, a \u00e9t\u00e9 gravement br\u00fbl\u00e9. Les secours l\u2019ont transf\u00e9r\u00e9 \u00e0 l\u2019h\u00f4pital de Lille apr\u00e8s l\u2019avoir pris en charge. Le maire de la commune, Fran\u00e7ois Decoster, \u00e9tait pr\u00e9sent sur les lieux.<\/p>\n<p><i>Suivez toute l\u2019actualit\u00e9 de vos villes et m\u00e9dias favoris en vous inscrivant \u00e0 <a href=\"https:\/\/moncompte.actu.fr\" title=\"D\u00e9couvez Mon Actu\" rel=\"nofollow\" data-trk=\"{&quot;cta&quot;:{&quot;action&quot;:&quot;https:\\\/\\\/moncompte.actu.fr&quot;,&quot;category&quot;:&quot;mon compte&quot;,&quot;from&quot;:&quot;article footer&quot;,&quot;name&quot;:&quot;Mon actu&quot;,&quot;type&quot;:&quot;cta&quot;}}\" target=\"_blank\">Mon Actu<\/a>.<\/i><\/p>\n<p> accidentdutravail-idf.net vous a pr\u00e9par\u00e9 ce post qui informe du sujet \u00ab\u00a0Association Sportive Huisson-Longueville Essonne\u00a0\u00bb. La chronique se veut g\u00e9n\u00e9r\u00e9e du mieux possible. Vous pouvez utiliser les coordonn\u00e9es indiqu\u00e9es sur le site dans le but d\u2019apporter des explications sur ce post qui parle du th\u00e8me \u00ab\u00a0Association Sportive Huisson-Longueville Essonne\u00a0\u00bb. Le site accidentdutravail-idf.net a pour but de fournir diverses publications sur la th\u00e9matique Association Sportive Huisson-Longueville Essonne diffus\u00e9es sur le net. Il y aura plusieurs articles autour du sujet \u00ab\u00a0Association Sportive Huisson-Longueville Essonne\u00a0\u00bb dans quelques jours, nous vous invitons \u00e0 naviguer sur notre site web \u00e0 plusieurs reprises.<\/p>\n","protected":false},"excerpt":{"rendered":"<p>Par Florian Brassart Publi\u00e9 le 28 nov. 2024 \u00e0 18h10 Voir mon actu Suivre Actu Pas-de-Calais Les sapeurs-pompiers du Pas-de-Calais sont intervenus \u00e0 Saint-Omer ce jeudi 28 novembre 2024 en fin de matin\u00e9e. Un homme a \u00e9t\u00e9 gravement br\u00fbl\u00e9 suite \u00e0 un accident du travail \u00e0 Arc France. La victime a \u00e9t\u00e9 h\u00e9liport\u00e9e au centre &hellip; <\/p>\n<p class=\"link-more\"><a href=\"https:\/\/www.accidentdutravail-idf.net\/blog\/a-saint-omer-un-homme-gravement-brule-et-heliporte-a-lille-apres-un-accident-du-travail\/\" class=\"more-link\">Continuer la lecture <span class=\"screen-reader-text\"> \u00ab\u00a0\u00c0 Saint-Omer, un homme gravement br\u00fbl\u00e9 et h\u00e9liport\u00e9 \u00e0 Lille apr\u00e8s un accident du travail\u00a0\u00bb<\/span><\/a><\/p>\n","protected":false},"author":2,"featured_media":0,"comment_status":"closed","ping_status":"closed","sticky":false,"template":"","format":"standard","meta":{"footnotes":""},"categories":[5],"tags":[],"class_list":["post-1043","post","type-post","status-publish","format-standard","hentry","category-securite-du-travail-en-ile-de-france-et-divers","entry"],"yoast_head":"<!-- This site is optimized with the Yoast SEO plugin v27.5 - https:\/\/yoast.com\/product\/yoast-seo-wordpress\/ -->\n<title>\u00c0 Saint-Omer, un homme gravement br\u00fbl\u00e9 et h\u00e9liport\u00e9 \u00e0 Lille apr\u00e8s un accident du travail - ACCIDENTDUTRAVAIL-IDF<\/title>\n<meta name=\"description\" content=\"\u00c0 Saint-Omer, un homme gravement br\u00fbl\u00e9 et h\u00e9liport\u00e9 \u00e0 Lille apr\u00e8s un accident du travail article de ACCIDENTDUTRAVAIL-IDF\" \/>\n<meta name=\"robots\" content=\"index, follow, max-snippet:-1, max-image-preview:large, max-video-preview:-1\" \/>\n<link rel=\"canonical\" href=\"https:\/\/www.accidentdutravail-idf.net\/blog\/a-saint-omer-un-homme-gravement-brule-et-heliporte-a-lille-apres-un-accident-du-travail\/\" \/>\n<meta property=\"og:locale\" content=\"fr_FR\" \/>\n<meta property=\"og:type\" content=\"article\" \/>\n<meta property=\"og:title\" content=\"\u00c0 Saint-Omer, un homme gravement br\u00fbl\u00e9 et h\u00e9liport\u00e9 \u00e0 Lille apr\u00e8s un accident du travail - ACCIDENTDUTRAVAIL-IDF\" \/>\n<meta property=\"og:description\" content=\"\u00c0 Saint-Omer, un homme gravement br\u00fbl\u00e9 et h\u00e9liport\u00e9 \u00e0 Lille apr\u00e8s un accident du travail article de ACCIDENTDUTRAVAIL-IDF\" \/>\n<meta property=\"og:url\" content=\"https:\/\/www.accidentdutravail-idf.net\/blog\/a-saint-omer-un-homme-gravement-brule-et-heliporte-a-lille-apres-un-accident-du-travail\/\" \/>\n<meta property=\"og:site_name\" content=\"ACCIDENTDUTRAVAIL-IDF\" \/>\n<meta property=\"article:published_time\" content=\"2024-11-28T09:31:00+00:00\" \/>\n<meta property=\"og:image\" content=\"https:\/\/www.accidentdutravail-idf.net\/blog\/wp-content\/uploads\/2024\/11\/a-saint-omer-un-homme-gravement-brule-et-heliporte-a-lille-apres-un-accident-du-travail.jpg\" \/>\n<meta name=\"author\" content=\"Carlos Poulain\" \/>\n<meta name=\"twitter:card\" content=\"summary_large_image\" \/>\n<meta name=\"twitter:label1\" content=\"\u00c9crit par\" \/>\n\t<meta name=\"twitter:data1\" content=\"Carlos Poulain\" \/>\n\t<meta name=\"twitter:label2\" content=\"Dur\u00e9e de lecture estim\u00e9e\" \/>\n\t<meta name=\"twitter:data2\" content=\"2 minutes\" \/>\n<script type=\"application\/ld+json\" class=\"yoast-schema-graph\">{\"@context\":\"https:\\\/\\\/schema.org\",\"@graph\":[{\"@type\":\"Article\",\"@id\":\"https:\\\/\\\/www.accidentdutravail-idf.net\\\/blog\\\/a-saint-omer-un-homme-gravement-brule-et-heliporte-a-lille-apres-un-accident-du-travail\\\/#article\",\"isPartOf\":{\"@id\":\"https:\\\/\\\/www.accidentdutravail-idf.net\\\/blog\\\/a-saint-omer-un-homme-gravement-brule-et-heliporte-a-lille-apres-un-accident-du-travail\\\/\"},\"author\":{\"name\":\"Carlos Poulain\",\"@id\":\"https:\\\/\\\/www.accidentdutravail-idf.net\\\/blog\\\/#\\\/schema\\\/person\\\/3255d2f970de45e64bd9201f38e7b947\"},\"headline\":\"\u00c0 Saint-Omer, un homme gravement br\u00fbl\u00e9 et h\u00e9liport\u00e9 \u00e0 Lille apr\u00e8s un accident du travail\",\"datePublished\":\"2024-11-28T09:31:00+00:00\",\"mainEntityOfPage\":{\"@id\":\"https:\\\/\\\/www.accidentdutravail-idf.net\\\/blog\\\/a-saint-omer-un-homme-gravement-brule-et-heliporte-a-lille-apres-un-accident-du-travail\\\/\"},\"wordCount\":331,\"publisher\":{\"@id\":\"https:\\\/\\\/www.accidentdutravail-idf.net\\\/blog\\\/#organization\"},\"image\":{\"@id\":\"https:\\\/\\\/www.accidentdutravail-idf.net\\\/blog\\\/a-saint-omer-un-homme-gravement-brule-et-heliporte-a-lille-apres-un-accident-du-travail\\\/#primaryimage\"},\"thumbnailUrl\":\"https:\\\/\\\/www.accidentdutravail-idf.net\\\/blog\\\/wp-content\\\/uploads\\\/2024\\\/11\\\/a-saint-omer-un-homme-gravement-brule-et-heliporte-a-lille-apres-un-accident-du-travail.jpg\",\"articleSection\":[\"S\u00e9curit\u00e9 Du Travail En Ile-De-France Et Divers:\"],\"inLanguage\":\"fr-FR\"},{\"@type\":\"WebPage\",\"@id\":\"https:\\\/\\\/www.accidentdutravail-idf.net\\\/blog\\\/a-saint-omer-un-homme-gravement-brule-et-heliporte-a-lille-apres-un-accident-du-travail\\\/\",\"url\":\"https:\\\/\\\/www.accidentdutravail-idf.net\\\/blog\\\/a-saint-omer-un-homme-gravement-brule-et-heliporte-a-lille-apres-un-accident-du-travail\\\/\",\"name\":\"\u00c0 Saint-Omer, un homme gravement br\u00fbl\u00e9 et h\u00e9liport\u00e9 \u00e0 Lille apr\u00e8s un accident du travail - ACCIDENTDUTRAVAIL-IDF\",\"isPartOf\":{\"@id\":\"https:\\\/\\\/www.accidentdutravail-idf.net\\\/blog\\\/#website\"},\"primaryImageOfPage\":{\"@id\":\"https:\\\/\\\/www.accidentdutravail-idf.net\\\/blog\\\/a-saint-omer-un-homme-gravement-brule-et-heliporte-a-lille-apres-un-accident-du-travail\\\/#primaryimage\"},\"image\":{\"@id\":\"https:\\\/\\\/www.accidentdutravail-idf.net\\\/blog\\\/a-saint-omer-un-homme-gravement-brule-et-heliporte-a-lille-apres-un-accident-du-travail\\\/#primaryimage\"},\"thumbnailUrl\":\"https:\\\/\\\/www.accidentdutravail-idf.net\\\/blog\\\/wp-content\\\/uploads\\\/2024\\\/11\\\/a-saint-omer-un-homme-gravement-brule-et-heliporte-a-lille-apres-un-accident-du-travail.jpg\",\"datePublished\":\"2024-11-28T09:31:00+00:00\",\"description\":\"\u00c0 Saint-Omer, un homme gravement br\u00fbl\u00e9 et h\u00e9liport\u00e9 \u00e0 Lille apr\u00e8s un accident du travail article de ACCIDENTDUTRAVAIL-IDF\",\"breadcrumb\":{\"@id\":\"https:\\\/\\\/www.accidentdutravail-idf.net\\\/blog\\\/a-saint-omer-un-homme-gravement-brule-et-heliporte-a-lille-apres-un-accident-du-travail\\\/#breadcrumb\"},\"inLanguage\":\"fr-FR\",\"potentialAction\":[{\"@type\":\"ReadAction\",\"target\":[\"https:\\\/\\\/www.accidentdutravail-idf.net\\\/blog\\\/a-saint-omer-un-homme-gravement-brule-et-heliporte-a-lille-apres-un-accident-du-travail\\\/\"]}]},{\"@type\":\"ImageObject\",\"inLanguage\":\"fr-FR\",\"@id\":\"https:\\\/\\\/www.accidentdutravail-idf.net\\\/blog\\\/a-saint-omer-un-homme-gravement-brule-et-heliporte-a-lille-apres-un-accident-du-travail\\\/#primaryimage\",\"url\":\"https:\\\/\\\/www.accidentdutravail-idf.net\\\/blog\\\/wp-content\\\/uploads\\\/2024\\\/11\\\/a-saint-omer-un-homme-gravement-brule-et-heliporte-a-lille-apres-un-accident-du-travail.jpg\",\"contentUrl\":\"https:\\\/\\\/www.accidentdutravail-idf.net\\\/blog\\\/wp-content\\\/uploads\\\/2024\\\/11\\\/a-saint-omer-un-homme-gravement-brule-et-heliporte-a-lille-apres-un-accident-du-travail.jpg\"},{\"@type\":\"BreadcrumbList\",\"@id\":\"https:\\\/\\\/www.accidentdutravail-idf.net\\\/blog\\\/a-saint-omer-un-homme-gravement-brule-et-heliporte-a-lille-apres-un-accident-du-travail\\\/#breadcrumb\",\"itemListElement\":[{\"@type\":\"ListItem\",\"position\":1,\"name\":\"Accueil\",\"item\":\"https:\\\/\\\/www.accidentdutravail-idf.net\\\/blog\\\/\"},{\"@type\":\"ListItem\",\"position\":2,\"name\":\"\u00c0 Saint-Omer, un homme gravement br\u00fbl\u00e9 et h\u00e9liport\u00e9 \u00e0 Lille apr\u00e8s un accident du travail\"}]},{\"@type\":\"WebSite\",\"@id\":\"https:\\\/\\\/www.accidentdutravail-idf.net\\\/blog\\\/#website\",\"url\":\"https:\\\/\\\/www.accidentdutravail-idf.net\\\/blog\\\/\",\"name\":\"ACCIDENTDUTRAVAIL-IDF\",\"description\":\"Portail accidents du travail-maladies professionnelles des entreprises d&#039;Ile-de-France\",\"publisher\":{\"@id\":\"https:\\\/\\\/www.accidentdutravail-idf.net\\\/blog\\\/#organization\"},\"potentialAction\":[{\"@type\":\"SearchAction\",\"target\":{\"@type\":\"EntryPoint\",\"urlTemplate\":\"https:\\\/\\\/www.accidentdutravail-idf.net\\\/blog\\\/?s={search_term_string}\"},\"query-input\":{\"@type\":\"PropertyValueSpecification\",\"valueRequired\":true,\"valueName\":\"search_term_string\"}}],\"inLanguage\":\"fr-FR\"},{\"@type\":\"Organization\",\"@id\":\"https:\\\/\\\/www.accidentdutravail-idf.net\\\/blog\\\/#organization\",\"name\":\"accidentdutravail-idf\",\"url\":\"https:\\\/\\\/www.accidentdutravail-idf.net\\\/blog\\\/\",\"logo\":{\"@type\":\"ImageObject\",\"inLanguage\":\"fr-FR\",\"@id\":\"https:\\\/\\\/www.accidentdutravail-idf.net\\\/blog\\\/#\\\/schema\\\/logo\\\/image\\\/\",\"url\":\"https:\\\/\\\/www.accidentdutravail-idf.net\\\/blog\\\/wp-content\\\/uploads\\\/2022\\\/09\\\/logo-2.png\",\"contentUrl\":\"https:\\\/\\\/www.accidentdutravail-idf.net\\\/blog\\\/wp-content\\\/uploads\\\/2022\\\/09\\\/logo-2.png\",\"width\":380,\"height\":291,\"caption\":\"accidentdutravail-idf\"},\"image\":{\"@id\":\"https:\\\/\\\/www.accidentdutravail-idf.net\\\/blog\\\/#\\\/schema\\\/logo\\\/image\\\/\"}},{\"@type\":\"Person\",\"@id\":\"https:\\\/\\\/www.accidentdutravail-idf.net\\\/blog\\\/#\\\/schema\\\/person\\\/3255d2f970de45e64bd9201f38e7b947\",\"name\":\"Carlos Poulain\",\"image\":{\"@type\":\"ImageObject\",\"inLanguage\":\"fr-FR\",\"@id\":\"https:\\\/\\\/secure.gravatar.com\\\/avatar\\\/b1c2f9d3588e34e91adb093635df64ef4b2381991216be7576466cfcdca4baf3?s=96&d=mm&r=g\",\"url\":\"https:\\\/\\\/secure.gravatar.com\\\/avatar\\\/b1c2f9d3588e34e91adb093635df64ef4b2381991216be7576466cfcdca4baf3?s=96&d=mm&r=g\",\"contentUrl\":\"https:\\\/\\\/secure.gravatar.com\\\/avatar\\\/b1c2f9d3588e34e91adb093635df64ef4b2381991216be7576466cfcdca4baf3?s=96&d=mm&r=g\",\"caption\":\"Carlos Poulain\"},\"url\":\"https:\\\/\\\/www.accidentdutravail-idf.net\\\/blog\\\/author\\\/idfcarlos\\\/\"}]}<\/script>\n<!-- \/ Yoast SEO plugin. -->","yoast_head_json":{"title":"\u00c0 Saint-Omer, un homme gravement br\u00fbl\u00e9 et h\u00e9liport\u00e9 \u00e0 Lille apr\u00e8s un accident du travail - ACCIDENTDUTRAVAIL-IDF","description":"\u00c0 Saint-Omer, un homme gravement br\u00fbl\u00e9 et h\u00e9liport\u00e9 \u00e0 Lille apr\u00e8s un accident du travail article de ACCIDENTDUTRAVAIL-IDF","robots":{"index":"index","follow":"follow","max-snippet":"max-snippet:-1","max-image-preview":"max-image-preview:large","max-video-preview":"max-video-preview:-1"},"canonical":"https:\/\/www.accidentdutravail-idf.net\/blog\/a-saint-omer-un-homme-gravement-brule-et-heliporte-a-lille-apres-un-accident-du-travail\/","og_locale":"fr_FR","og_type":"article","og_title":"\u00c0 Saint-Omer, un homme gravement br\u00fbl\u00e9 et h\u00e9liport\u00e9 \u00e0 Lille apr\u00e8s un accident du travail - ACCIDENTDUTRAVAIL-IDF","og_description":"\u00c0 Saint-Omer, un homme gravement br\u00fbl\u00e9 et h\u00e9liport\u00e9 \u00e0 Lille apr\u00e8s un accident du travail article de ACCIDENTDUTRAVAIL-IDF","og_url":"https:\/\/www.accidentdutravail-idf.net\/blog\/a-saint-omer-un-homme-gravement-brule-et-heliporte-a-lille-apres-un-accident-du-travail\/","og_site_name":"ACCIDENTDUTRAVAIL-IDF","article_published_time":"2024-11-28T09:31:00+00:00","og_image":[{"url":"https:\/\/www.accidentdutravail-idf.net\/blog\/wp-content\/uploads\/2024\/11\/a-saint-omer-un-homme-gravement-brule-et-heliporte-a-lille-apres-un-accident-du-travail.jpg","type":"","width":"","height":""}],"author":"Carlos Poulain","twitter_card":"summary_large_image","twitter_misc":{"\u00c9crit par":"Carlos Poulain","Dur\u00e9e de lecture estim\u00e9e":"2 minutes"},"schema":{"@context":"https:\/\/schema.org","@graph":[{"@type":"Article","@id":"https:\/\/www.accidentdutravail-idf.net\/blog\/a-saint-omer-un-homme-gravement-brule-et-heliporte-a-lille-apres-un-accident-du-travail\/#article","isPartOf":{"@id":"https:\/\/www.accidentdutravail-idf.net\/blog\/a-saint-omer-un-homme-gravement-brule-et-heliporte-a-lille-apres-un-accident-du-travail\/"},"author":{"name":"Carlos Poulain","@id":"https:\/\/www.accidentdutravail-idf.net\/blog\/#\/schema\/person\/3255d2f970de45e64bd9201f38e7b947"},"headline":"\u00c0 Saint-Omer, un homme gravement br\u00fbl\u00e9 et h\u00e9liport\u00e9 \u00e0 Lille apr\u00e8s un accident du travail","datePublished":"2024-11-28T09:31:00+00:00","mainEntityOfPage":{"@id":"https:\/\/www.accidentdutravail-idf.net\/blog\/a-saint-omer-un-homme-gravement-brule-et-heliporte-a-lille-apres-un-accident-du-travail\/"},"wordCount":331,"publisher":{"@id":"https:\/\/www.accidentdutravail-idf.net\/blog\/#organization"},"image":{"@id":"https:\/\/www.accidentdutravail-idf.net\/blog\/a-saint-omer-un-homme-gravement-brule-et-heliporte-a-lille-apres-un-accident-du-travail\/#primaryimage"},"thumbnailUrl":"https:\/\/www.accidentdutravail-idf.net\/blog\/wp-content\/uploads\/2024\/11\/a-saint-omer-un-homme-gravement-brule-et-heliporte-a-lille-apres-un-accident-du-travail.jpg","articleSection":["S\u00e9curit\u00e9 Du Travail En Ile-De-France Et Divers:"],"inLanguage":"fr-FR"},{"@type":"WebPage","@id":"https:\/\/www.accidentdutravail-idf.net\/blog\/a-saint-omer-un-homme-gravement-brule-et-heliporte-a-lille-apres-un-accident-du-travail\/","url":"https:\/\/www.accidentdutravail-idf.net\/blog\/a-saint-omer-un-homme-gravement-brule-et-heliporte-a-lille-apres-un-accident-du-travail\/","name":"\u00c0 Saint-Omer, un homme gravement br\u00fbl\u00e9 et h\u00e9liport\u00e9 \u00e0 Lille apr\u00e8s un accident du travail - ACCIDENTDUTRAVAIL-IDF","isPartOf":{"@id":"https:\/\/www.accidentdutravail-idf.net\/blog\/#website"},"primaryImageOfPage":{"@id":"https:\/\/www.accidentdutravail-idf.net\/blog\/a-saint-omer-un-homme-gravement-brule-et-heliporte-a-lille-apres-un-accident-du-travail\/#primaryimage"},"image":{"@id":"https:\/\/www.accidentdutravail-idf.net\/blog\/a-saint-omer-un-homme-gravement-brule-et-heliporte-a-lille-apres-un-accident-du-travail\/#primaryimage"},"thumbnailUrl":"https:\/\/www.accidentdutravail-idf.net\/blog\/wp-content\/uploads\/2024\/11\/a-saint-omer-un-homme-gravement-brule-et-heliporte-a-lille-apres-un-accident-du-travail.jpg","datePublished":"2024-11-28T09:31:00+00:00","description":"\u00c0 Saint-Omer, un homme gravement br\u00fbl\u00e9 et h\u00e9liport\u00e9 \u00e0 Lille apr\u00e8s un accident du travail article de ACCIDENTDUTRAVAIL-IDF","breadcrumb":{"@id":"https:\/\/www.accidentdutravail-idf.net\/blog\/a-saint-omer-un-homme-gravement-brule-et-heliporte-a-lille-apres-un-accident-du-travail\/#breadcrumb"},"inLanguage":"fr-FR","potentialAction":[{"@type":"ReadAction","target":["https:\/\/www.accidentdutravail-idf.net\/blog\/a-saint-omer-un-homme-gravement-brule-et-heliporte-a-lille-apres-un-accident-du-travail\/"]}]},{"@type":"ImageObject","inLanguage":"fr-FR","@id":"https:\/\/www.accidentdutravail-idf.net\/blog\/a-saint-omer-un-homme-gravement-brule-et-heliporte-a-lille-apres-un-accident-du-travail\/#primaryimage","url":"https:\/\/www.accidentdutravail-idf.net\/blog\/wp-content\/uploads\/2024\/11\/a-saint-omer-un-homme-gravement-brule-et-heliporte-a-lille-apres-un-accident-du-travail.jpg","contentUrl":"https:\/\/www.accidentdutravail-idf.net\/blog\/wp-content\/uploads\/2024\/11\/a-saint-omer-un-homme-gravement-brule-et-heliporte-a-lille-apres-un-accident-du-travail.jpg"},{"@type":"BreadcrumbList","@id":"https:\/\/www.accidentdutravail-idf.net\/blog\/a-saint-omer-un-homme-gravement-brule-et-heliporte-a-lille-apres-un-accident-du-travail\/#breadcrumb","itemListElement":[{"@type":"ListItem","position":1,"name":"Accueil","item":"https:\/\/www.accidentdutravail-idf.net\/blog\/"},{"@type":"ListItem","position":2,"name":"\u00c0 Saint-Omer, un homme gravement br\u00fbl\u00e9 et h\u00e9liport\u00e9 \u00e0 Lille apr\u00e8s un accident du travail"}]},{"@type":"WebSite","@id":"https:\/\/www.accidentdutravail-idf.net\/blog\/#website","url":"https:\/\/www.accidentdutravail-idf.net\/blog\/","name":"ACCIDENTDUTRAVAIL-IDF","description":"Portail accidents du travail-maladies professionnelles des entreprises d&#039;Ile-de-France","publisher":{"@id":"https:\/\/www.accidentdutravail-idf.net\/blog\/#organization"},"potentialAction":[{"@type":"SearchAction","target":{"@type":"EntryPoint","urlTemplate":"https:\/\/www.accidentdutravail-idf.net\/blog\/?s={search_term_string}"},"query-input":{"@type":"PropertyValueSpecification","valueRequired":true,"valueName":"search_term_string"}}],"inLanguage":"fr-FR"},{"@type":"Organization","@id":"https:\/\/www.accidentdutravail-idf.net\/blog\/#organization","name":"accidentdutravail-idf","url":"https:\/\/www.accidentdutravail-idf.net\/blog\/","logo":{"@type":"ImageObject","inLanguage":"fr-FR","@id":"https:\/\/www.accidentdutravail-idf.net\/blog\/#\/schema\/logo\/image\/","url":"https:\/\/www.accidentdutravail-idf.net\/blog\/wp-content\/uploads\/2022\/09\/logo-2.png","contentUrl":"https:\/\/www.accidentdutravail-idf.net\/blog\/wp-content\/uploads\/2022\/09\/logo-2.png","width":380,"height":291,"caption":"accidentdutravail-idf"},"image":{"@id":"https:\/\/www.accidentdutravail-idf.net\/blog\/#\/schema\/logo\/image\/"}},{"@type":"Person","@id":"https:\/\/www.accidentdutravail-idf.net\/blog\/#\/schema\/person\/3255d2f970de45e64bd9201f38e7b947","name":"Carlos Poulain","image":{"@type":"ImageObject","inLanguage":"fr-FR","@id":"https:\/\/secure.gravatar.com\/avatar\/b1c2f9d3588e34e91adb093635df64ef4b2381991216be7576466cfcdca4baf3?s=96&d=mm&r=g","url":"https:\/\/secure.gravatar.com\/avatar\/b1c2f9d3588e34e91adb093635df64ef4b2381991216be7576466cfcdca4baf3?s=96&d=mm&r=g","contentUrl":"https:\/\/secure.gravatar.com\/avatar\/b1c2f9d3588e34e91adb093635df64ef4b2381991216be7576466cfcdca4baf3?s=96&d=mm&r=g","caption":"Carlos Poulain"},"url":"https:\/\/www.accidentdutravail-idf.net\/blog\/author\/idfcarlos\/"}]}},"_links":{"self":[{"href":"https:\/\/www.accidentdutravail-idf.net\/blog\/wp-json\/wp\/v2\/posts\/1043","targetHints":{"allow":["GET"]}}],"collection":[{"href":"https:\/\/www.accidentdutravail-idf.net\/blog\/wp-json\/wp\/v2\/posts"}],"about":[{"href":"https:\/\/www.accidentdutravail-idf.net\/blog\/wp-json\/wp\/v2\/types\/post"}],"author":[{"embeddable":true,"href":"https:\/\/www.accidentdutravail-idf.net\/blog\/wp-json\/wp\/v2\/users\/2"}],"replies":[{"embeddable":true,"href":"https:\/\/www.accidentdutravail-idf.net\/blog\/wp-json\/wp\/v2\/comments?post=1043"}],"version-history":[{"count":0,"href":"https:\/\/www.accidentdutravail-idf.net\/blog\/wp-json\/wp\/v2\/posts\/1043\/revisions"}],"wp:attachment":[{"href":"https:\/\/www.accidentdutravail-idf.net\/blog\/wp-json\/wp\/v2\/media?parent=1043"}],"wp:term":[{"taxonomy":"category","embeddable":true,"href":"https:\/\/www.accidentdutravail-idf.net\/blog\/wp-json\/wp\/v2\/categories?post=1043"},{"taxonomy":"post_tag","embeddable":true,"href":"https:\/\/www.accidentdutravail-idf.net\/blog\/wp-json\/wp\/v2\/tags?post=1043"}],"curies":[{"name":"wp","href":"https:\/\/api.w.org\/{rel}","templated":true}]}}