{"id":1041,"date":"2024-11-28T02:13:00","date_gmt":"2024-11-28T01:13:00","guid":{"rendered":"https:\/\/www.accidentdutravail-idf.net\/blog\/il-se-perfore-le-majeur-de-part-en-part-a-la-cloueuse-les-faits-divers-en-haute-loire-en-bref\/"},"modified":"2024-11-28T02:13:00","modified_gmt":"2024-11-28T01:13:00","slug":"il-se-perfore-le-majeur-de-part-en-part-a-la-cloueuse-les-faits-divers-en-haute-loire-en-bref","status":"publish","type":"post","link":"https:\/\/www.accidentdutravail-idf.net\/blog\/il-se-perfore-le-majeur-de-part-en-part-a-la-cloueuse-les-faits-divers-en-haute-loire-en-bref\/","title":{"rendered":"Il se perfore le majeur de part en part \u00e0 la cloueuse&#8230; Les faits divers en Haute-Loire en bref"},"content":{"rendered":"<h2>Craponne-sur-Arzon : les porti\u00e8res c\u00e8dent et le blessent<\/h2>\n<p>Un homme de 37&nbsp;ans s\u2019est bless\u00e9 aux mains au cours d\u2019un accident du travail survenu dans une scierie \u00e0 Craponne-sur-Arzon, mardi \u00e0 9\u2009h\u200930. Il \u00e9tait en train de d\u00e9bloquer les portes arri\u00e8re de sa remorque quand les poign\u00e9es se sont violemment d\u00e9bloqu\u00e9es. Le trentenaire a ressenti une vive douleur qui lui a fait perdre connaissance un instant. Il a ensuite \u00e9t\u00e9 pris en charge par les sapeurs-pompiers.&nbsp;<\/p>\n<h2>Retournac : une nouvelle action s\u2019est tenue \u00e0 la gare<\/h2>\n<p>Moins d\u2019une semaine apr\u00e8s le rassemblement qui s\u2019est tenu sur les voies de chemin de fer \u00e0 Retournac, un collectif d\u2019usagers de la SNCF a men\u00e9 une action en gare de Retournac, dans la nuit de mardi \u00e0 mercredi, pour s\u2019opposer au projet de suppression de postes d\u2019agents de circulation. Des pancartes ont \u00e9t\u00e9 accroch\u00e9es au niveau du guichet et des quais. On pouvait y lire les messages suivants&nbsp;: \u00ab&nbsp;gare en p\u00e9ril&nbsp;\u00bb, \u00ab&nbsp;cheminots sacrifi\u00e9s au profit de qui\u2009?&nbsp;\u00bb ou encore \u00ab&nbsp;ma gare c\u2019est ma libert\u00e9, les cheminots c\u2019est ma s\u00e9curit\u00e9&nbsp;\u00bb. Rendez-vous est donn\u00e9 le 4&nbsp;d\u00e9cembre \u00e0 partir de 19\u2009h\u200930 devant la mairie de Retournac, pour d\u00e9fendre la m\u00eame cause juste avant la r\u00e9union du conseil municipal.<\/p>\n<h2>Malrevers : un agriculteur verbalis\u00e9 pour un \u00e9cobuage<\/h2>\n<p>Lundi vers 16\u2009h\u200915, les gendarmes se sont rendus au lieu-dit Le Bouchillou, commune de Malrevers, pour un incendie. \u00c0 leur arriv\u00e9e, ils constataient que les flammes consumaient plusieurs balles de foin ainsi que du bois et du plastique, en pr\u00e9sence de l\u2019auteur pr\u00e9sum\u00e9 du feu, un agriculteur. Ce dernier a \u00e9t\u00e9 verbalis\u00e9 par les forces de l\u2019ordre.&nbsp;<\/p>\n<h2>Saint-Maurice-de-Lignon : le clou lui perfore le majeur<\/h2>\n<p>Un travailleur int\u00e9rimaire \u00e2g\u00e9 de 63&nbsp;ans, \u00e9tait en train de constituer des caisses en bois pour le compte d\u2019une entreprise d\u2019emballage install\u00e9e \u00e0 Saint-Maurice-de-Lignon, lorsque la cloueuse qu\u2019il utilisait a rip\u00e9. Un clou est venu se planter dans le majeur de sa main gauche, le traversant de part en part. Il a \u00e9t\u00e9 pris en charge par les pompiers et conduit \u00e0 l\u2019h\u00f4pital.&nbsp;<\/p>\n<div class=\"bloc file\">\n<div id=\"nl_mt-faits-divers\" class=\"row nl\">\n<div class=\"nl-logo\"> <img decoding=\"async\" src=\"https:\/\/www.lamontagne.fr\/static\/bloc\/ripolinage\/newsletter\/logos\/IconeGratuite.svg\"> <\/div>\n<div class=\"nl-titre\">\n<p>Recevez par mail notre newsletter faits divers et retrouvez les moments forts de l\u2019actualit\u00e9 polici\u00e8re et judiciaire de votre r\u00e9gion<\/p>\n<\/p><\/div>\n<\/p><\/div>\n<\/div>\n<h2>Saint-Romain-Lachalm : le camion se couche dans le foss\u00e9<\/h2>\n<p>Lundi, vers 9&nbsp;heures, un poids lourd circulant sur la RD 23 s\u2019est couch\u00e9 dans le foss\u00e9 apr\u00e8s avoir mordu l\u2019accotement. Le camion transportait un conteneur de 25 tonnes de plastiques recycl\u00e9s. Le chauffeur a \u00e9t\u00e9 conduit \u00e0 l\u2019h\u00f4pital de Firminy. Une d\u00e9viation a \u00e9t\u00e9 mise en place durant l\u2019intervention des secours.&nbsp;<\/p>\n<h2>Valprivas : le d\u00e9tecteur de fum\u00e9es se d\u00e9clenche<\/h2>\n<p>Un incendie s\u2019est d\u00e9clar\u00e9 dans les combles d\u2019une habitation situ\u00e9e au lieu-dit Les Iversins, commune de Valprivas, vers minuit et demi dans la nuit de mardi \u00e0 mercredi. L\u2019occupante des lieux \u00e9tait en train d\u2019\u00e9couter la radio lorsque la lumi\u00e8re s\u2019est \u00e9teinte. Elle est all\u00e9e remettre les plombs au compteur \u00e9lectrique, mais le syst\u00e8me s\u2019est \u00e0 nouveau mis en s\u00e9curit\u00e9. L\u2019occupante a entendu du bruit dans les combles, juste avant que le d\u00e9tecteur automatique de fum\u00e9es ne se d\u00e9clenche. Apr\u00e8s son alerte, les sapeurs-pompiers ont engag\u00e9 une intervention de secours r\u00e9unissant 23 sapeurs-pompiers. Le feu a \u00e9t\u00e9 \u00e9teint apr\u00e8s avoir consum\u00e9 5 m2 d\u2019isolant et une poutre en bois. L\u2019occupante a \u00e9t\u00e9 relog\u00e9e pour la nuit par la mairie.<\/p>\n<p> accidentdutravail-idf.net vous a pr\u00e9par\u00e9 ce post qui informe du sujet \u00ab\u00a0Association Sportive Huisson-Longueville Essonne\u00a0\u00bb. La chronique se veut g\u00e9n\u00e9r\u00e9e du mieux possible. Vous pouvez utiliser les coordonn\u00e9es indiqu\u00e9es sur le site dans le but d\u2019apporter des explications sur ce post qui parle du th\u00e8me \u00ab\u00a0Association Sportive Huisson-Longueville Essonne\u00a0\u00bb. Le site accidentdutravail-idf.net a pour but de fournir diverses publications sur la th\u00e9matique Association Sportive Huisson-Longueville Essonne diffus\u00e9es sur le net. Il y aura plusieurs articles autour du sujet \u00ab\u00a0Association Sportive Huisson-Longueville Essonne\u00a0\u00bb dans quelques jours, nous vous invitons \u00e0 naviguer sur notre site web \u00e0 plusieurs reprises.<\/p>\n","protected":false},"excerpt":{"rendered":"<p>Craponne-sur-Arzon : les porti\u00e8res c\u00e8dent et le blessent Un homme de 37&nbsp;ans s\u2019est bless\u00e9 aux mains au cours d\u2019un accident du travail survenu dans une scierie \u00e0 Craponne-sur-Arzon, mardi \u00e0 9\u2009h\u200930. Il \u00e9tait en train de d\u00e9bloquer les portes arri\u00e8re de sa remorque quand les poign\u00e9es se sont violemment d\u00e9bloqu\u00e9es. Le trentenaire a ressenti une &hellip; <\/p>\n<p class=\"link-more\"><a href=\"https:\/\/www.accidentdutravail-idf.net\/blog\/il-se-perfore-le-majeur-de-part-en-part-a-la-cloueuse-les-faits-divers-en-haute-loire-en-bref\/\" class=\"more-link\">Continuer la lecture <span class=\"screen-reader-text\"> \u00ab\u00a0Il se perfore le majeur de part en part \u00e0 la cloueuse&#8230; Les faits divers en Haute-Loire en bref\u00a0\u00bb<\/span><\/a><\/p>\n","protected":false},"author":2,"featured_media":0,"comment_status":"closed","ping_status":"closed","sticky":false,"template":"","format":"standard","meta":{"footnotes":""},"categories":[5],"tags":[],"class_list":["post-1041","post","type-post","status-publish","format-standard","hentry","category-securite-du-travail-en-ile-de-france-et-divers","entry"],"yoast_head":"<!-- This site is optimized with the Yoast SEO plugin v27.5 - https:\/\/yoast.com\/product\/yoast-seo-wordpress\/ -->\n<title>Il se perfore le majeur de part en part \u00e0 la cloueuse... Les faits divers en Haute-Loire en bref - ACCIDENTDUTRAVAIL-IDF<\/title>\n<meta name=\"description\" content=\"Il se perfore le majeur de part en part \u00e0 la cloueuse... Les faits divers en Haute-Loire en bref article de ACCIDENTDUTRAVAIL-IDF\" \/>\n<meta name=\"robots\" content=\"index, follow, max-snippet:-1, max-image-preview:large, max-video-preview:-1\" \/>\n<link rel=\"canonical\" href=\"https:\/\/www.accidentdutravail-idf.net\/blog\/il-se-perfore-le-majeur-de-part-en-part-a-la-cloueuse-les-faits-divers-en-haute-loire-en-bref\/\" \/>\n<meta property=\"og:locale\" content=\"fr_FR\" \/>\n<meta property=\"og:type\" content=\"article\" \/>\n<meta property=\"og:title\" content=\"Il se perfore le majeur de part en part \u00e0 la cloueuse... Les faits divers en Haute-Loire en bref - ACCIDENTDUTRAVAIL-IDF\" \/>\n<meta property=\"og:description\" content=\"Il se perfore le majeur de part en part \u00e0 la cloueuse... Les faits divers en Haute-Loire en bref article de ACCIDENTDUTRAVAIL-IDF\" \/>\n<meta property=\"og:url\" content=\"https:\/\/www.accidentdutravail-idf.net\/blog\/il-se-perfore-le-majeur-de-part-en-part-a-la-cloueuse-les-faits-divers-en-haute-loire-en-bref\/\" \/>\n<meta property=\"og:site_name\" content=\"ACCIDENTDUTRAVAIL-IDF\" \/>\n<meta property=\"article:published_time\" content=\"2024-11-28T01:13:00+00:00\" \/>\n<meta property=\"og:image\" content=\"https:\/\/www.lamontagne.fr\/static\/bloc\/ripolinage\/newsletter\/logos\/IconeGratuite.svg\" \/>\n<meta name=\"author\" content=\"Carlos Poulain\" \/>\n<meta name=\"twitter:card\" content=\"summary_large_image\" \/>\n<meta name=\"twitter:label1\" content=\"\u00c9crit par\" \/>\n\t<meta name=\"twitter:data1\" content=\"Carlos Poulain\" \/>\n\t<meta name=\"twitter:label2\" content=\"Dur\u00e9e de lecture estim\u00e9e\" \/>\n\t<meta name=\"twitter:data2\" content=\"4 minutes\" \/>\n<script type=\"application\/ld+json\" class=\"yoast-schema-graph\">{\"@context\":\"https:\\\/\\\/schema.org\",\"@graph\":[{\"@type\":\"Article\",\"@id\":\"https:\\\/\\\/www.accidentdutravail-idf.net\\\/blog\\\/il-se-perfore-le-majeur-de-part-en-part-a-la-cloueuse-les-faits-divers-en-haute-loire-en-bref\\\/#article\",\"isPartOf\":{\"@id\":\"https:\\\/\\\/www.accidentdutravail-idf.net\\\/blog\\\/il-se-perfore-le-majeur-de-part-en-part-a-la-cloueuse-les-faits-divers-en-haute-loire-en-bref\\\/\"},\"author\":{\"name\":\"Carlos Poulain\",\"@id\":\"https:\\\/\\\/www.accidentdutravail-idf.net\\\/blog\\\/#\\\/schema\\\/person\\\/3255d2f970de45e64bd9201f38e7b947\"},\"headline\":\"Il se perfore le majeur de part en part \u00e0 la cloueuse&#8230; Les faits divers en Haute-Loire en bref\",\"datePublished\":\"2024-11-28T01:13:00+00:00\",\"mainEntityOfPage\":{\"@id\":\"https:\\\/\\\/www.accidentdutravail-idf.net\\\/blog\\\/il-se-perfore-le-majeur-de-part-en-part-a-la-cloueuse-les-faits-divers-en-haute-loire-en-bref\\\/\"},\"wordCount\":735,\"publisher\":{\"@id\":\"https:\\\/\\\/www.accidentdutravail-idf.net\\\/blog\\\/#organization\"},\"image\":{\"@id\":\"https:\\\/\\\/www.accidentdutravail-idf.net\\\/blog\\\/il-se-perfore-le-majeur-de-part-en-part-a-la-cloueuse-les-faits-divers-en-haute-loire-en-bref\\\/#primaryimage\"},\"thumbnailUrl\":\"https:\\\/\\\/www.lamontagne.fr\\\/static\\\/bloc\\\/ripolinage\\\/newsletter\\\/logos\\\/IconeGratuite.svg\",\"articleSection\":[\"S\u00e9curit\u00e9 Du Travail En Ile-De-France Et Divers:\"],\"inLanguage\":\"fr-FR\"},{\"@type\":\"WebPage\",\"@id\":\"https:\\\/\\\/www.accidentdutravail-idf.net\\\/blog\\\/il-se-perfore-le-majeur-de-part-en-part-a-la-cloueuse-les-faits-divers-en-haute-loire-en-bref\\\/\",\"url\":\"https:\\\/\\\/www.accidentdutravail-idf.net\\\/blog\\\/il-se-perfore-le-majeur-de-part-en-part-a-la-cloueuse-les-faits-divers-en-haute-loire-en-bref\\\/\",\"name\":\"Il se perfore le majeur de part en part \u00e0 la cloueuse... Les faits divers en Haute-Loire en bref - ACCIDENTDUTRAVAIL-IDF\",\"isPartOf\":{\"@id\":\"https:\\\/\\\/www.accidentdutravail-idf.net\\\/blog\\\/#website\"},\"primaryImageOfPage\":{\"@id\":\"https:\\\/\\\/www.accidentdutravail-idf.net\\\/blog\\\/il-se-perfore-le-majeur-de-part-en-part-a-la-cloueuse-les-faits-divers-en-haute-loire-en-bref\\\/#primaryimage\"},\"image\":{\"@id\":\"https:\\\/\\\/www.accidentdutravail-idf.net\\\/blog\\\/il-se-perfore-le-majeur-de-part-en-part-a-la-cloueuse-les-faits-divers-en-haute-loire-en-bref\\\/#primaryimage\"},\"thumbnailUrl\":\"https:\\\/\\\/www.lamontagne.fr\\\/static\\\/bloc\\\/ripolinage\\\/newsletter\\\/logos\\\/IconeGratuite.svg\",\"datePublished\":\"2024-11-28T01:13:00+00:00\",\"description\":\"Il se perfore le majeur de part en part \u00e0 la cloueuse... Les faits divers en Haute-Loire en bref article de ACCIDENTDUTRAVAIL-IDF\",\"breadcrumb\":{\"@id\":\"https:\\\/\\\/www.accidentdutravail-idf.net\\\/blog\\\/il-se-perfore-le-majeur-de-part-en-part-a-la-cloueuse-les-faits-divers-en-haute-loire-en-bref\\\/#breadcrumb\"},\"inLanguage\":\"fr-FR\",\"potentialAction\":[{\"@type\":\"ReadAction\",\"target\":[\"https:\\\/\\\/www.accidentdutravail-idf.net\\\/blog\\\/il-se-perfore-le-majeur-de-part-en-part-a-la-cloueuse-les-faits-divers-en-haute-loire-en-bref\\\/\"]}]},{\"@type\":\"ImageObject\",\"inLanguage\":\"fr-FR\",\"@id\":\"https:\\\/\\\/www.accidentdutravail-idf.net\\\/blog\\\/il-se-perfore-le-majeur-de-part-en-part-a-la-cloueuse-les-faits-divers-en-haute-loire-en-bref\\\/#primaryimage\",\"url\":\"https:\\\/\\\/www.lamontagne.fr\\\/static\\\/bloc\\\/ripolinage\\\/newsletter\\\/logos\\\/IconeGratuite.svg\",\"contentUrl\":\"https:\\\/\\\/www.lamontagne.fr\\\/static\\\/bloc\\\/ripolinage\\\/newsletter\\\/logos\\\/IconeGratuite.svg\"},{\"@type\":\"BreadcrumbList\",\"@id\":\"https:\\\/\\\/www.accidentdutravail-idf.net\\\/blog\\\/il-se-perfore-le-majeur-de-part-en-part-a-la-cloueuse-les-faits-divers-en-haute-loire-en-bref\\\/#breadcrumb\",\"itemListElement\":[{\"@type\":\"ListItem\",\"position\":1,\"name\":\"Accueil\",\"item\":\"https:\\\/\\\/www.accidentdutravail-idf.net\\\/blog\\\/\"},{\"@type\":\"ListItem\",\"position\":2,\"name\":\"Il se perfore le majeur de part en part \u00e0 la cloueuse&#8230; Les faits divers en Haute-Loire en bref\"}]},{\"@type\":\"WebSite\",\"@id\":\"https:\\\/\\\/www.accidentdutravail-idf.net\\\/blog\\\/#website\",\"url\":\"https:\\\/\\\/www.accidentdutravail-idf.net\\\/blog\\\/\",\"name\":\"ACCIDENTDUTRAVAIL-IDF\",\"description\":\"Portail accidents du travail-maladies professionnelles des entreprises d&#039;Ile-de-France\",\"publisher\":{\"@id\":\"https:\\\/\\\/www.accidentdutravail-idf.net\\\/blog\\\/#organization\"},\"potentialAction\":[{\"@type\":\"SearchAction\",\"target\":{\"@type\":\"EntryPoint\",\"urlTemplate\":\"https:\\\/\\\/www.accidentdutravail-idf.net\\\/blog\\\/?s={search_term_string}\"},\"query-input\":{\"@type\":\"PropertyValueSpecification\",\"valueRequired\":true,\"valueName\":\"search_term_string\"}}],\"inLanguage\":\"fr-FR\"},{\"@type\":\"Organization\",\"@id\":\"https:\\\/\\\/www.accidentdutravail-idf.net\\\/blog\\\/#organization\",\"name\":\"accidentdutravail-idf\",\"url\":\"https:\\\/\\\/www.accidentdutravail-idf.net\\\/blog\\\/\",\"logo\":{\"@type\":\"ImageObject\",\"inLanguage\":\"fr-FR\",\"@id\":\"https:\\\/\\\/www.accidentdutravail-idf.net\\\/blog\\\/#\\\/schema\\\/logo\\\/image\\\/\",\"url\":\"https:\\\/\\\/www.accidentdutravail-idf.net\\\/blog\\\/wp-content\\\/uploads\\\/2022\\\/09\\\/logo-2.png\",\"contentUrl\":\"https:\\\/\\\/www.accidentdutravail-idf.net\\\/blog\\\/wp-content\\\/uploads\\\/2022\\\/09\\\/logo-2.png\",\"width\":380,\"height\":291,\"caption\":\"accidentdutravail-idf\"},\"image\":{\"@id\":\"https:\\\/\\\/www.accidentdutravail-idf.net\\\/blog\\\/#\\\/schema\\\/logo\\\/image\\\/\"}},{\"@type\":\"Person\",\"@id\":\"https:\\\/\\\/www.accidentdutravail-idf.net\\\/blog\\\/#\\\/schema\\\/person\\\/3255d2f970de45e64bd9201f38e7b947\",\"name\":\"Carlos Poulain\",\"image\":{\"@type\":\"ImageObject\",\"inLanguage\":\"fr-FR\",\"@id\":\"https:\\\/\\\/secure.gravatar.com\\\/avatar\\\/b1c2f9d3588e34e91adb093635df64ef4b2381991216be7576466cfcdca4baf3?s=96&d=mm&r=g\",\"url\":\"https:\\\/\\\/secure.gravatar.com\\\/avatar\\\/b1c2f9d3588e34e91adb093635df64ef4b2381991216be7576466cfcdca4baf3?s=96&d=mm&r=g\",\"contentUrl\":\"https:\\\/\\\/secure.gravatar.com\\\/avatar\\\/b1c2f9d3588e34e91adb093635df64ef4b2381991216be7576466cfcdca4baf3?s=96&d=mm&r=g\",\"caption\":\"Carlos Poulain\"},\"url\":\"https:\\\/\\\/www.accidentdutravail-idf.net\\\/blog\\\/author\\\/idfcarlos\\\/\"}]}<\/script>\n<!-- \/ Yoast SEO plugin. -->","yoast_head_json":{"title":"Il se perfore le majeur de part en part \u00e0 la cloueuse... Les faits divers en Haute-Loire en bref - ACCIDENTDUTRAVAIL-IDF","description":"Il se perfore le majeur de part en part \u00e0 la cloueuse... Les faits divers en Haute-Loire en bref article de ACCIDENTDUTRAVAIL-IDF","robots":{"index":"index","follow":"follow","max-snippet":"max-snippet:-1","max-image-preview":"max-image-preview:large","max-video-preview":"max-video-preview:-1"},"canonical":"https:\/\/www.accidentdutravail-idf.net\/blog\/il-se-perfore-le-majeur-de-part-en-part-a-la-cloueuse-les-faits-divers-en-haute-loire-en-bref\/","og_locale":"fr_FR","og_type":"article","og_title":"Il se perfore le majeur de part en part \u00e0 la cloueuse... Les faits divers en Haute-Loire en bref - ACCIDENTDUTRAVAIL-IDF","og_description":"Il se perfore le majeur de part en part \u00e0 la cloueuse... Les faits divers en Haute-Loire en bref article de ACCIDENTDUTRAVAIL-IDF","og_url":"https:\/\/www.accidentdutravail-idf.net\/blog\/il-se-perfore-le-majeur-de-part-en-part-a-la-cloueuse-les-faits-divers-en-haute-loire-en-bref\/","og_site_name":"ACCIDENTDUTRAVAIL-IDF","article_published_time":"2024-11-28T01:13:00+00:00","og_image":[{"url":"https:\/\/www.lamontagne.fr\/static\/bloc\/ripolinage\/newsletter\/logos\/IconeGratuite.svg","type":"","width":"","height":""}],"author":"Carlos Poulain","twitter_card":"summary_large_image","twitter_misc":{"\u00c9crit par":"Carlos Poulain","Dur\u00e9e de lecture estim\u00e9e":"4 minutes"},"schema":{"@context":"https:\/\/schema.org","@graph":[{"@type":"Article","@id":"https:\/\/www.accidentdutravail-idf.net\/blog\/il-se-perfore-le-majeur-de-part-en-part-a-la-cloueuse-les-faits-divers-en-haute-loire-en-bref\/#article","isPartOf":{"@id":"https:\/\/www.accidentdutravail-idf.net\/blog\/il-se-perfore-le-majeur-de-part-en-part-a-la-cloueuse-les-faits-divers-en-haute-loire-en-bref\/"},"author":{"name":"Carlos Poulain","@id":"https:\/\/www.accidentdutravail-idf.net\/blog\/#\/schema\/person\/3255d2f970de45e64bd9201f38e7b947"},"headline":"Il se perfore le majeur de part en part \u00e0 la cloueuse&#8230; Les faits divers en Haute-Loire en bref","datePublished":"2024-11-28T01:13:00+00:00","mainEntityOfPage":{"@id":"https:\/\/www.accidentdutravail-idf.net\/blog\/il-se-perfore-le-majeur-de-part-en-part-a-la-cloueuse-les-faits-divers-en-haute-loire-en-bref\/"},"wordCount":735,"publisher":{"@id":"https:\/\/www.accidentdutravail-idf.net\/blog\/#organization"},"image":{"@id":"https:\/\/www.accidentdutravail-idf.net\/blog\/il-se-perfore-le-majeur-de-part-en-part-a-la-cloueuse-les-faits-divers-en-haute-loire-en-bref\/#primaryimage"},"thumbnailUrl":"https:\/\/www.lamontagne.fr\/static\/bloc\/ripolinage\/newsletter\/logos\/IconeGratuite.svg","articleSection":["S\u00e9curit\u00e9 Du Travail En Ile-De-France Et Divers:"],"inLanguage":"fr-FR"},{"@type":"WebPage","@id":"https:\/\/www.accidentdutravail-idf.net\/blog\/il-se-perfore-le-majeur-de-part-en-part-a-la-cloueuse-les-faits-divers-en-haute-loire-en-bref\/","url":"https:\/\/www.accidentdutravail-idf.net\/blog\/il-se-perfore-le-majeur-de-part-en-part-a-la-cloueuse-les-faits-divers-en-haute-loire-en-bref\/","name":"Il se perfore le majeur de part en part \u00e0 la cloueuse... Les faits divers en Haute-Loire en bref - ACCIDENTDUTRAVAIL-IDF","isPartOf":{"@id":"https:\/\/www.accidentdutravail-idf.net\/blog\/#website"},"primaryImageOfPage":{"@id":"https:\/\/www.accidentdutravail-idf.net\/blog\/il-se-perfore-le-majeur-de-part-en-part-a-la-cloueuse-les-faits-divers-en-haute-loire-en-bref\/#primaryimage"},"image":{"@id":"https:\/\/www.accidentdutravail-idf.net\/blog\/il-se-perfore-le-majeur-de-part-en-part-a-la-cloueuse-les-faits-divers-en-haute-loire-en-bref\/#primaryimage"},"thumbnailUrl":"https:\/\/www.lamontagne.fr\/static\/bloc\/ripolinage\/newsletter\/logos\/IconeGratuite.svg","datePublished":"2024-11-28T01:13:00+00:00","description":"Il se perfore le majeur de part en part \u00e0 la cloueuse... Les faits divers en Haute-Loire en bref article de ACCIDENTDUTRAVAIL-IDF","breadcrumb":{"@id":"https:\/\/www.accidentdutravail-idf.net\/blog\/il-se-perfore-le-majeur-de-part-en-part-a-la-cloueuse-les-faits-divers-en-haute-loire-en-bref\/#breadcrumb"},"inLanguage":"fr-FR","potentialAction":[{"@type":"ReadAction","target":["https:\/\/www.accidentdutravail-idf.net\/blog\/il-se-perfore-le-majeur-de-part-en-part-a-la-cloueuse-les-faits-divers-en-haute-loire-en-bref\/"]}]},{"@type":"ImageObject","inLanguage":"fr-FR","@id":"https:\/\/www.accidentdutravail-idf.net\/blog\/il-se-perfore-le-majeur-de-part-en-part-a-la-cloueuse-les-faits-divers-en-haute-loire-en-bref\/#primaryimage","url":"https:\/\/www.lamontagne.fr\/static\/bloc\/ripolinage\/newsletter\/logos\/IconeGratuite.svg","contentUrl":"https:\/\/www.lamontagne.fr\/static\/bloc\/ripolinage\/newsletter\/logos\/IconeGratuite.svg"},{"@type":"BreadcrumbList","@id":"https:\/\/www.accidentdutravail-idf.net\/blog\/il-se-perfore-le-majeur-de-part-en-part-a-la-cloueuse-les-faits-divers-en-haute-loire-en-bref\/#breadcrumb","itemListElement":[{"@type":"ListItem","position":1,"name":"Accueil","item":"https:\/\/www.accidentdutravail-idf.net\/blog\/"},{"@type":"ListItem","position":2,"name":"Il se perfore le majeur de part en part \u00e0 la cloueuse&#8230; Les faits divers en Haute-Loire en bref"}]},{"@type":"WebSite","@id":"https:\/\/www.accidentdutravail-idf.net\/blog\/#website","url":"https:\/\/www.accidentdutravail-idf.net\/blog\/","name":"ACCIDENTDUTRAVAIL-IDF","description":"Portail accidents du travail-maladies professionnelles des entreprises d&#039;Ile-de-France","publisher":{"@id":"https:\/\/www.accidentdutravail-idf.net\/blog\/#organization"},"potentialAction":[{"@type":"SearchAction","target":{"@type":"EntryPoint","urlTemplate":"https:\/\/www.accidentdutravail-idf.net\/blog\/?s={search_term_string}"},"query-input":{"@type":"PropertyValueSpecification","valueRequired":true,"valueName":"search_term_string"}}],"inLanguage":"fr-FR"},{"@type":"Organization","@id":"https:\/\/www.accidentdutravail-idf.net\/blog\/#organization","name":"accidentdutravail-idf","url":"https:\/\/www.accidentdutravail-idf.net\/blog\/","logo":{"@type":"ImageObject","inLanguage":"fr-FR","@id":"https:\/\/www.accidentdutravail-idf.net\/blog\/#\/schema\/logo\/image\/","url":"https:\/\/www.accidentdutravail-idf.net\/blog\/wp-content\/uploads\/2022\/09\/logo-2.png","contentUrl":"https:\/\/www.accidentdutravail-idf.net\/blog\/wp-content\/uploads\/2022\/09\/logo-2.png","width":380,"height":291,"caption":"accidentdutravail-idf"},"image":{"@id":"https:\/\/www.accidentdutravail-idf.net\/blog\/#\/schema\/logo\/image\/"}},{"@type":"Person","@id":"https:\/\/www.accidentdutravail-idf.net\/blog\/#\/schema\/person\/3255d2f970de45e64bd9201f38e7b947","name":"Carlos Poulain","image":{"@type":"ImageObject","inLanguage":"fr-FR","@id":"https:\/\/secure.gravatar.com\/avatar\/b1c2f9d3588e34e91adb093635df64ef4b2381991216be7576466cfcdca4baf3?s=96&d=mm&r=g","url":"https:\/\/secure.gravatar.com\/avatar\/b1c2f9d3588e34e91adb093635df64ef4b2381991216be7576466cfcdca4baf3?s=96&d=mm&r=g","contentUrl":"https:\/\/secure.gravatar.com\/avatar\/b1c2f9d3588e34e91adb093635df64ef4b2381991216be7576466cfcdca4baf3?s=96&d=mm&r=g","caption":"Carlos Poulain"},"url":"https:\/\/www.accidentdutravail-idf.net\/blog\/author\/idfcarlos\/"}]}},"_links":{"self":[{"href":"https:\/\/www.accidentdutravail-idf.net\/blog\/wp-json\/wp\/v2\/posts\/1041","targetHints":{"allow":["GET"]}}],"collection":[{"href":"https:\/\/www.accidentdutravail-idf.net\/blog\/wp-json\/wp\/v2\/posts"}],"about":[{"href":"https:\/\/www.accidentdutravail-idf.net\/blog\/wp-json\/wp\/v2\/types\/post"}],"author":[{"embeddable":true,"href":"https:\/\/www.accidentdutravail-idf.net\/blog\/wp-json\/wp\/v2\/users\/2"}],"replies":[{"embeddable":true,"href":"https:\/\/www.accidentdutravail-idf.net\/blog\/wp-json\/wp\/v2\/comments?post=1041"}],"version-history":[{"count":0,"href":"https:\/\/www.accidentdutravail-idf.net\/blog\/wp-json\/wp\/v2\/posts\/1041\/revisions"}],"wp:attachment":[{"href":"https:\/\/www.accidentdutravail-idf.net\/blog\/wp-json\/wp\/v2\/media?parent=1041"}],"wp:term":[{"taxonomy":"category","embeddable":true,"href":"https:\/\/www.accidentdutravail-idf.net\/blog\/wp-json\/wp\/v2\/categories?post=1041"},{"taxonomy":"post_tag","embeddable":true,"href":"https:\/\/www.accidentdutravail-idf.net\/blog\/wp-json\/wp\/v2\/tags?post=1041"}],"curies":[{"name":"wp","href":"https:\/\/api.w.org\/{rel}","templated":true}]}}