{"id":1037,"date":"2024-11-25T09:39:00","date_gmt":"2024-11-25T08:39:00","guid":{"rendered":"https:\/\/www.accidentdutravail-idf.net\/blog\/accident-du-travail-a-caudan-linterimaire-blesse-lentreprise-condamnee\/"},"modified":"2024-11-25T09:39:00","modified_gmt":"2024-11-25T08:39:00","slug":"accident-du-travail-a-caudan-linterimaire-blesse-lentreprise-condamnee","status":"publish","type":"post","link":"https:\/\/www.accidentdutravail-idf.net\/blog\/accident-du-travail-a-caudan-linterimaire-blesse-lentreprise-condamnee\/","title":{"rendered":"Accident du travail \u00e0 Caudan : l\u2019int\u00e9rimaire bless\u00e9, l\u2019entreprise condamn\u00e9e"},"content":{"rendered":"<div><img decoding=\"async\" src=\"https:\/\/www.accidentdutravail-idf.net\/blog\/wp-content\/uploads\/2024\/11\/accident-du-travail-a-caudan-linterimaire-blesse-lentreprise-condamnee.jpg\" class=\"ff-og-image-inserted\"><\/div>\n<p>Il avait mis les pieds dans l\u2019entreprise de <a href=\"https:\/\/www.ouest-france.fr\/bretagne\/caudan-56850\/\" target=\"_blank\" rel=\"nofollow\">Caudan<\/a> (<a href=\"https:\/\/www.ouest-france.fr\/bretagne\/morbihan\/\" target=\"_blank\" rel=\"nofollow\">Morbihan<\/a>) pour la premi\u00e8re fois de sa vie le 16&nbsp;juin 2022. Ce matin-l\u00e0 l\u2019\u00e9lectrom\u00e9canicien y arrive en qualit\u00e9 d\u2019int\u00e9rimaire. Une fois les deux ou trois heures de formation ex\u00e9cut\u00e9es, il n\u2019a plus le temps de se joindre \u00e0 son \u00e9quipe partie sur un chantier ext\u00e9rieur.<\/p>\n<p>Il lui est alors demand\u00e9 par un chef d\u2019\u00e9quipe de d\u00e9placer des meubles pour cr\u00e9er un espace magasin dans les locaux. Les premiers d\u00e9placements se passent bien jusqu\u2019au moment o\u00f9 il s\u2019agit de transporter&nbsp;une tr\u00e8s grosse armoire. <strong>\u00ab&nbsp;Elle fait au moins 200 \u00e0 300&nbsp;kg en la vidant on s\u2019est dit que \u00e7a allait le faire&nbsp;\u00bb,<\/strong> explique l\u2019un des salari\u00e9s de l\u2019entreprise. Mais m\u00eame vid\u00e9e l\u2019armoire ne remue pas, l\u2019int\u00e9rimaire d\u00e9cide alors de prendre un premier transpalette. Mais l\u2019engin ne suffit pas, un deuxi\u00e8me est alors employ\u00e9 en appui, <strong>\u00ab&nbsp;du grand bricolage&nbsp;\u00bb<\/strong> selon le repr\u00e9sentant du parquet \u00e0 l\u2019audience du tribunal de Lorient, lundi 25&nbsp;novembre 2024.<\/p>\n<h2 id=\"section-4-larmoire-se-renverse\">L\u2019armoire se renverse<\/h2>\n<p>L\u2019armoire bouge mais il faut n\u00e9gocier un virage <strong>\u00ab&nbsp;pas 90&nbsp;\u00b0 mais presque&nbsp;\u00bb,<\/strong> selon le chef de l\u2019entreprise. L\u2019armoire se renverse&nbsp;alors sur l\u2019int\u00e9rimaire qui a la jambe coinc\u00e9e sous le meuble. Il parvient \u00e0 se d\u00e9gager avant l\u2019intervention des pompiers appel\u00e9s sur place.<strong> \u00ab&nbsp;Mais aujourd\u2019hui j\u2019ai toujours des douleurs, je dois encore \u00eatre hospitalis\u00e9 en fin d\u2019ann\u00e9e&nbsp;\u00bb,<\/strong> a pr\u00e9cis\u00e9 la victime lors de l\u2019audience.<\/p>\n<p>\u00c0 la barre c\u2019est donc le chef d\u2019entreprise qui repr\u00e9sentait la soci\u00e9t\u00e9 poursuivie pour blessure involontaire. <strong>\u00ab&nbsp;J\u2019assume \u00e0 100&nbsp;%, il n\u2019a jamais \u00e9t\u00e9 question de rejeter la responsabilit\u00e9 sur les salari\u00e9s, une erreur humaine a \u00e9t\u00e9 commise&nbsp;\u00bb,<\/strong> a-t-il encore ajout\u00e9 alors que son avocate rappelait que la s\u00e9curit\u00e9 \u00e9tait une pr\u00e9occupation permanente. C\u2019est un accident qui est heureusement rest\u00e9 isol\u00e9, depuis il n\u2019y en a pas eu d\u2019autres.<\/p>\n<p>Le tribunal a condamn\u00e9 l\u2019entreprise au paiement d\u2019une amende de 50&nbsp;000&nbsp;\u20ac dont 20&nbsp;000&nbsp;\u20ac avec sursis ainsi qu\u2019\u00e0 deux amendes de 5&nbsp;000&nbsp;\u20ac. La condamnation a \u00e9t\u00e9 exclue du casier judiciaire de la personne morale.<\/p>\n<footer class=\"liste-tags su-margin-bottom-m\" data-ofstats-scroll=\"tags pied article\">\n<div class=\"su-carrousel snap-migrate\"><button class=\"su-button-left su-inactif inactif\" data-suswipeprev><span class=\"su-icon\">gauche<\/span><\/button><button class=\"su-button-right\" data-suswipenext><span class=\"su-icon\">droite<\/span><\/button><\/div>\n<\/footer>\n<p> accidentdutravail-idf.net vous a pr\u00e9par\u00e9 ce post qui informe du sujet \u00ab\u00a0Association Sportive Huisson-Longueville Essonne\u00a0\u00bb. La chronique se veut g\u00e9n\u00e9r\u00e9e du mieux possible. Vous pouvez utiliser les coordonn\u00e9es indiqu\u00e9es sur le site dans le but d\u2019apporter des explications sur ce post qui parle du th\u00e8me \u00ab\u00a0Association Sportive Huisson-Longueville Essonne\u00a0\u00bb. Le site accidentdutravail-idf.net a pour but de fournir diverses publications sur la th\u00e9matique Association Sportive Huisson-Longueville Essonne diffus\u00e9es sur le net. Il y aura plusieurs articles autour du sujet \u00ab\u00a0Association Sportive Huisson-Longueville Essonne\u00a0\u00bb dans quelques jours, nous vous invitons \u00e0 naviguer sur notre site web \u00e0 plusieurs reprises.<\/p>\n","protected":false},"excerpt":{"rendered":"<p>Il avait mis les pieds dans l\u2019entreprise de Caudan (Morbihan) pour la premi\u00e8re fois de sa vie le 16&nbsp;juin 2022. Ce matin-l\u00e0 l\u2019\u00e9lectrom\u00e9canicien y arrive en qualit\u00e9 d\u2019int\u00e9rimaire. Une fois les deux ou trois heures de formation ex\u00e9cut\u00e9es, il n\u2019a plus le temps de se joindre \u00e0 son \u00e9quipe partie sur un chantier ext\u00e9rieur. Il &hellip; <\/p>\n<p class=\"link-more\"><a href=\"https:\/\/www.accidentdutravail-idf.net\/blog\/accident-du-travail-a-caudan-linterimaire-blesse-lentreprise-condamnee\/\" class=\"more-link\">Continuer la lecture <span class=\"screen-reader-text\"> \u00ab\u00a0Accident du travail \u00e0 Caudan : l\u2019int\u00e9rimaire bless\u00e9, l\u2019entreprise condamn\u00e9e\u00a0\u00bb<\/span><\/a><\/p>\n","protected":false},"author":2,"featured_media":0,"comment_status":"closed","ping_status":"closed","sticky":false,"template":"","format":"standard","meta":{"footnotes":""},"categories":[5],"tags":[],"class_list":["post-1037","post","type-post","status-publish","format-standard","hentry","category-securite-du-travail-en-ile-de-france-et-divers","entry"],"yoast_head":"<!-- This site is optimized with the Yoast SEO plugin v27.5 - https:\/\/yoast.com\/product\/yoast-seo-wordpress\/ -->\n<title>Accident du travail \u00e0 Caudan : l\u2019int\u00e9rimaire bless\u00e9, l\u2019entreprise condamn\u00e9e - ACCIDENTDUTRAVAIL-IDF<\/title>\n<meta name=\"description\" content=\"Accident du travail \u00e0 Caudan : l\u2019int\u00e9rimaire bless\u00e9, l\u2019entreprise condamn\u00e9e article de ACCIDENTDUTRAVAIL-IDF\" \/>\n<meta name=\"robots\" content=\"index, follow, max-snippet:-1, max-image-preview:large, max-video-preview:-1\" \/>\n<link rel=\"canonical\" href=\"https:\/\/www.accidentdutravail-idf.net\/blog\/accident-du-travail-a-caudan-linterimaire-blesse-lentreprise-condamnee\/\" \/>\n<meta property=\"og:locale\" content=\"fr_FR\" \/>\n<meta property=\"og:type\" content=\"article\" \/>\n<meta property=\"og:title\" content=\"Accident du travail \u00e0 Caudan : l\u2019int\u00e9rimaire bless\u00e9, l\u2019entreprise condamn\u00e9e - ACCIDENTDUTRAVAIL-IDF\" \/>\n<meta property=\"og:description\" content=\"Accident du travail \u00e0 Caudan : l\u2019int\u00e9rimaire bless\u00e9, l\u2019entreprise condamn\u00e9e article de ACCIDENTDUTRAVAIL-IDF\" \/>\n<meta property=\"og:url\" content=\"https:\/\/www.accidentdutravail-idf.net\/blog\/accident-du-travail-a-caudan-linterimaire-blesse-lentreprise-condamnee\/\" \/>\n<meta property=\"og:site_name\" content=\"ACCIDENTDUTRAVAIL-IDF\" \/>\n<meta property=\"article:published_time\" content=\"2024-11-25T08:39:00+00:00\" \/>\n<meta property=\"og:image\" content=\"https:\/\/www.accidentdutravail-idf.net\/blog\/wp-content\/uploads\/2024\/11\/accident-du-travail-a-caudan-linterimaire-blesse-lentreprise-condamnee.jpg\" \/>\n<meta name=\"author\" content=\"Carlos Poulain\" \/>\n<meta name=\"twitter:card\" content=\"summary_large_image\" \/>\n<meta name=\"twitter:label1\" content=\"\u00c9crit par\" \/>\n\t<meta name=\"twitter:data1\" content=\"Carlos Poulain\" \/>\n\t<meta name=\"twitter:label2\" content=\"Dur\u00e9e de lecture estim\u00e9e\" \/>\n\t<meta name=\"twitter:data2\" content=\"3 minutes\" \/>\n<script type=\"application\/ld+json\" class=\"yoast-schema-graph\">{\"@context\":\"https:\\\/\\\/schema.org\",\"@graph\":[{\"@type\":\"Article\",\"@id\":\"https:\\\/\\\/www.accidentdutravail-idf.net\\\/blog\\\/accident-du-travail-a-caudan-linterimaire-blesse-lentreprise-condamnee\\\/#article\",\"isPartOf\":{\"@id\":\"https:\\\/\\\/www.accidentdutravail-idf.net\\\/blog\\\/accident-du-travail-a-caudan-linterimaire-blesse-lentreprise-condamnee\\\/\"},\"author\":{\"name\":\"Carlos Poulain\",\"@id\":\"https:\\\/\\\/www.accidentdutravail-idf.net\\\/blog\\\/#\\\/schema\\\/person\\\/3255d2f970de45e64bd9201f38e7b947\"},\"headline\":\"Accident du travail \u00e0 Caudan : l\u2019int\u00e9rimaire bless\u00e9, l\u2019entreprise condamn\u00e9e\",\"datePublished\":\"2024-11-25T08:39:00+00:00\",\"mainEntityOfPage\":{\"@id\":\"https:\\\/\\\/www.accidentdutravail-idf.net\\\/blog\\\/accident-du-travail-a-caudan-linterimaire-blesse-lentreprise-condamnee\\\/\"},\"wordCount\":519,\"publisher\":{\"@id\":\"https:\\\/\\\/www.accidentdutravail-idf.net\\\/blog\\\/#organization\"},\"image\":{\"@id\":\"https:\\\/\\\/www.accidentdutravail-idf.net\\\/blog\\\/accident-du-travail-a-caudan-linterimaire-blesse-lentreprise-condamnee\\\/#primaryimage\"},\"thumbnailUrl\":\"https:\\\/\\\/www.accidentdutravail-idf.net\\\/blog\\\/wp-content\\\/uploads\\\/2024\\\/11\\\/accident-du-travail-a-caudan-linterimaire-blesse-lentreprise-condamnee.jpg\",\"articleSection\":[\"S\u00e9curit\u00e9 Du Travail En Ile-De-France Et Divers:\"],\"inLanguage\":\"fr-FR\"},{\"@type\":\"WebPage\",\"@id\":\"https:\\\/\\\/www.accidentdutravail-idf.net\\\/blog\\\/accident-du-travail-a-caudan-linterimaire-blesse-lentreprise-condamnee\\\/\",\"url\":\"https:\\\/\\\/www.accidentdutravail-idf.net\\\/blog\\\/accident-du-travail-a-caudan-linterimaire-blesse-lentreprise-condamnee\\\/\",\"name\":\"Accident du travail \u00e0 Caudan : l\u2019int\u00e9rimaire bless\u00e9, l\u2019entreprise condamn\u00e9e - ACCIDENTDUTRAVAIL-IDF\",\"isPartOf\":{\"@id\":\"https:\\\/\\\/www.accidentdutravail-idf.net\\\/blog\\\/#website\"},\"primaryImageOfPage\":{\"@id\":\"https:\\\/\\\/www.accidentdutravail-idf.net\\\/blog\\\/accident-du-travail-a-caudan-linterimaire-blesse-lentreprise-condamnee\\\/#primaryimage\"},\"image\":{\"@id\":\"https:\\\/\\\/www.accidentdutravail-idf.net\\\/blog\\\/accident-du-travail-a-caudan-linterimaire-blesse-lentreprise-condamnee\\\/#primaryimage\"},\"thumbnailUrl\":\"https:\\\/\\\/www.accidentdutravail-idf.net\\\/blog\\\/wp-content\\\/uploads\\\/2024\\\/11\\\/accident-du-travail-a-caudan-linterimaire-blesse-lentreprise-condamnee.jpg\",\"datePublished\":\"2024-11-25T08:39:00+00:00\",\"description\":\"Accident du travail \u00e0 Caudan : l\u2019int\u00e9rimaire bless\u00e9, l\u2019entreprise condamn\u00e9e article de ACCIDENTDUTRAVAIL-IDF\",\"breadcrumb\":{\"@id\":\"https:\\\/\\\/www.accidentdutravail-idf.net\\\/blog\\\/accident-du-travail-a-caudan-linterimaire-blesse-lentreprise-condamnee\\\/#breadcrumb\"},\"inLanguage\":\"fr-FR\",\"potentialAction\":[{\"@type\":\"ReadAction\",\"target\":[\"https:\\\/\\\/www.accidentdutravail-idf.net\\\/blog\\\/accident-du-travail-a-caudan-linterimaire-blesse-lentreprise-condamnee\\\/\"]}]},{\"@type\":\"ImageObject\",\"inLanguage\":\"fr-FR\",\"@id\":\"https:\\\/\\\/www.accidentdutravail-idf.net\\\/blog\\\/accident-du-travail-a-caudan-linterimaire-blesse-lentreprise-condamnee\\\/#primaryimage\",\"url\":\"https:\\\/\\\/www.accidentdutravail-idf.net\\\/blog\\\/wp-content\\\/uploads\\\/2024\\\/11\\\/accident-du-travail-a-caudan-linterimaire-blesse-lentreprise-condamnee.jpg\",\"contentUrl\":\"https:\\\/\\\/www.accidentdutravail-idf.net\\\/blog\\\/wp-content\\\/uploads\\\/2024\\\/11\\\/accident-du-travail-a-caudan-linterimaire-blesse-lentreprise-condamnee.jpg\"},{\"@type\":\"BreadcrumbList\",\"@id\":\"https:\\\/\\\/www.accidentdutravail-idf.net\\\/blog\\\/accident-du-travail-a-caudan-linterimaire-blesse-lentreprise-condamnee\\\/#breadcrumb\",\"itemListElement\":[{\"@type\":\"ListItem\",\"position\":1,\"name\":\"Accueil\",\"item\":\"https:\\\/\\\/www.accidentdutravail-idf.net\\\/blog\\\/\"},{\"@type\":\"ListItem\",\"position\":2,\"name\":\"Accident du travail \u00e0 Caudan : l\u2019int\u00e9rimaire bless\u00e9, l\u2019entreprise condamn\u00e9e\"}]},{\"@type\":\"WebSite\",\"@id\":\"https:\\\/\\\/www.accidentdutravail-idf.net\\\/blog\\\/#website\",\"url\":\"https:\\\/\\\/www.accidentdutravail-idf.net\\\/blog\\\/\",\"name\":\"ACCIDENTDUTRAVAIL-IDF\",\"description\":\"Portail accidents du travail-maladies professionnelles des entreprises d&#039;Ile-de-France\",\"publisher\":{\"@id\":\"https:\\\/\\\/www.accidentdutravail-idf.net\\\/blog\\\/#organization\"},\"potentialAction\":[{\"@type\":\"SearchAction\",\"target\":{\"@type\":\"EntryPoint\",\"urlTemplate\":\"https:\\\/\\\/www.accidentdutravail-idf.net\\\/blog\\\/?s={search_term_string}\"},\"query-input\":{\"@type\":\"PropertyValueSpecification\",\"valueRequired\":true,\"valueName\":\"search_term_string\"}}],\"inLanguage\":\"fr-FR\"},{\"@type\":\"Organization\",\"@id\":\"https:\\\/\\\/www.accidentdutravail-idf.net\\\/blog\\\/#organization\",\"name\":\"accidentdutravail-idf\",\"url\":\"https:\\\/\\\/www.accidentdutravail-idf.net\\\/blog\\\/\",\"logo\":{\"@type\":\"ImageObject\",\"inLanguage\":\"fr-FR\",\"@id\":\"https:\\\/\\\/www.accidentdutravail-idf.net\\\/blog\\\/#\\\/schema\\\/logo\\\/image\\\/\",\"url\":\"https:\\\/\\\/www.accidentdutravail-idf.net\\\/blog\\\/wp-content\\\/uploads\\\/2022\\\/09\\\/logo-2.png\",\"contentUrl\":\"https:\\\/\\\/www.accidentdutravail-idf.net\\\/blog\\\/wp-content\\\/uploads\\\/2022\\\/09\\\/logo-2.png\",\"width\":380,\"height\":291,\"caption\":\"accidentdutravail-idf\"},\"image\":{\"@id\":\"https:\\\/\\\/www.accidentdutravail-idf.net\\\/blog\\\/#\\\/schema\\\/logo\\\/image\\\/\"}},{\"@type\":\"Person\",\"@id\":\"https:\\\/\\\/www.accidentdutravail-idf.net\\\/blog\\\/#\\\/schema\\\/person\\\/3255d2f970de45e64bd9201f38e7b947\",\"name\":\"Carlos Poulain\",\"image\":{\"@type\":\"ImageObject\",\"inLanguage\":\"fr-FR\",\"@id\":\"https:\\\/\\\/secure.gravatar.com\\\/avatar\\\/b1c2f9d3588e34e91adb093635df64ef4b2381991216be7576466cfcdca4baf3?s=96&d=mm&r=g\",\"url\":\"https:\\\/\\\/secure.gravatar.com\\\/avatar\\\/b1c2f9d3588e34e91adb093635df64ef4b2381991216be7576466cfcdca4baf3?s=96&d=mm&r=g\",\"contentUrl\":\"https:\\\/\\\/secure.gravatar.com\\\/avatar\\\/b1c2f9d3588e34e91adb093635df64ef4b2381991216be7576466cfcdca4baf3?s=96&d=mm&r=g\",\"caption\":\"Carlos Poulain\"},\"url\":\"https:\\\/\\\/www.accidentdutravail-idf.net\\\/blog\\\/author\\\/idfcarlos\\\/\"}]}<\/script>\n<!-- \/ Yoast SEO plugin. -->","yoast_head_json":{"title":"Accident du travail \u00e0 Caudan : l\u2019int\u00e9rimaire bless\u00e9, l\u2019entreprise condamn\u00e9e - ACCIDENTDUTRAVAIL-IDF","description":"Accident du travail \u00e0 Caudan : l\u2019int\u00e9rimaire bless\u00e9, l\u2019entreprise condamn\u00e9e article de ACCIDENTDUTRAVAIL-IDF","robots":{"index":"index","follow":"follow","max-snippet":"max-snippet:-1","max-image-preview":"max-image-preview:large","max-video-preview":"max-video-preview:-1"},"canonical":"https:\/\/www.accidentdutravail-idf.net\/blog\/accident-du-travail-a-caudan-linterimaire-blesse-lentreprise-condamnee\/","og_locale":"fr_FR","og_type":"article","og_title":"Accident du travail \u00e0 Caudan : l\u2019int\u00e9rimaire bless\u00e9, l\u2019entreprise condamn\u00e9e - ACCIDENTDUTRAVAIL-IDF","og_description":"Accident du travail \u00e0 Caudan : l\u2019int\u00e9rimaire bless\u00e9, l\u2019entreprise condamn\u00e9e article de ACCIDENTDUTRAVAIL-IDF","og_url":"https:\/\/www.accidentdutravail-idf.net\/blog\/accident-du-travail-a-caudan-linterimaire-blesse-lentreprise-condamnee\/","og_site_name":"ACCIDENTDUTRAVAIL-IDF","article_published_time":"2024-11-25T08:39:00+00:00","og_image":[{"url":"https:\/\/www.accidentdutravail-idf.net\/blog\/wp-content\/uploads\/2024\/11\/accident-du-travail-a-caudan-linterimaire-blesse-lentreprise-condamnee.jpg","type":"","width":"","height":""}],"author":"Carlos Poulain","twitter_card":"summary_large_image","twitter_misc":{"\u00c9crit par":"Carlos Poulain","Dur\u00e9e de lecture estim\u00e9e":"3 minutes"},"schema":{"@context":"https:\/\/schema.org","@graph":[{"@type":"Article","@id":"https:\/\/www.accidentdutravail-idf.net\/blog\/accident-du-travail-a-caudan-linterimaire-blesse-lentreprise-condamnee\/#article","isPartOf":{"@id":"https:\/\/www.accidentdutravail-idf.net\/blog\/accident-du-travail-a-caudan-linterimaire-blesse-lentreprise-condamnee\/"},"author":{"name":"Carlos Poulain","@id":"https:\/\/www.accidentdutravail-idf.net\/blog\/#\/schema\/person\/3255d2f970de45e64bd9201f38e7b947"},"headline":"Accident du travail \u00e0 Caudan : l\u2019int\u00e9rimaire bless\u00e9, l\u2019entreprise condamn\u00e9e","datePublished":"2024-11-25T08:39:00+00:00","mainEntityOfPage":{"@id":"https:\/\/www.accidentdutravail-idf.net\/blog\/accident-du-travail-a-caudan-linterimaire-blesse-lentreprise-condamnee\/"},"wordCount":519,"publisher":{"@id":"https:\/\/www.accidentdutravail-idf.net\/blog\/#organization"},"image":{"@id":"https:\/\/www.accidentdutravail-idf.net\/blog\/accident-du-travail-a-caudan-linterimaire-blesse-lentreprise-condamnee\/#primaryimage"},"thumbnailUrl":"https:\/\/www.accidentdutravail-idf.net\/blog\/wp-content\/uploads\/2024\/11\/accident-du-travail-a-caudan-linterimaire-blesse-lentreprise-condamnee.jpg","articleSection":["S\u00e9curit\u00e9 Du Travail En Ile-De-France Et Divers:"],"inLanguage":"fr-FR"},{"@type":"WebPage","@id":"https:\/\/www.accidentdutravail-idf.net\/blog\/accident-du-travail-a-caudan-linterimaire-blesse-lentreprise-condamnee\/","url":"https:\/\/www.accidentdutravail-idf.net\/blog\/accident-du-travail-a-caudan-linterimaire-blesse-lentreprise-condamnee\/","name":"Accident du travail \u00e0 Caudan : l\u2019int\u00e9rimaire bless\u00e9, l\u2019entreprise condamn\u00e9e - ACCIDENTDUTRAVAIL-IDF","isPartOf":{"@id":"https:\/\/www.accidentdutravail-idf.net\/blog\/#website"},"primaryImageOfPage":{"@id":"https:\/\/www.accidentdutravail-idf.net\/blog\/accident-du-travail-a-caudan-linterimaire-blesse-lentreprise-condamnee\/#primaryimage"},"image":{"@id":"https:\/\/www.accidentdutravail-idf.net\/blog\/accident-du-travail-a-caudan-linterimaire-blesse-lentreprise-condamnee\/#primaryimage"},"thumbnailUrl":"https:\/\/www.accidentdutravail-idf.net\/blog\/wp-content\/uploads\/2024\/11\/accident-du-travail-a-caudan-linterimaire-blesse-lentreprise-condamnee.jpg","datePublished":"2024-11-25T08:39:00+00:00","description":"Accident du travail \u00e0 Caudan : l\u2019int\u00e9rimaire bless\u00e9, l\u2019entreprise condamn\u00e9e article de ACCIDENTDUTRAVAIL-IDF","breadcrumb":{"@id":"https:\/\/www.accidentdutravail-idf.net\/blog\/accident-du-travail-a-caudan-linterimaire-blesse-lentreprise-condamnee\/#breadcrumb"},"inLanguage":"fr-FR","potentialAction":[{"@type":"ReadAction","target":["https:\/\/www.accidentdutravail-idf.net\/blog\/accident-du-travail-a-caudan-linterimaire-blesse-lentreprise-condamnee\/"]}]},{"@type":"ImageObject","inLanguage":"fr-FR","@id":"https:\/\/www.accidentdutravail-idf.net\/blog\/accident-du-travail-a-caudan-linterimaire-blesse-lentreprise-condamnee\/#primaryimage","url":"https:\/\/www.accidentdutravail-idf.net\/blog\/wp-content\/uploads\/2024\/11\/accident-du-travail-a-caudan-linterimaire-blesse-lentreprise-condamnee.jpg","contentUrl":"https:\/\/www.accidentdutravail-idf.net\/blog\/wp-content\/uploads\/2024\/11\/accident-du-travail-a-caudan-linterimaire-blesse-lentreprise-condamnee.jpg"},{"@type":"BreadcrumbList","@id":"https:\/\/www.accidentdutravail-idf.net\/blog\/accident-du-travail-a-caudan-linterimaire-blesse-lentreprise-condamnee\/#breadcrumb","itemListElement":[{"@type":"ListItem","position":1,"name":"Accueil","item":"https:\/\/www.accidentdutravail-idf.net\/blog\/"},{"@type":"ListItem","position":2,"name":"Accident du travail \u00e0 Caudan : l\u2019int\u00e9rimaire bless\u00e9, l\u2019entreprise condamn\u00e9e"}]},{"@type":"WebSite","@id":"https:\/\/www.accidentdutravail-idf.net\/blog\/#website","url":"https:\/\/www.accidentdutravail-idf.net\/blog\/","name":"ACCIDENTDUTRAVAIL-IDF","description":"Portail accidents du travail-maladies professionnelles des entreprises d&#039;Ile-de-France","publisher":{"@id":"https:\/\/www.accidentdutravail-idf.net\/blog\/#organization"},"potentialAction":[{"@type":"SearchAction","target":{"@type":"EntryPoint","urlTemplate":"https:\/\/www.accidentdutravail-idf.net\/blog\/?s={search_term_string}"},"query-input":{"@type":"PropertyValueSpecification","valueRequired":true,"valueName":"search_term_string"}}],"inLanguage":"fr-FR"},{"@type":"Organization","@id":"https:\/\/www.accidentdutravail-idf.net\/blog\/#organization","name":"accidentdutravail-idf","url":"https:\/\/www.accidentdutravail-idf.net\/blog\/","logo":{"@type":"ImageObject","inLanguage":"fr-FR","@id":"https:\/\/www.accidentdutravail-idf.net\/blog\/#\/schema\/logo\/image\/","url":"https:\/\/www.accidentdutravail-idf.net\/blog\/wp-content\/uploads\/2022\/09\/logo-2.png","contentUrl":"https:\/\/www.accidentdutravail-idf.net\/blog\/wp-content\/uploads\/2022\/09\/logo-2.png","width":380,"height":291,"caption":"accidentdutravail-idf"},"image":{"@id":"https:\/\/www.accidentdutravail-idf.net\/blog\/#\/schema\/logo\/image\/"}},{"@type":"Person","@id":"https:\/\/www.accidentdutravail-idf.net\/blog\/#\/schema\/person\/3255d2f970de45e64bd9201f38e7b947","name":"Carlos Poulain","image":{"@type":"ImageObject","inLanguage":"fr-FR","@id":"https:\/\/secure.gravatar.com\/avatar\/b1c2f9d3588e34e91adb093635df64ef4b2381991216be7576466cfcdca4baf3?s=96&d=mm&r=g","url":"https:\/\/secure.gravatar.com\/avatar\/b1c2f9d3588e34e91adb093635df64ef4b2381991216be7576466cfcdca4baf3?s=96&d=mm&r=g","contentUrl":"https:\/\/secure.gravatar.com\/avatar\/b1c2f9d3588e34e91adb093635df64ef4b2381991216be7576466cfcdca4baf3?s=96&d=mm&r=g","caption":"Carlos Poulain"},"url":"https:\/\/www.accidentdutravail-idf.net\/blog\/author\/idfcarlos\/"}]}},"_links":{"self":[{"href":"https:\/\/www.accidentdutravail-idf.net\/blog\/wp-json\/wp\/v2\/posts\/1037","targetHints":{"allow":["GET"]}}],"collection":[{"href":"https:\/\/www.accidentdutravail-idf.net\/blog\/wp-json\/wp\/v2\/posts"}],"about":[{"href":"https:\/\/www.accidentdutravail-idf.net\/blog\/wp-json\/wp\/v2\/types\/post"}],"author":[{"embeddable":true,"href":"https:\/\/www.accidentdutravail-idf.net\/blog\/wp-json\/wp\/v2\/users\/2"}],"replies":[{"embeddable":true,"href":"https:\/\/www.accidentdutravail-idf.net\/blog\/wp-json\/wp\/v2\/comments?post=1037"}],"version-history":[{"count":0,"href":"https:\/\/www.accidentdutravail-idf.net\/blog\/wp-json\/wp\/v2\/posts\/1037\/revisions"}],"wp:attachment":[{"href":"https:\/\/www.accidentdutravail-idf.net\/blog\/wp-json\/wp\/v2\/media?parent=1037"}],"wp:term":[{"taxonomy":"category","embeddable":true,"href":"https:\/\/www.accidentdutravail-idf.net\/blog\/wp-json\/wp\/v2\/categories?post=1037"},{"taxonomy":"post_tag","embeddable":true,"href":"https:\/\/www.accidentdutravail-idf.net\/blog\/wp-json\/wp\/v2\/tags?post=1037"}],"curies":[{"name":"wp","href":"https:\/\/api.w.org\/{rel}","templated":true}]}}