{"id":1025,"date":"2024-11-22T02:59:00","date_gmt":"2024-11-22T01:59:00","guid":{"rendered":"https:\/\/www.accidentdutravail-idf.net\/blog\/bretagne-mort-dun-ouvrier-la-cooperative-eureden-condamnee\/"},"modified":"2024-11-22T02:59:00","modified_gmt":"2024-11-22T01:59:00","slug":"bretagne-mort-dun-ouvrier-la-cooperative-eureden-condamnee","status":"publish","type":"post","link":"https:\/\/www.accidentdutravail-idf.net\/blog\/bretagne-mort-dun-ouvrier-la-cooperative-eureden-condamnee\/","title":{"rendered":"Bretagne : mort d&rsquo;un ouvrier, la coop\u00e9rative Eureden condamn\u00e9e"},"content":{"rendered":"<div><img decoding=\"async\" src=\"https:\/\/www.accidentdutravail-idf.net\/blog\/wp-content\/uploads\/2024\/11\/bretagne-mort-dun-ouvrier-la-cooperative-eureden-condamnee.jpg\" class=\"ff-og-image-inserted\"><\/div>\n<div class=\"ac-article-date\"> Par <strong> <a href=\"https:\/\/actu.fr\/auteur\/a-dasilva\" title=\"Consulter tous les articles de Alexandre Dasilva\" target=\"_blank\" rel=\"nofollow\">Alexandre Dasilva<\/a> <\/strong> <span> Publi\u00e9 le  22 nov. 2024 \u00e0 10h38  <\/span>\n<\/div>\n<p> <span class=\"ac-article-follow__link\" data-trk=\"{&quot;cta&quot;:{&quot;action&quot;:&quot;https:\\\/\\\/actu.fr\\\/mon-actu&quot;,&quot;category&quot;:&quot;mon compte&quot;,&quot;from&quot;:&quot;article header&quot;,&quot;name&quot;:&quot;Voir mon actu&quot;,&quot;type&quot;:&quot;cta&quot;}}\">Voir mon actu<\/span> <button type=\"button\" class=\"ac-btn ac-btn--mini ac-btn--blue ac-icon--star-empty\" data-follow=\"Suivre Le Courrier Ind\u00e9pendant\" data-unfollow=\"Retirer\">Suivre Le Courrier Ind\u00e9pendant<\/button>\n<\/p>\n<p>La<b> justice<\/b> vient de trancher pr\u00e8s de<b>&nbsp;5&nbsp;ans apr\u00e8s<\/b> les faits qui remontent au<b> 27&nbsp;septembre 2019.<\/b><\/p>\n<p><b>Jeudi 21&nbsp;novembre 2024<\/b>, le <a href=\"https:\/\/actu.fr\/tag\/tribunal-de-saint-brieuc\" target=\"_blank\" rel=\"nofollow\">tribunal de Saint-Brieuc<\/a> a rendu son verdict \u00e0 l\u2019issue d\u2019un tragique <b>accident du travail.<\/b><\/p>\n<p>Un artisan charpentier de 61&nbsp;ans avait fait une chute mortelle de plus de 4&nbsp;m\u00e8tres, \u00e0 <b>Merl\u00e9ac<\/b>, au nord de <a href=\"https:\/\/actu.fr\/bretagne\/loudeac_22136\" target=\"_blank\" rel=\"nofollow\">Loud\u00e9ac (C\u00f4tes-d\u2019Armor).<\/a><\/p>\n<h2>Aucune s\u00e9curit\u00e9<\/h2>\n<p>Comme \u00e9voqu\u00e9 lors de<a href=\"https:\/\/actu.fr\/bretagne\/merleac_22149\/mort-en-tombant-dun-toit-sur-un-chantier-au-tribunal-de-saint-brieuc-5-ans-apres_61628725.html\" target=\"_blank\" rel=\"nofollow\"> l\u2019audience du&nbsp;19&nbsp;septembre 2024<\/a>, aucun dispositif de s\u00e9curit\u00e9 n\u2019avait \u00e9t\u00e9 mis en place, qu\u2019il s\u2019agisse de protection individuelle que de protection collective.<\/p>\n<p>Une planche sur laquelle l\u2019artisan avait pris appui s\u2019\u00e9tait bris\u00e9e sous son poids.<\/p>\n<div class=\"ac-article-to-read\">\n<p>\u00c0 lire aussi<\/p>\n<\/div>\n<figure id=\"dailymotion-embed-x7dyep\" class=\"ac-embed ac-embed--dailymotion ac-embed--inread3\" data-provider=\"dailymotion\"><figcaption>Vid\u00e9os : en ce moment sur Actu<\/figcaption><\/figure>\n<p>Lors de l\u2019audience du 19&nbsp;septembre dernier, les avocats des deux soci\u00e9t\u00e9s mises en cause avaient tent\u00e9 de d\u00e9douaner leurs clients. Le <b>jugement<\/b> avait \u00e9t\u00e9 mis e<b>n d\u00e9lib\u00e9r\u00e9<\/b> au jeudi 21&nbsp;novembre 2024.<\/p>\n<h2>Cinq fois moins que la somme requise<\/h2>\n<p>L\u2019EARL de l\u2019agriculteur chez qui les travaux se d\u00e9roulaient a \u00e9cop\u00e9 d\u2019une amende avec sursis de 11\u2009000&nbsp;\u20ac.<\/p>\n<p>La soci\u00e9t\u00e9 sp\u00e9cialis\u00e9e dans la charpente est, quant \u00e0 elle, relax\u00e9e alors que le <b>groupement coop\u00e9ratif d\u2019agriculteurs Eureden <\/b>est condamn\u00e9 \u00e0 une peine d\u2019amende de <b>30\u2009000&nbsp;\u20ac<\/b>, cinq fois moins que la somme requise par le minist\u00e8re il y a deux mois.<\/p>\n<div class=\"ac-article-to-read\">\n<p>\u00c0 lire aussi<\/p>\n<\/div>\n<p>En outre, l\u2019EARL et Redan sont condamn\u00e9s \u00e0 r\u00e9gler solidairement \u00e0 l\u2019\u00e9pouse de la victime <b>22\u2009000&nbsp;\u20ac<\/b> relatifs au pr\u00e9judice d\u2019affection.<\/p>\n<p><i>Suivez toute l\u2019actualit\u00e9 de vos villes et m\u00e9dias favoris en vous inscrivant \u00e0 <a href=\"https:\/\/moncompte.actu.fr\" title=\"D\u00e9couvez Mon Actu\" rel=\"nofollow\" data-trk=\"{&quot;cta&quot;:{&quot;action&quot;:&quot;https:\\\/\\\/moncompte.actu.fr&quot;,&quot;category&quot;:&quot;mon compte&quot;,&quot;from&quot;:&quot;article footer&quot;,&quot;name&quot;:&quot;Mon actu&quot;,&quot;type&quot;:&quot;cta&quot;}}\" target=\"_blank\">Mon Actu<\/a>.<\/i><\/p>\n<p> accidentdutravail-idf.net vous a pr\u00e9par\u00e9 ce post qui informe du sujet \u00ab\u00a0Association Sportive Huisson-Longueville Essonne\u00a0\u00bb. La chronique se veut g\u00e9n\u00e9r\u00e9e du mieux possible. Vous pouvez utiliser les coordonn\u00e9es indiqu\u00e9es sur le site dans le but d\u2019apporter des explications sur ce post qui parle du th\u00e8me \u00ab\u00a0Association Sportive Huisson-Longueville Essonne\u00a0\u00bb. Le site accidentdutravail-idf.net a pour but de fournir diverses publications sur la th\u00e9matique Association Sportive Huisson-Longueville Essonne diffus\u00e9es sur le net. Il y aura plusieurs articles autour du sujet \u00ab\u00a0Association Sportive Huisson-Longueville Essonne\u00a0\u00bb dans quelques jours, nous vous invitons \u00e0 naviguer sur notre site web \u00e0 plusieurs reprises.<\/p>\n","protected":false},"excerpt":{"rendered":"<p>Par Alexandre Dasilva Publi\u00e9 le 22 nov. 2024 \u00e0 10h38 Voir mon actu Suivre Le Courrier Ind\u00e9pendant La justice vient de trancher pr\u00e8s de&nbsp;5&nbsp;ans apr\u00e8s les faits qui remontent au 27&nbsp;septembre 2019. Jeudi 21&nbsp;novembre 2024, le tribunal de Saint-Brieuc a rendu son verdict \u00e0 l\u2019issue d\u2019un tragique accident du travail. Un artisan charpentier de 61&nbsp;ans &hellip; <\/p>\n<p class=\"link-more\"><a href=\"https:\/\/www.accidentdutravail-idf.net\/blog\/bretagne-mort-dun-ouvrier-la-cooperative-eureden-condamnee\/\" class=\"more-link\">Continuer la lecture <span class=\"screen-reader-text\"> \u00ab\u00a0Bretagne : mort d&rsquo;un ouvrier, la coop\u00e9rative Eureden condamn\u00e9e\u00a0\u00bb<\/span><\/a><\/p>\n","protected":false},"author":2,"featured_media":0,"comment_status":"closed","ping_status":"closed","sticky":false,"template":"","format":"standard","meta":{"footnotes":""},"categories":[5],"tags":[],"class_list":["post-1025","post","type-post","status-publish","format-standard","hentry","category-securite-du-travail-en-ile-de-france-et-divers","entry"],"yoast_head":"<!-- This site is optimized with the Yoast SEO plugin v27.5 - https:\/\/yoast.com\/product\/yoast-seo-wordpress\/ -->\n<title>Bretagne : mort d&#039;un ouvrier, la coop\u00e9rative Eureden condamn\u00e9e - ACCIDENTDUTRAVAIL-IDF<\/title>\n<meta name=\"description\" content=\"Bretagne : mort d&#039;un ouvrier, la coop\u00e9rative Eureden condamn\u00e9e article de ACCIDENTDUTRAVAIL-IDF\" \/>\n<meta name=\"robots\" content=\"index, follow, max-snippet:-1, max-image-preview:large, max-video-preview:-1\" \/>\n<link rel=\"canonical\" href=\"https:\/\/www.accidentdutravail-idf.net\/blog\/bretagne-mort-dun-ouvrier-la-cooperative-eureden-condamnee\/\" \/>\n<meta property=\"og:locale\" content=\"fr_FR\" \/>\n<meta property=\"og:type\" content=\"article\" \/>\n<meta property=\"og:title\" content=\"Bretagne : mort d&#039;un ouvrier, la coop\u00e9rative Eureden condamn\u00e9e - ACCIDENTDUTRAVAIL-IDF\" \/>\n<meta property=\"og:description\" content=\"Bretagne : mort d&#039;un ouvrier, la coop\u00e9rative Eureden condamn\u00e9e article de ACCIDENTDUTRAVAIL-IDF\" \/>\n<meta property=\"og:url\" content=\"https:\/\/www.accidentdutravail-idf.net\/blog\/bretagne-mort-dun-ouvrier-la-cooperative-eureden-condamnee\/\" \/>\n<meta property=\"og:site_name\" content=\"ACCIDENTDUTRAVAIL-IDF\" \/>\n<meta property=\"article:published_time\" content=\"2024-11-22T01:59:00+00:00\" \/>\n<meta property=\"og:image\" content=\"https:\/\/www.accidentdutravail-idf.net\/blog\/wp-content\/uploads\/2024\/11\/bretagne-mort-dun-ouvrier-la-cooperative-eureden-condamnee.jpg\" \/>\n<meta name=\"author\" content=\"Carlos Poulain\" \/>\n<meta name=\"twitter:card\" content=\"summary_large_image\" \/>\n<meta name=\"twitter:label1\" content=\"\u00c9crit par\" \/>\n\t<meta name=\"twitter:data1\" content=\"Carlos Poulain\" \/>\n\t<meta name=\"twitter:label2\" content=\"Dur\u00e9e de lecture estim\u00e9e\" \/>\n\t<meta name=\"twitter:data2\" content=\"2 minutes\" \/>\n<script type=\"application\/ld+json\" class=\"yoast-schema-graph\">{\"@context\":\"https:\\\/\\\/schema.org\",\"@graph\":[{\"@type\":\"Article\",\"@id\":\"https:\\\/\\\/www.accidentdutravail-idf.net\\\/blog\\\/bretagne-mort-dun-ouvrier-la-cooperative-eureden-condamnee\\\/#article\",\"isPartOf\":{\"@id\":\"https:\\\/\\\/www.accidentdutravail-idf.net\\\/blog\\\/bretagne-mort-dun-ouvrier-la-cooperative-eureden-condamnee\\\/\"},\"author\":{\"name\":\"Carlos Poulain\",\"@id\":\"https:\\\/\\\/www.accidentdutravail-idf.net\\\/blog\\\/#\\\/schema\\\/person\\\/3255d2f970de45e64bd9201f38e7b947\"},\"headline\":\"Bretagne : mort d&rsquo;un ouvrier, la coop\u00e9rative Eureden condamn\u00e9e\",\"datePublished\":\"2024-11-22T01:59:00+00:00\",\"mainEntityOfPage\":{\"@id\":\"https:\\\/\\\/www.accidentdutravail-idf.net\\\/blog\\\/bretagne-mort-dun-ouvrier-la-cooperative-eureden-condamnee\\\/\"},\"wordCount\":412,\"publisher\":{\"@id\":\"https:\\\/\\\/www.accidentdutravail-idf.net\\\/blog\\\/#organization\"},\"image\":{\"@id\":\"https:\\\/\\\/www.accidentdutravail-idf.net\\\/blog\\\/bretagne-mort-dun-ouvrier-la-cooperative-eureden-condamnee\\\/#primaryimage\"},\"thumbnailUrl\":\"https:\\\/\\\/www.accidentdutravail-idf.net\\\/blog\\\/wp-content\\\/uploads\\\/2024\\\/11\\\/bretagne-mort-dun-ouvrier-la-cooperative-eureden-condamnee.jpg\",\"articleSection\":[\"S\u00e9curit\u00e9 Du Travail En Ile-De-France Et Divers:\"],\"inLanguage\":\"fr-FR\"},{\"@type\":\"WebPage\",\"@id\":\"https:\\\/\\\/www.accidentdutravail-idf.net\\\/blog\\\/bretagne-mort-dun-ouvrier-la-cooperative-eureden-condamnee\\\/\",\"url\":\"https:\\\/\\\/www.accidentdutravail-idf.net\\\/blog\\\/bretagne-mort-dun-ouvrier-la-cooperative-eureden-condamnee\\\/\",\"name\":\"Bretagne : mort d'un ouvrier, la coop\u00e9rative Eureden condamn\u00e9e - ACCIDENTDUTRAVAIL-IDF\",\"isPartOf\":{\"@id\":\"https:\\\/\\\/www.accidentdutravail-idf.net\\\/blog\\\/#website\"},\"primaryImageOfPage\":{\"@id\":\"https:\\\/\\\/www.accidentdutravail-idf.net\\\/blog\\\/bretagne-mort-dun-ouvrier-la-cooperative-eureden-condamnee\\\/#primaryimage\"},\"image\":{\"@id\":\"https:\\\/\\\/www.accidentdutravail-idf.net\\\/blog\\\/bretagne-mort-dun-ouvrier-la-cooperative-eureden-condamnee\\\/#primaryimage\"},\"thumbnailUrl\":\"https:\\\/\\\/www.accidentdutravail-idf.net\\\/blog\\\/wp-content\\\/uploads\\\/2024\\\/11\\\/bretagne-mort-dun-ouvrier-la-cooperative-eureden-condamnee.jpg\",\"datePublished\":\"2024-11-22T01:59:00+00:00\",\"description\":\"Bretagne : mort d'un ouvrier, la coop\u00e9rative Eureden condamn\u00e9e article de ACCIDENTDUTRAVAIL-IDF\",\"breadcrumb\":{\"@id\":\"https:\\\/\\\/www.accidentdutravail-idf.net\\\/blog\\\/bretagne-mort-dun-ouvrier-la-cooperative-eureden-condamnee\\\/#breadcrumb\"},\"inLanguage\":\"fr-FR\",\"potentialAction\":[{\"@type\":\"ReadAction\",\"target\":[\"https:\\\/\\\/www.accidentdutravail-idf.net\\\/blog\\\/bretagne-mort-dun-ouvrier-la-cooperative-eureden-condamnee\\\/\"]}]},{\"@type\":\"ImageObject\",\"inLanguage\":\"fr-FR\",\"@id\":\"https:\\\/\\\/www.accidentdutravail-idf.net\\\/blog\\\/bretagne-mort-dun-ouvrier-la-cooperative-eureden-condamnee\\\/#primaryimage\",\"url\":\"https:\\\/\\\/www.accidentdutravail-idf.net\\\/blog\\\/wp-content\\\/uploads\\\/2024\\\/11\\\/bretagne-mort-dun-ouvrier-la-cooperative-eureden-condamnee.jpg\",\"contentUrl\":\"https:\\\/\\\/www.accidentdutravail-idf.net\\\/blog\\\/wp-content\\\/uploads\\\/2024\\\/11\\\/bretagne-mort-dun-ouvrier-la-cooperative-eureden-condamnee.jpg\"},{\"@type\":\"BreadcrumbList\",\"@id\":\"https:\\\/\\\/www.accidentdutravail-idf.net\\\/blog\\\/bretagne-mort-dun-ouvrier-la-cooperative-eureden-condamnee\\\/#breadcrumb\",\"itemListElement\":[{\"@type\":\"ListItem\",\"position\":1,\"name\":\"Accueil\",\"item\":\"https:\\\/\\\/www.accidentdutravail-idf.net\\\/blog\\\/\"},{\"@type\":\"ListItem\",\"position\":2,\"name\":\"Bretagne : mort d&rsquo;un ouvrier, la coop\u00e9rative Eureden condamn\u00e9e\"}]},{\"@type\":\"WebSite\",\"@id\":\"https:\\\/\\\/www.accidentdutravail-idf.net\\\/blog\\\/#website\",\"url\":\"https:\\\/\\\/www.accidentdutravail-idf.net\\\/blog\\\/\",\"name\":\"ACCIDENTDUTRAVAIL-IDF\",\"description\":\"Portail accidents du travail-maladies professionnelles des entreprises d&#039;Ile-de-France\",\"publisher\":{\"@id\":\"https:\\\/\\\/www.accidentdutravail-idf.net\\\/blog\\\/#organization\"},\"potentialAction\":[{\"@type\":\"SearchAction\",\"target\":{\"@type\":\"EntryPoint\",\"urlTemplate\":\"https:\\\/\\\/www.accidentdutravail-idf.net\\\/blog\\\/?s={search_term_string}\"},\"query-input\":{\"@type\":\"PropertyValueSpecification\",\"valueRequired\":true,\"valueName\":\"search_term_string\"}}],\"inLanguage\":\"fr-FR\"},{\"@type\":\"Organization\",\"@id\":\"https:\\\/\\\/www.accidentdutravail-idf.net\\\/blog\\\/#organization\",\"name\":\"accidentdutravail-idf\",\"url\":\"https:\\\/\\\/www.accidentdutravail-idf.net\\\/blog\\\/\",\"logo\":{\"@type\":\"ImageObject\",\"inLanguage\":\"fr-FR\",\"@id\":\"https:\\\/\\\/www.accidentdutravail-idf.net\\\/blog\\\/#\\\/schema\\\/logo\\\/image\\\/\",\"url\":\"https:\\\/\\\/www.accidentdutravail-idf.net\\\/blog\\\/wp-content\\\/uploads\\\/2022\\\/09\\\/logo-2.png\",\"contentUrl\":\"https:\\\/\\\/www.accidentdutravail-idf.net\\\/blog\\\/wp-content\\\/uploads\\\/2022\\\/09\\\/logo-2.png\",\"width\":380,\"height\":291,\"caption\":\"accidentdutravail-idf\"},\"image\":{\"@id\":\"https:\\\/\\\/www.accidentdutravail-idf.net\\\/blog\\\/#\\\/schema\\\/logo\\\/image\\\/\"}},{\"@type\":\"Person\",\"@id\":\"https:\\\/\\\/www.accidentdutravail-idf.net\\\/blog\\\/#\\\/schema\\\/person\\\/3255d2f970de45e64bd9201f38e7b947\",\"name\":\"Carlos Poulain\",\"image\":{\"@type\":\"ImageObject\",\"inLanguage\":\"fr-FR\",\"@id\":\"https:\\\/\\\/secure.gravatar.com\\\/avatar\\\/b1c2f9d3588e34e91adb093635df64ef4b2381991216be7576466cfcdca4baf3?s=96&d=mm&r=g\",\"url\":\"https:\\\/\\\/secure.gravatar.com\\\/avatar\\\/b1c2f9d3588e34e91adb093635df64ef4b2381991216be7576466cfcdca4baf3?s=96&d=mm&r=g\",\"contentUrl\":\"https:\\\/\\\/secure.gravatar.com\\\/avatar\\\/b1c2f9d3588e34e91adb093635df64ef4b2381991216be7576466cfcdca4baf3?s=96&d=mm&r=g\",\"caption\":\"Carlos Poulain\"},\"url\":\"https:\\\/\\\/www.accidentdutravail-idf.net\\\/blog\\\/author\\\/idfcarlos\\\/\"}]}<\/script>\n<!-- \/ Yoast SEO plugin. -->","yoast_head_json":{"title":"Bretagne : mort d'un ouvrier, la coop\u00e9rative Eureden condamn\u00e9e - ACCIDENTDUTRAVAIL-IDF","description":"Bretagne : mort d'un ouvrier, la coop\u00e9rative Eureden condamn\u00e9e article de ACCIDENTDUTRAVAIL-IDF","robots":{"index":"index","follow":"follow","max-snippet":"max-snippet:-1","max-image-preview":"max-image-preview:large","max-video-preview":"max-video-preview:-1"},"canonical":"https:\/\/www.accidentdutravail-idf.net\/blog\/bretagne-mort-dun-ouvrier-la-cooperative-eureden-condamnee\/","og_locale":"fr_FR","og_type":"article","og_title":"Bretagne : mort d'un ouvrier, la coop\u00e9rative Eureden condamn\u00e9e - ACCIDENTDUTRAVAIL-IDF","og_description":"Bretagne : mort d'un ouvrier, la coop\u00e9rative Eureden condamn\u00e9e article de ACCIDENTDUTRAVAIL-IDF","og_url":"https:\/\/www.accidentdutravail-idf.net\/blog\/bretagne-mort-dun-ouvrier-la-cooperative-eureden-condamnee\/","og_site_name":"ACCIDENTDUTRAVAIL-IDF","article_published_time":"2024-11-22T01:59:00+00:00","og_image":[{"url":"https:\/\/www.accidentdutravail-idf.net\/blog\/wp-content\/uploads\/2024\/11\/bretagne-mort-dun-ouvrier-la-cooperative-eureden-condamnee.jpg","type":"","width":"","height":""}],"author":"Carlos Poulain","twitter_card":"summary_large_image","twitter_misc":{"\u00c9crit par":"Carlos Poulain","Dur\u00e9e de lecture estim\u00e9e":"2 minutes"},"schema":{"@context":"https:\/\/schema.org","@graph":[{"@type":"Article","@id":"https:\/\/www.accidentdutravail-idf.net\/blog\/bretagne-mort-dun-ouvrier-la-cooperative-eureden-condamnee\/#article","isPartOf":{"@id":"https:\/\/www.accidentdutravail-idf.net\/blog\/bretagne-mort-dun-ouvrier-la-cooperative-eureden-condamnee\/"},"author":{"name":"Carlos Poulain","@id":"https:\/\/www.accidentdutravail-idf.net\/blog\/#\/schema\/person\/3255d2f970de45e64bd9201f38e7b947"},"headline":"Bretagne : mort d&rsquo;un ouvrier, la coop\u00e9rative Eureden condamn\u00e9e","datePublished":"2024-11-22T01:59:00+00:00","mainEntityOfPage":{"@id":"https:\/\/www.accidentdutravail-idf.net\/blog\/bretagne-mort-dun-ouvrier-la-cooperative-eureden-condamnee\/"},"wordCount":412,"publisher":{"@id":"https:\/\/www.accidentdutravail-idf.net\/blog\/#organization"},"image":{"@id":"https:\/\/www.accidentdutravail-idf.net\/blog\/bretagne-mort-dun-ouvrier-la-cooperative-eureden-condamnee\/#primaryimage"},"thumbnailUrl":"https:\/\/www.accidentdutravail-idf.net\/blog\/wp-content\/uploads\/2024\/11\/bretagne-mort-dun-ouvrier-la-cooperative-eureden-condamnee.jpg","articleSection":["S\u00e9curit\u00e9 Du Travail En Ile-De-France Et Divers:"],"inLanguage":"fr-FR"},{"@type":"WebPage","@id":"https:\/\/www.accidentdutravail-idf.net\/blog\/bretagne-mort-dun-ouvrier-la-cooperative-eureden-condamnee\/","url":"https:\/\/www.accidentdutravail-idf.net\/blog\/bretagne-mort-dun-ouvrier-la-cooperative-eureden-condamnee\/","name":"Bretagne : mort d'un ouvrier, la coop\u00e9rative Eureden condamn\u00e9e - ACCIDENTDUTRAVAIL-IDF","isPartOf":{"@id":"https:\/\/www.accidentdutravail-idf.net\/blog\/#website"},"primaryImageOfPage":{"@id":"https:\/\/www.accidentdutravail-idf.net\/blog\/bretagne-mort-dun-ouvrier-la-cooperative-eureden-condamnee\/#primaryimage"},"image":{"@id":"https:\/\/www.accidentdutravail-idf.net\/blog\/bretagne-mort-dun-ouvrier-la-cooperative-eureden-condamnee\/#primaryimage"},"thumbnailUrl":"https:\/\/www.accidentdutravail-idf.net\/blog\/wp-content\/uploads\/2024\/11\/bretagne-mort-dun-ouvrier-la-cooperative-eureden-condamnee.jpg","datePublished":"2024-11-22T01:59:00+00:00","description":"Bretagne : mort d'un ouvrier, la coop\u00e9rative Eureden condamn\u00e9e article de ACCIDENTDUTRAVAIL-IDF","breadcrumb":{"@id":"https:\/\/www.accidentdutravail-idf.net\/blog\/bretagne-mort-dun-ouvrier-la-cooperative-eureden-condamnee\/#breadcrumb"},"inLanguage":"fr-FR","potentialAction":[{"@type":"ReadAction","target":["https:\/\/www.accidentdutravail-idf.net\/blog\/bretagne-mort-dun-ouvrier-la-cooperative-eureden-condamnee\/"]}]},{"@type":"ImageObject","inLanguage":"fr-FR","@id":"https:\/\/www.accidentdutravail-idf.net\/blog\/bretagne-mort-dun-ouvrier-la-cooperative-eureden-condamnee\/#primaryimage","url":"https:\/\/www.accidentdutravail-idf.net\/blog\/wp-content\/uploads\/2024\/11\/bretagne-mort-dun-ouvrier-la-cooperative-eureden-condamnee.jpg","contentUrl":"https:\/\/www.accidentdutravail-idf.net\/blog\/wp-content\/uploads\/2024\/11\/bretagne-mort-dun-ouvrier-la-cooperative-eureden-condamnee.jpg"},{"@type":"BreadcrumbList","@id":"https:\/\/www.accidentdutravail-idf.net\/blog\/bretagne-mort-dun-ouvrier-la-cooperative-eureden-condamnee\/#breadcrumb","itemListElement":[{"@type":"ListItem","position":1,"name":"Accueil","item":"https:\/\/www.accidentdutravail-idf.net\/blog\/"},{"@type":"ListItem","position":2,"name":"Bretagne : mort d&rsquo;un ouvrier, la coop\u00e9rative Eureden condamn\u00e9e"}]},{"@type":"WebSite","@id":"https:\/\/www.accidentdutravail-idf.net\/blog\/#website","url":"https:\/\/www.accidentdutravail-idf.net\/blog\/","name":"ACCIDENTDUTRAVAIL-IDF","description":"Portail accidents du travail-maladies professionnelles des entreprises d&#039;Ile-de-France","publisher":{"@id":"https:\/\/www.accidentdutravail-idf.net\/blog\/#organization"},"potentialAction":[{"@type":"SearchAction","target":{"@type":"EntryPoint","urlTemplate":"https:\/\/www.accidentdutravail-idf.net\/blog\/?s={search_term_string}"},"query-input":{"@type":"PropertyValueSpecification","valueRequired":true,"valueName":"search_term_string"}}],"inLanguage":"fr-FR"},{"@type":"Organization","@id":"https:\/\/www.accidentdutravail-idf.net\/blog\/#organization","name":"accidentdutravail-idf","url":"https:\/\/www.accidentdutravail-idf.net\/blog\/","logo":{"@type":"ImageObject","inLanguage":"fr-FR","@id":"https:\/\/www.accidentdutravail-idf.net\/blog\/#\/schema\/logo\/image\/","url":"https:\/\/www.accidentdutravail-idf.net\/blog\/wp-content\/uploads\/2022\/09\/logo-2.png","contentUrl":"https:\/\/www.accidentdutravail-idf.net\/blog\/wp-content\/uploads\/2022\/09\/logo-2.png","width":380,"height":291,"caption":"accidentdutravail-idf"},"image":{"@id":"https:\/\/www.accidentdutravail-idf.net\/blog\/#\/schema\/logo\/image\/"}},{"@type":"Person","@id":"https:\/\/www.accidentdutravail-idf.net\/blog\/#\/schema\/person\/3255d2f970de45e64bd9201f38e7b947","name":"Carlos Poulain","image":{"@type":"ImageObject","inLanguage":"fr-FR","@id":"https:\/\/secure.gravatar.com\/avatar\/b1c2f9d3588e34e91adb093635df64ef4b2381991216be7576466cfcdca4baf3?s=96&d=mm&r=g","url":"https:\/\/secure.gravatar.com\/avatar\/b1c2f9d3588e34e91adb093635df64ef4b2381991216be7576466cfcdca4baf3?s=96&d=mm&r=g","contentUrl":"https:\/\/secure.gravatar.com\/avatar\/b1c2f9d3588e34e91adb093635df64ef4b2381991216be7576466cfcdca4baf3?s=96&d=mm&r=g","caption":"Carlos Poulain"},"url":"https:\/\/www.accidentdutravail-idf.net\/blog\/author\/idfcarlos\/"}]}},"_links":{"self":[{"href":"https:\/\/www.accidentdutravail-idf.net\/blog\/wp-json\/wp\/v2\/posts\/1025","targetHints":{"allow":["GET"]}}],"collection":[{"href":"https:\/\/www.accidentdutravail-idf.net\/blog\/wp-json\/wp\/v2\/posts"}],"about":[{"href":"https:\/\/www.accidentdutravail-idf.net\/blog\/wp-json\/wp\/v2\/types\/post"}],"author":[{"embeddable":true,"href":"https:\/\/www.accidentdutravail-idf.net\/blog\/wp-json\/wp\/v2\/users\/2"}],"replies":[{"embeddable":true,"href":"https:\/\/www.accidentdutravail-idf.net\/blog\/wp-json\/wp\/v2\/comments?post=1025"}],"version-history":[{"count":0,"href":"https:\/\/www.accidentdutravail-idf.net\/blog\/wp-json\/wp\/v2\/posts\/1025\/revisions"}],"wp:attachment":[{"href":"https:\/\/www.accidentdutravail-idf.net\/blog\/wp-json\/wp\/v2\/media?parent=1025"}],"wp:term":[{"taxonomy":"category","embeddable":true,"href":"https:\/\/www.accidentdutravail-idf.net\/blog\/wp-json\/wp\/v2\/categories?post=1025"},{"taxonomy":"post_tag","embeddable":true,"href":"https:\/\/www.accidentdutravail-idf.net\/blog\/wp-json\/wp\/v2\/tags?post=1025"}],"curies":[{"name":"wp","href":"https:\/\/api.w.org\/{rel}","templated":true}]}}