{"id":1024,"date":"2024-11-21T07:48:00","date_gmt":"2024-11-21T06:48:00","guid":{"rendered":"https:\/\/www.accidentdutravail-idf.net\/blog\/deux-tonnes-de-tole-tombent-sur-le-pied-dun-ouvrier-dans-les-pyrenees-le-proces-dun-grave-accident-du-travail\/"},"modified":"2024-11-21T07:48:00","modified_gmt":"2024-11-21T06:48:00","slug":"deux-tonnes-de-tole-tombent-sur-le-pied-dun-ouvrier-dans-les-pyrenees-le-proces-dun-grave-accident-du-travail","status":"publish","type":"post","link":"https:\/\/www.accidentdutravail-idf.net\/blog\/deux-tonnes-de-tole-tombent-sur-le-pied-dun-ouvrier-dans-les-pyrenees-le-proces-dun-grave-accident-du-travail\/","title":{"rendered":"Deux tonnes de t\u00f4le tombent sur le pied d\u2019un ouvrier dans les Pyr\u00e9n\u00e9es : le proc\u00e8s d\u2019un grave accident du travail"},"content":{"rendered":"<div><img decoding=\"async\" src=\"https:\/\/www.accidentdutravail-idf.net\/blog\/wp-content\/uploads\/2024\/11\/deux-tonnes-de-tole-tombent-sur-le-pied-dun-ouvrier-dans-les-pyrenees-le-proces-dun-grave-accident-du-travail.jpg\" class=\"ff-og-image-inserted\"><\/div>\n<p> <span class=\"article-full__chapo-label hide-on-small-only\">l&rsquo;essentiel<\/span> 4 ans apr\u00e8s un grave accident du travail survenu \u00e0 Tournay dans les Hautes-Pyr\u00e9n\u00e9es, un salari\u00e9 d\u2019une entreprise de travaux a \u00e9t\u00e9 jug\u00e9 pour une s\u00e9rie de n\u00e9gligences par le tribunal de Tarbes. <\/p>\n<div data-state=\"fixed-height\" data-selection=\"disabled\"> <!-- Pub DFP Position [outstream] --> <\/p>\n<p>\u00ab\u00a0Je suis d\u00e9sol\u00e9 pour mon coll\u00e8gue. Mais je n\u2019\u00e9tais pas conducteur de travaux.\u00a0\u00bb Poursuivi pour une s\u00e9rie de n\u00e9gligences qui ont men\u00e9 \u00e0 un grave accident du travail le 23&nbsp;septembre 2019 \u00e0 Tournay (Hautes-Pyr\u00e9n\u00e9es), un ancien salari\u00e9 de l\u2019entreprise de travaux BCI 64 s\u2019est d\u00e9fendu d\u2019\u00eatre responsable de la situation.<\/p>\n<p>Ce jour-l\u00e0, la soci\u00e9t\u00e9 en charge de la r\u00e9novation de la salle polyvalente de la commune a re\u00e7u une livraison tr\u00e8s particuli\u00e8re&nbsp;: des plaques de t\u00f4le&nbsp;de 11.65 m\u00e8tres destin\u00e9es \u00e0 \u00eatre pos\u00e9es pour le bardage du b\u00e2timent. Si le fournisseur a pr\u00e9venu la soci\u00e9t\u00e9 qu\u2019il \u00e9tait indispensable d\u2019utiliser une grue afin de proc\u00e9der au d\u00e9chargement des colis de 2 tonnes chacun, les ouvriers pr\u00e9sents sur site n\u2019ont eu \u00e0 disposition qu\u2019un&nbsp;basique chariot \u00e9l\u00e9vateur.<\/p>\n<p><!-- Pub DFP Position [article] --> <\/p>\n<p>Apr\u00e8s quelques manipulations scabreuses, ce qui devait arriver arriva. Un des colis a bascul\u00e9 dans le vide et a atterri sur le pied de l\u2019un des ouvriers. Bloqu\u00e9 pendant 1\/4 d\u2019heure&nbsp;sous deux tonnes de t\u00f4le, l\u2019homme a \u00e9t\u00e9 gravement bless\u00e9 au pied et \u00e0 la main. Il a depuis conserv\u00e9 des s\u00e9quelles de l\u2019accident. Bilan&nbsp;: plusieurs op\u00e9rations, des mois de r\u00e9\u00e9ducation. 50 jours d\u2019incapacit\u00e9 totale de travail lui ont \u00e9t\u00e9 prescrits ainsi qu\u2019un arr\u00eat de travail de&nbsp;2 ans et demi.<\/p>\n<p>Pr\u00e9sent sur les lieux de l\u2019accident, un autre salari\u00e9 de la soci\u00e9t\u00e9&nbsp;d\u00e9l\u00e9gataire de pouvoir a \u00e9t\u00e9 entendu par les gendarmes puis poursuivi&nbsp;en justice. Contrairement au responsable de la soci\u00e9t\u00e9.<\/p>\n<h2 class=\"txt-int\">Le mauvais responsable \u00e0 la barre&nbsp;?<\/h2>\n<p>\u00a0\u00bb Lorsque vous avez sign\u00e9 cette d\u00e9l\u00e9gation de pouvoir, vous rendez-vous compte de ce que cela repr\u00e9sente&nbsp;?\u00a0\u00bb a demand\u00e9 l\u2019un des juges au pr\u00e9venu. \u00ab\u00a0Pas vraiment\u00a0\u00bb a r\u00e9pondu l\u2019homme, qui a confirm\u00e9 avoir command\u00e9 \u00e0 un loueur le chariot \u00e9l\u00e9vateur.\u00a0\u00bbSeulement, je ne savais pas que nous allions recevoir un tel chargement.\u00a0\u00bb<\/p>\n<p>\u00c0 la barre, la victime de l\u2019accident a indiqu\u00e9 qu\u2019il avait refus\u00e9 de man\u0153uvrer l\u2019engin par peur d\u2019un incident. C\u2019est donc son sup\u00e9rieur, \u00e0 savoir le pr\u00e9venu, qui a tent\u00e9 de d\u00e9charger les plaques. \u00ab\u00a0Mais pourquoi avoir tout de m\u00eame voulu faire ce d\u00e9chargement dans ces conditions&nbsp;?\u00a0\u00bb a insist\u00e9 le magistrat.<\/p>\n<p>\u00ab\u00a0Il est vrai que si j\u2019avais refus\u00e9 de faire ce travail, il n\u2019y aurait pas eu d\u2019accident, a conc\u00e9d\u00e9 le pr\u00e9venu avant que son avocate Me Martinez vienne \u00e0 son secours. \u00a0\u00bb Mon client est point\u00e9 comme responsable car il a sign\u00e9 cette d\u00e9l\u00e9gation de pouvoir. Je dirais que dans cette histoire, il est plut\u00f4t la bonne poire. Je rappelle qu\u2019il n\u2019\u00e9tait pas le chef d\u2019entreprise. Il n\u2019avait ni les comp\u00e9tences, ni les formations \u00e0 la s\u00e9curit\u00e9 obligatoires pour exercer cette d\u00e9l\u00e9gation.\u00a0\u00bb Et de regretter que le g\u00e9rant de la soci\u00e9t\u00e9 n\u2019ait pas \u00e9t\u00e9 inqui\u00e9t\u00e9 dans cette affaire.<\/p>\n<p>\u00ab\u00a0Il aurait tout de suite dire stop \u00e0 ce chantier\u00a0\u00bb, a estim\u00e9 la procureure qui a requis une amende de 10&nbsp;000&nbsp;euros \u00e0 l\u2019encontre du pr\u00e9venu.<\/p>\n<p>Le tribunal, visiblement convaincu par les arguments de la d\u00e9fense, a relax\u00e9 l\u2019homme poursuivit.<\/p>\n<\/p><\/div>\n<p>accidentdutravail-idf.net vous a pr\u00e9par\u00e9 ce post qui informe du sujet \u00ab\u00a0Association Sportive Huisson-Longueville Essonne\u00a0\u00bb. La chronique se veut g\u00e9n\u00e9r\u00e9e du mieux possible. Vous pouvez utiliser les coordonn\u00e9es indiqu\u00e9es sur le site dans le but d\u2019apporter des explications sur ce post qui parle du th\u00e8me \u00ab\u00a0Association Sportive Huisson-Longueville Essonne\u00a0\u00bb. Le site accidentdutravail-idf.net a pour but de fournir diverses publications sur la th\u00e9matique Association Sportive Huisson-Longueville Essonne diffus\u00e9es sur le net. Il y aura plusieurs articles autour du sujet \u00ab\u00a0Association Sportive Huisson-Longueville Essonne\u00a0\u00bb dans quelques jours, nous vous invitons \u00e0 naviguer sur notre site web \u00e0 plusieurs reprises.<\/p>\n","protected":false},"excerpt":{"rendered":"<p>l&rsquo;essentiel 4 ans apr\u00e8s un grave accident du travail survenu \u00e0 Tournay dans les Hautes-Pyr\u00e9n\u00e9es, un salari\u00e9 d\u2019une entreprise de travaux a \u00e9t\u00e9 jug\u00e9 pour une s\u00e9rie de n\u00e9gligences par le tribunal de Tarbes. \u00ab\u00a0Je suis d\u00e9sol\u00e9 pour mon coll\u00e8gue. Mais je n\u2019\u00e9tais pas conducteur de travaux.\u00a0\u00bb Poursuivi pour une s\u00e9rie de n\u00e9gligences qui ont &hellip; <\/p>\n<p class=\"link-more\"><a href=\"https:\/\/www.accidentdutravail-idf.net\/blog\/deux-tonnes-de-tole-tombent-sur-le-pied-dun-ouvrier-dans-les-pyrenees-le-proces-dun-grave-accident-du-travail\/\" class=\"more-link\">Continuer la lecture <span class=\"screen-reader-text\"> \u00ab\u00a0Deux tonnes de t\u00f4le tombent sur le pied d\u2019un ouvrier dans les Pyr\u00e9n\u00e9es : le proc\u00e8s d\u2019un grave accident du travail\u00a0\u00bb<\/span><\/a><\/p>\n","protected":false},"author":2,"featured_media":0,"comment_status":"closed","ping_status":"closed","sticky":false,"template":"","format":"standard","meta":{"footnotes":""},"categories":[5],"tags":[],"class_list":["post-1024","post","type-post","status-publish","format-standard","hentry","category-securite-du-travail-en-ile-de-france-et-divers","entry"],"yoast_head":"<!-- This site is optimized with the Yoast SEO plugin v27.5 - https:\/\/yoast.com\/product\/yoast-seo-wordpress\/ -->\n<title>Deux tonnes de t\u00f4le tombent sur le pied d\u2019un ouvrier dans les Pyr\u00e9n\u00e9es : le proc\u00e8s d\u2019un grave accident du travail - ACCIDENTDUTRAVAIL-IDF<\/title>\n<meta name=\"description\" content=\"Deux tonnes de t\u00f4le tombent sur le pied d\u2019un ouvrier dans les Pyr\u00e9n\u00e9es : le proc\u00e8s d\u2019un grave accident du travail article de ACCIDENTDUTRAVAIL-IDF\" \/>\n<meta name=\"robots\" content=\"index, follow, max-snippet:-1, max-image-preview:large, max-video-preview:-1\" \/>\n<link rel=\"canonical\" href=\"https:\/\/www.accidentdutravail-idf.net\/blog\/deux-tonnes-de-tole-tombent-sur-le-pied-dun-ouvrier-dans-les-pyrenees-le-proces-dun-grave-accident-du-travail\/\" \/>\n<meta property=\"og:locale\" content=\"fr_FR\" \/>\n<meta property=\"og:type\" content=\"article\" \/>\n<meta property=\"og:title\" content=\"Deux tonnes de t\u00f4le tombent sur le pied d\u2019un ouvrier dans les Pyr\u00e9n\u00e9es : le proc\u00e8s d\u2019un grave accident du travail - ACCIDENTDUTRAVAIL-IDF\" \/>\n<meta property=\"og:description\" content=\"Deux tonnes de t\u00f4le tombent sur le pied d\u2019un ouvrier dans les Pyr\u00e9n\u00e9es : le proc\u00e8s d\u2019un grave accident du travail article de ACCIDENTDUTRAVAIL-IDF\" \/>\n<meta property=\"og:url\" content=\"https:\/\/www.accidentdutravail-idf.net\/blog\/deux-tonnes-de-tole-tombent-sur-le-pied-dun-ouvrier-dans-les-pyrenees-le-proces-dun-grave-accident-du-travail\/\" \/>\n<meta property=\"og:site_name\" content=\"ACCIDENTDUTRAVAIL-IDF\" \/>\n<meta property=\"article:published_time\" content=\"2024-11-21T06:48:00+00:00\" \/>\n<meta property=\"og:image\" content=\"https:\/\/www.accidentdutravail-idf.net\/blog\/wp-content\/uploads\/2024\/11\/deux-tonnes-de-tole-tombent-sur-le-pied-dun-ouvrier-dans-les-pyrenees-le-proces-dun-grave-accident-du-travail.jpg\" \/>\n<meta name=\"author\" content=\"Carlos Poulain\" \/>\n<meta name=\"twitter:card\" content=\"summary_large_image\" \/>\n<meta name=\"twitter:label1\" content=\"\u00c9crit par\" \/>\n\t<meta name=\"twitter:data1\" content=\"Carlos Poulain\" \/>\n\t<meta name=\"twitter:label2\" content=\"Dur\u00e9e de lecture estim\u00e9e\" \/>\n\t<meta name=\"twitter:data2\" content=\"4 minutes\" \/>\n<script type=\"application\/ld+json\" class=\"yoast-schema-graph\">{\"@context\":\"https:\\\/\\\/schema.org\",\"@graph\":[{\"@type\":\"Article\",\"@id\":\"https:\\\/\\\/www.accidentdutravail-idf.net\\\/blog\\\/deux-tonnes-de-tole-tombent-sur-le-pied-dun-ouvrier-dans-les-pyrenees-le-proces-dun-grave-accident-du-travail\\\/#article\",\"isPartOf\":{\"@id\":\"https:\\\/\\\/www.accidentdutravail-idf.net\\\/blog\\\/deux-tonnes-de-tole-tombent-sur-le-pied-dun-ouvrier-dans-les-pyrenees-le-proces-dun-grave-accident-du-travail\\\/\"},\"author\":{\"name\":\"Carlos Poulain\",\"@id\":\"https:\\\/\\\/www.accidentdutravail-idf.net\\\/blog\\\/#\\\/schema\\\/person\\\/3255d2f970de45e64bd9201f38e7b947\"},\"headline\":\"Deux tonnes de t\u00f4le tombent sur le pied d\u2019un ouvrier dans les Pyr\u00e9n\u00e9es : le proc\u00e8s d\u2019un grave accident du travail\",\"datePublished\":\"2024-11-21T06:48:00+00:00\",\"mainEntityOfPage\":{\"@id\":\"https:\\\/\\\/www.accidentdutravail-idf.net\\\/blog\\\/deux-tonnes-de-tole-tombent-sur-le-pied-dun-ouvrier-dans-les-pyrenees-le-proces-dun-grave-accident-du-travail\\\/\"},\"wordCount\":738,\"publisher\":{\"@id\":\"https:\\\/\\\/www.accidentdutravail-idf.net\\\/blog\\\/#organization\"},\"image\":{\"@id\":\"https:\\\/\\\/www.accidentdutravail-idf.net\\\/blog\\\/deux-tonnes-de-tole-tombent-sur-le-pied-dun-ouvrier-dans-les-pyrenees-le-proces-dun-grave-accident-du-travail\\\/#primaryimage\"},\"thumbnailUrl\":\"https:\\\/\\\/www.accidentdutravail-idf.net\\\/blog\\\/wp-content\\\/uploads\\\/2024\\\/11\\\/deux-tonnes-de-tole-tombent-sur-le-pied-dun-ouvrier-dans-les-pyrenees-le-proces-dun-grave-accident-du-travail.jpg\",\"articleSection\":[\"S\u00e9curit\u00e9 Du Travail En Ile-De-France Et Divers:\"],\"inLanguage\":\"fr-FR\"},{\"@type\":\"WebPage\",\"@id\":\"https:\\\/\\\/www.accidentdutravail-idf.net\\\/blog\\\/deux-tonnes-de-tole-tombent-sur-le-pied-dun-ouvrier-dans-les-pyrenees-le-proces-dun-grave-accident-du-travail\\\/\",\"url\":\"https:\\\/\\\/www.accidentdutravail-idf.net\\\/blog\\\/deux-tonnes-de-tole-tombent-sur-le-pied-dun-ouvrier-dans-les-pyrenees-le-proces-dun-grave-accident-du-travail\\\/\",\"name\":\"Deux tonnes de t\u00f4le tombent sur le pied d\u2019un ouvrier dans les Pyr\u00e9n\u00e9es : le proc\u00e8s d\u2019un grave accident du travail - ACCIDENTDUTRAVAIL-IDF\",\"isPartOf\":{\"@id\":\"https:\\\/\\\/www.accidentdutravail-idf.net\\\/blog\\\/#website\"},\"primaryImageOfPage\":{\"@id\":\"https:\\\/\\\/www.accidentdutravail-idf.net\\\/blog\\\/deux-tonnes-de-tole-tombent-sur-le-pied-dun-ouvrier-dans-les-pyrenees-le-proces-dun-grave-accident-du-travail\\\/#primaryimage\"},\"image\":{\"@id\":\"https:\\\/\\\/www.accidentdutravail-idf.net\\\/blog\\\/deux-tonnes-de-tole-tombent-sur-le-pied-dun-ouvrier-dans-les-pyrenees-le-proces-dun-grave-accident-du-travail\\\/#primaryimage\"},\"thumbnailUrl\":\"https:\\\/\\\/www.accidentdutravail-idf.net\\\/blog\\\/wp-content\\\/uploads\\\/2024\\\/11\\\/deux-tonnes-de-tole-tombent-sur-le-pied-dun-ouvrier-dans-les-pyrenees-le-proces-dun-grave-accident-du-travail.jpg\",\"datePublished\":\"2024-11-21T06:48:00+00:00\",\"description\":\"Deux tonnes de t\u00f4le tombent sur le pied d\u2019un ouvrier dans les Pyr\u00e9n\u00e9es : le proc\u00e8s d\u2019un grave accident du travail article de ACCIDENTDUTRAVAIL-IDF\",\"breadcrumb\":{\"@id\":\"https:\\\/\\\/www.accidentdutravail-idf.net\\\/blog\\\/deux-tonnes-de-tole-tombent-sur-le-pied-dun-ouvrier-dans-les-pyrenees-le-proces-dun-grave-accident-du-travail\\\/#breadcrumb\"},\"inLanguage\":\"fr-FR\",\"potentialAction\":[{\"@type\":\"ReadAction\",\"target\":[\"https:\\\/\\\/www.accidentdutravail-idf.net\\\/blog\\\/deux-tonnes-de-tole-tombent-sur-le-pied-dun-ouvrier-dans-les-pyrenees-le-proces-dun-grave-accident-du-travail\\\/\"]}]},{\"@type\":\"ImageObject\",\"inLanguage\":\"fr-FR\",\"@id\":\"https:\\\/\\\/www.accidentdutravail-idf.net\\\/blog\\\/deux-tonnes-de-tole-tombent-sur-le-pied-dun-ouvrier-dans-les-pyrenees-le-proces-dun-grave-accident-du-travail\\\/#primaryimage\",\"url\":\"https:\\\/\\\/www.accidentdutravail-idf.net\\\/blog\\\/wp-content\\\/uploads\\\/2024\\\/11\\\/deux-tonnes-de-tole-tombent-sur-le-pied-dun-ouvrier-dans-les-pyrenees-le-proces-dun-grave-accident-du-travail.jpg\",\"contentUrl\":\"https:\\\/\\\/www.accidentdutravail-idf.net\\\/blog\\\/wp-content\\\/uploads\\\/2024\\\/11\\\/deux-tonnes-de-tole-tombent-sur-le-pied-dun-ouvrier-dans-les-pyrenees-le-proces-dun-grave-accident-du-travail.jpg\"},{\"@type\":\"BreadcrumbList\",\"@id\":\"https:\\\/\\\/www.accidentdutravail-idf.net\\\/blog\\\/deux-tonnes-de-tole-tombent-sur-le-pied-dun-ouvrier-dans-les-pyrenees-le-proces-dun-grave-accident-du-travail\\\/#breadcrumb\",\"itemListElement\":[{\"@type\":\"ListItem\",\"position\":1,\"name\":\"Accueil\",\"item\":\"https:\\\/\\\/www.accidentdutravail-idf.net\\\/blog\\\/\"},{\"@type\":\"ListItem\",\"position\":2,\"name\":\"Deux tonnes de t\u00f4le tombent sur le pied d\u2019un ouvrier dans les Pyr\u00e9n\u00e9es : le proc\u00e8s d\u2019un grave accident du travail\"}]},{\"@type\":\"WebSite\",\"@id\":\"https:\\\/\\\/www.accidentdutravail-idf.net\\\/blog\\\/#website\",\"url\":\"https:\\\/\\\/www.accidentdutravail-idf.net\\\/blog\\\/\",\"name\":\"ACCIDENTDUTRAVAIL-IDF\",\"description\":\"Portail accidents du travail-maladies professionnelles des entreprises d&#039;Ile-de-France\",\"publisher\":{\"@id\":\"https:\\\/\\\/www.accidentdutravail-idf.net\\\/blog\\\/#organization\"},\"potentialAction\":[{\"@type\":\"SearchAction\",\"target\":{\"@type\":\"EntryPoint\",\"urlTemplate\":\"https:\\\/\\\/www.accidentdutravail-idf.net\\\/blog\\\/?s={search_term_string}\"},\"query-input\":{\"@type\":\"PropertyValueSpecification\",\"valueRequired\":true,\"valueName\":\"search_term_string\"}}],\"inLanguage\":\"fr-FR\"},{\"@type\":\"Organization\",\"@id\":\"https:\\\/\\\/www.accidentdutravail-idf.net\\\/blog\\\/#organization\",\"name\":\"accidentdutravail-idf\",\"url\":\"https:\\\/\\\/www.accidentdutravail-idf.net\\\/blog\\\/\",\"logo\":{\"@type\":\"ImageObject\",\"inLanguage\":\"fr-FR\",\"@id\":\"https:\\\/\\\/www.accidentdutravail-idf.net\\\/blog\\\/#\\\/schema\\\/logo\\\/image\\\/\",\"url\":\"https:\\\/\\\/www.accidentdutravail-idf.net\\\/blog\\\/wp-content\\\/uploads\\\/2022\\\/09\\\/logo-2.png\",\"contentUrl\":\"https:\\\/\\\/www.accidentdutravail-idf.net\\\/blog\\\/wp-content\\\/uploads\\\/2022\\\/09\\\/logo-2.png\",\"width\":380,\"height\":291,\"caption\":\"accidentdutravail-idf\"},\"image\":{\"@id\":\"https:\\\/\\\/www.accidentdutravail-idf.net\\\/blog\\\/#\\\/schema\\\/logo\\\/image\\\/\"}},{\"@type\":\"Person\",\"@id\":\"https:\\\/\\\/www.accidentdutravail-idf.net\\\/blog\\\/#\\\/schema\\\/person\\\/3255d2f970de45e64bd9201f38e7b947\",\"name\":\"Carlos Poulain\",\"image\":{\"@type\":\"ImageObject\",\"inLanguage\":\"fr-FR\",\"@id\":\"https:\\\/\\\/secure.gravatar.com\\\/avatar\\\/b1c2f9d3588e34e91adb093635df64ef4b2381991216be7576466cfcdca4baf3?s=96&d=mm&r=g\",\"url\":\"https:\\\/\\\/secure.gravatar.com\\\/avatar\\\/b1c2f9d3588e34e91adb093635df64ef4b2381991216be7576466cfcdca4baf3?s=96&d=mm&r=g\",\"contentUrl\":\"https:\\\/\\\/secure.gravatar.com\\\/avatar\\\/b1c2f9d3588e34e91adb093635df64ef4b2381991216be7576466cfcdca4baf3?s=96&d=mm&r=g\",\"caption\":\"Carlos Poulain\"},\"url\":\"https:\\\/\\\/www.accidentdutravail-idf.net\\\/blog\\\/author\\\/idfcarlos\\\/\"}]}<\/script>\n<!-- \/ Yoast SEO plugin. -->","yoast_head_json":{"title":"Deux tonnes de t\u00f4le tombent sur le pied d\u2019un ouvrier dans les Pyr\u00e9n\u00e9es : le proc\u00e8s d\u2019un grave accident du travail - ACCIDENTDUTRAVAIL-IDF","description":"Deux tonnes de t\u00f4le tombent sur le pied d\u2019un ouvrier dans les Pyr\u00e9n\u00e9es : le proc\u00e8s d\u2019un grave accident du travail article de ACCIDENTDUTRAVAIL-IDF","robots":{"index":"index","follow":"follow","max-snippet":"max-snippet:-1","max-image-preview":"max-image-preview:large","max-video-preview":"max-video-preview:-1"},"canonical":"https:\/\/www.accidentdutravail-idf.net\/blog\/deux-tonnes-de-tole-tombent-sur-le-pied-dun-ouvrier-dans-les-pyrenees-le-proces-dun-grave-accident-du-travail\/","og_locale":"fr_FR","og_type":"article","og_title":"Deux tonnes de t\u00f4le tombent sur le pied d\u2019un ouvrier dans les Pyr\u00e9n\u00e9es : le proc\u00e8s d\u2019un grave accident du travail - ACCIDENTDUTRAVAIL-IDF","og_description":"Deux tonnes de t\u00f4le tombent sur le pied d\u2019un ouvrier dans les Pyr\u00e9n\u00e9es : le proc\u00e8s d\u2019un grave accident du travail article de ACCIDENTDUTRAVAIL-IDF","og_url":"https:\/\/www.accidentdutravail-idf.net\/blog\/deux-tonnes-de-tole-tombent-sur-le-pied-dun-ouvrier-dans-les-pyrenees-le-proces-dun-grave-accident-du-travail\/","og_site_name":"ACCIDENTDUTRAVAIL-IDF","article_published_time":"2024-11-21T06:48:00+00:00","og_image":[{"url":"https:\/\/www.accidentdutravail-idf.net\/blog\/wp-content\/uploads\/2024\/11\/deux-tonnes-de-tole-tombent-sur-le-pied-dun-ouvrier-dans-les-pyrenees-le-proces-dun-grave-accident-du-travail.jpg","type":"","width":"","height":""}],"author":"Carlos Poulain","twitter_card":"summary_large_image","twitter_misc":{"\u00c9crit par":"Carlos Poulain","Dur\u00e9e de lecture estim\u00e9e":"4 minutes"},"schema":{"@context":"https:\/\/schema.org","@graph":[{"@type":"Article","@id":"https:\/\/www.accidentdutravail-idf.net\/blog\/deux-tonnes-de-tole-tombent-sur-le-pied-dun-ouvrier-dans-les-pyrenees-le-proces-dun-grave-accident-du-travail\/#article","isPartOf":{"@id":"https:\/\/www.accidentdutravail-idf.net\/blog\/deux-tonnes-de-tole-tombent-sur-le-pied-dun-ouvrier-dans-les-pyrenees-le-proces-dun-grave-accident-du-travail\/"},"author":{"name":"Carlos Poulain","@id":"https:\/\/www.accidentdutravail-idf.net\/blog\/#\/schema\/person\/3255d2f970de45e64bd9201f38e7b947"},"headline":"Deux tonnes de t\u00f4le tombent sur le pied d\u2019un ouvrier dans les Pyr\u00e9n\u00e9es : le proc\u00e8s d\u2019un grave accident du travail","datePublished":"2024-11-21T06:48:00+00:00","mainEntityOfPage":{"@id":"https:\/\/www.accidentdutravail-idf.net\/blog\/deux-tonnes-de-tole-tombent-sur-le-pied-dun-ouvrier-dans-les-pyrenees-le-proces-dun-grave-accident-du-travail\/"},"wordCount":738,"publisher":{"@id":"https:\/\/www.accidentdutravail-idf.net\/blog\/#organization"},"image":{"@id":"https:\/\/www.accidentdutravail-idf.net\/blog\/deux-tonnes-de-tole-tombent-sur-le-pied-dun-ouvrier-dans-les-pyrenees-le-proces-dun-grave-accident-du-travail\/#primaryimage"},"thumbnailUrl":"https:\/\/www.accidentdutravail-idf.net\/blog\/wp-content\/uploads\/2024\/11\/deux-tonnes-de-tole-tombent-sur-le-pied-dun-ouvrier-dans-les-pyrenees-le-proces-dun-grave-accident-du-travail.jpg","articleSection":["S\u00e9curit\u00e9 Du Travail En Ile-De-France Et Divers:"],"inLanguage":"fr-FR"},{"@type":"WebPage","@id":"https:\/\/www.accidentdutravail-idf.net\/blog\/deux-tonnes-de-tole-tombent-sur-le-pied-dun-ouvrier-dans-les-pyrenees-le-proces-dun-grave-accident-du-travail\/","url":"https:\/\/www.accidentdutravail-idf.net\/blog\/deux-tonnes-de-tole-tombent-sur-le-pied-dun-ouvrier-dans-les-pyrenees-le-proces-dun-grave-accident-du-travail\/","name":"Deux tonnes de t\u00f4le tombent sur le pied d\u2019un ouvrier dans les Pyr\u00e9n\u00e9es : le proc\u00e8s d\u2019un grave accident du travail - ACCIDENTDUTRAVAIL-IDF","isPartOf":{"@id":"https:\/\/www.accidentdutravail-idf.net\/blog\/#website"},"primaryImageOfPage":{"@id":"https:\/\/www.accidentdutravail-idf.net\/blog\/deux-tonnes-de-tole-tombent-sur-le-pied-dun-ouvrier-dans-les-pyrenees-le-proces-dun-grave-accident-du-travail\/#primaryimage"},"image":{"@id":"https:\/\/www.accidentdutravail-idf.net\/blog\/deux-tonnes-de-tole-tombent-sur-le-pied-dun-ouvrier-dans-les-pyrenees-le-proces-dun-grave-accident-du-travail\/#primaryimage"},"thumbnailUrl":"https:\/\/www.accidentdutravail-idf.net\/blog\/wp-content\/uploads\/2024\/11\/deux-tonnes-de-tole-tombent-sur-le-pied-dun-ouvrier-dans-les-pyrenees-le-proces-dun-grave-accident-du-travail.jpg","datePublished":"2024-11-21T06:48:00+00:00","description":"Deux tonnes de t\u00f4le tombent sur le pied d\u2019un ouvrier dans les Pyr\u00e9n\u00e9es : le proc\u00e8s d\u2019un grave accident du travail article de ACCIDENTDUTRAVAIL-IDF","breadcrumb":{"@id":"https:\/\/www.accidentdutravail-idf.net\/blog\/deux-tonnes-de-tole-tombent-sur-le-pied-dun-ouvrier-dans-les-pyrenees-le-proces-dun-grave-accident-du-travail\/#breadcrumb"},"inLanguage":"fr-FR","potentialAction":[{"@type":"ReadAction","target":["https:\/\/www.accidentdutravail-idf.net\/blog\/deux-tonnes-de-tole-tombent-sur-le-pied-dun-ouvrier-dans-les-pyrenees-le-proces-dun-grave-accident-du-travail\/"]}]},{"@type":"ImageObject","inLanguage":"fr-FR","@id":"https:\/\/www.accidentdutravail-idf.net\/blog\/deux-tonnes-de-tole-tombent-sur-le-pied-dun-ouvrier-dans-les-pyrenees-le-proces-dun-grave-accident-du-travail\/#primaryimage","url":"https:\/\/www.accidentdutravail-idf.net\/blog\/wp-content\/uploads\/2024\/11\/deux-tonnes-de-tole-tombent-sur-le-pied-dun-ouvrier-dans-les-pyrenees-le-proces-dun-grave-accident-du-travail.jpg","contentUrl":"https:\/\/www.accidentdutravail-idf.net\/blog\/wp-content\/uploads\/2024\/11\/deux-tonnes-de-tole-tombent-sur-le-pied-dun-ouvrier-dans-les-pyrenees-le-proces-dun-grave-accident-du-travail.jpg"},{"@type":"BreadcrumbList","@id":"https:\/\/www.accidentdutravail-idf.net\/blog\/deux-tonnes-de-tole-tombent-sur-le-pied-dun-ouvrier-dans-les-pyrenees-le-proces-dun-grave-accident-du-travail\/#breadcrumb","itemListElement":[{"@type":"ListItem","position":1,"name":"Accueil","item":"https:\/\/www.accidentdutravail-idf.net\/blog\/"},{"@type":"ListItem","position":2,"name":"Deux tonnes de t\u00f4le tombent sur le pied d\u2019un ouvrier dans les Pyr\u00e9n\u00e9es : le proc\u00e8s d\u2019un grave accident du travail"}]},{"@type":"WebSite","@id":"https:\/\/www.accidentdutravail-idf.net\/blog\/#website","url":"https:\/\/www.accidentdutravail-idf.net\/blog\/","name":"ACCIDENTDUTRAVAIL-IDF","description":"Portail accidents du travail-maladies professionnelles des entreprises d&#039;Ile-de-France","publisher":{"@id":"https:\/\/www.accidentdutravail-idf.net\/blog\/#organization"},"potentialAction":[{"@type":"SearchAction","target":{"@type":"EntryPoint","urlTemplate":"https:\/\/www.accidentdutravail-idf.net\/blog\/?s={search_term_string}"},"query-input":{"@type":"PropertyValueSpecification","valueRequired":true,"valueName":"search_term_string"}}],"inLanguage":"fr-FR"},{"@type":"Organization","@id":"https:\/\/www.accidentdutravail-idf.net\/blog\/#organization","name":"accidentdutravail-idf","url":"https:\/\/www.accidentdutravail-idf.net\/blog\/","logo":{"@type":"ImageObject","inLanguage":"fr-FR","@id":"https:\/\/www.accidentdutravail-idf.net\/blog\/#\/schema\/logo\/image\/","url":"https:\/\/www.accidentdutravail-idf.net\/blog\/wp-content\/uploads\/2022\/09\/logo-2.png","contentUrl":"https:\/\/www.accidentdutravail-idf.net\/blog\/wp-content\/uploads\/2022\/09\/logo-2.png","width":380,"height":291,"caption":"accidentdutravail-idf"},"image":{"@id":"https:\/\/www.accidentdutravail-idf.net\/blog\/#\/schema\/logo\/image\/"}},{"@type":"Person","@id":"https:\/\/www.accidentdutravail-idf.net\/blog\/#\/schema\/person\/3255d2f970de45e64bd9201f38e7b947","name":"Carlos Poulain","image":{"@type":"ImageObject","inLanguage":"fr-FR","@id":"https:\/\/secure.gravatar.com\/avatar\/b1c2f9d3588e34e91adb093635df64ef4b2381991216be7576466cfcdca4baf3?s=96&d=mm&r=g","url":"https:\/\/secure.gravatar.com\/avatar\/b1c2f9d3588e34e91adb093635df64ef4b2381991216be7576466cfcdca4baf3?s=96&d=mm&r=g","contentUrl":"https:\/\/secure.gravatar.com\/avatar\/b1c2f9d3588e34e91adb093635df64ef4b2381991216be7576466cfcdca4baf3?s=96&d=mm&r=g","caption":"Carlos Poulain"},"url":"https:\/\/www.accidentdutravail-idf.net\/blog\/author\/idfcarlos\/"}]}},"_links":{"self":[{"href":"https:\/\/www.accidentdutravail-idf.net\/blog\/wp-json\/wp\/v2\/posts\/1024","targetHints":{"allow":["GET"]}}],"collection":[{"href":"https:\/\/www.accidentdutravail-idf.net\/blog\/wp-json\/wp\/v2\/posts"}],"about":[{"href":"https:\/\/www.accidentdutravail-idf.net\/blog\/wp-json\/wp\/v2\/types\/post"}],"author":[{"embeddable":true,"href":"https:\/\/www.accidentdutravail-idf.net\/blog\/wp-json\/wp\/v2\/users\/2"}],"replies":[{"embeddable":true,"href":"https:\/\/www.accidentdutravail-idf.net\/blog\/wp-json\/wp\/v2\/comments?post=1024"}],"version-history":[{"count":0,"href":"https:\/\/www.accidentdutravail-idf.net\/blog\/wp-json\/wp\/v2\/posts\/1024\/revisions"}],"wp:attachment":[{"href":"https:\/\/www.accidentdutravail-idf.net\/blog\/wp-json\/wp\/v2\/media?parent=1024"}],"wp:term":[{"taxonomy":"category","embeddable":true,"href":"https:\/\/www.accidentdutravail-idf.net\/blog\/wp-json\/wp\/v2\/categories?post=1024"},{"taxonomy":"post_tag","embeddable":true,"href":"https:\/\/www.accidentdutravail-idf.net\/blog\/wp-json\/wp\/v2\/tags?post=1024"}],"curies":[{"name":"wp","href":"https:\/\/api.w.org\/{rel}","templated":true}]}}