{"id":1023,"date":"2024-11-20T13:51:00","date_gmt":"2024-11-20T12:51:00","guid":{"rendered":"https:\/\/www.accidentdutravail-idf.net\/blog\/savoie-blesses-circonstances-enquete-les-premiers-elements-apres-laccident-du-telepherique-a-val-thorens\/"},"modified":"2024-11-20T13:51:00","modified_gmt":"2024-11-20T12:51:00","slug":"savoie-blesses-circonstances-enquete-les-premiers-elements-apres-laccident-du-telepherique-a-val-thorens","status":"publish","type":"post","link":"https:\/\/www.accidentdutravail-idf.net\/blog\/savoie-blesses-circonstances-enquete-les-premiers-elements-apres-laccident-du-telepherique-a-val-thorens\/","title":{"rendered":"Savoie Bless\u00e9s, circonstances, enqu\u00eate : les premiers \u00e9l\u00e9ments apr\u00e8s l&rsquo;accident du t\u00e9l\u00e9ph\u00e9rique \u00e0 Val Thorens"},"content":{"rendered":"<div><img decoding=\"async\" src=\"https:\/\/www.accidentdutravail-idf.net\/blog\/wp-content\/uploads\/2024\/11\/savoie-blesses-circonstances-enquete-les-premiers-elements-apres-laccident-du-telepherique-a-val-thorens.jpg\" class=\"ff-og-image-inserted\"><\/div>\n<p>Le jour d\u2019apr\u00e8s \u00e0 Val Thorens. Alors que <a href=\"https:\/\/www.ledauphine.com\/faits-divers-justice\/2024\/11\/19\/accident-du-telepherique-de-la-cime-caron-le-choc-a-la-veille-du-debut-de-la-saison\" target=\"_blank\" rel=\"nofollow\">l\u2019accident de la cime Caron<\/a> alimentait toutes les discussions, ce mercredi 20&nbsp;novembre, les nouvelles sur <a href=\"https:\/\/www.ledauphine.com\/faits-divers-justice\/2024\/11\/19\/la-plus-grosse-telecabine-de-val-thorens-s-encastre-des-blesses-graves\" target=\"_blank\" rel=\"nofollow\">l\u2019\u00e9tat de sant\u00e9 des bless\u00e9s les plus graves<\/a> ont apport\u00e9 un peu de r\u00e9confort dans la station de Tarentaise. Le bless\u00e9 le plus s\u00e9rieusement touch\u00e9, transport\u00e9 \u00e0 l\u2019h\u00f4pital de Chamb\u00e9ry, a \u00e9t\u00e9 op\u00e9r\u00e9 avec succ\u00e8s d\u2019une fracture au bassin. L\u2019autre homme, consid\u00e9r\u00e9 comme bless\u00e9 grave lors des premiers examens, souffre finalement de quelques contusions et serait d\u00e9j\u00e0 sorti de l\u2019h\u00f4pital. \u00ab&nbsp;On se r\u00e9jouit pour la sant\u00e9 des deux victimes. C\u2019est un vrai soulagement&nbsp;\u00bb, note d\u2019embl\u00e9e J\u00e9r\u00f4me Grellet, directeur g\u00e9n\u00e9ral de la Setam, la soci\u00e9t\u00e9 en charge de l\u2019exploitation des remont\u00e9es m\u00e9caniques. M\u00eame satisfaction pour Benjamin Blanc,&#8230;<\/p>\n<p> accidentdutravail-idf.net vous a pr\u00e9par\u00e9 ce post qui informe du sujet \u00ab\u00a0Association Sportive Huisson-Longueville Essonne\u00a0\u00bb. La chronique se veut g\u00e9n\u00e9r\u00e9e du mieux possible. Vous pouvez utiliser les coordonn\u00e9es indiqu\u00e9es sur le site dans le but d\u2019apporter des explications sur ce post qui parle du th\u00e8me \u00ab\u00a0Association Sportive Huisson-Longueville Essonne\u00a0\u00bb. Le site accidentdutravail-idf.net a pour but de fournir diverses publications sur la th\u00e9matique Association Sportive Huisson-Longueville Essonne diffus\u00e9es sur le net. Il y aura plusieurs articles autour du sujet \u00ab\u00a0Association Sportive Huisson-Longueville Essonne\u00a0\u00bb dans quelques jours, nous vous invitons \u00e0 naviguer sur notre site web \u00e0 plusieurs reprises.<\/p>\n","protected":false},"excerpt":{"rendered":"<p>Le jour d\u2019apr\u00e8s \u00e0 Val Thorens. Alors que l\u2019accident de la cime Caron alimentait toutes les discussions, ce mercredi 20&nbsp;novembre, les nouvelles sur l\u2019\u00e9tat de sant\u00e9 des bless\u00e9s les plus graves ont apport\u00e9 un peu de r\u00e9confort dans la station de Tarentaise. Le bless\u00e9 le plus s\u00e9rieusement touch\u00e9, transport\u00e9 \u00e0 l\u2019h\u00f4pital de Chamb\u00e9ry, a \u00e9t\u00e9 &hellip; <\/p>\n<p class=\"link-more\"><a href=\"https:\/\/www.accidentdutravail-idf.net\/blog\/savoie-blesses-circonstances-enquete-les-premiers-elements-apres-laccident-du-telepherique-a-val-thorens\/\" class=\"more-link\">Continuer la lecture <span class=\"screen-reader-text\"> \u00ab\u00a0Savoie Bless\u00e9s, circonstances, enqu\u00eate : les premiers \u00e9l\u00e9ments apr\u00e8s l&rsquo;accident du t\u00e9l\u00e9ph\u00e9rique \u00e0 Val Thorens\u00a0\u00bb<\/span><\/a><\/p>\n","protected":false},"author":2,"featured_media":0,"comment_status":"closed","ping_status":"closed","sticky":false,"template":"","format":"standard","meta":{"footnotes":""},"categories":[5],"tags":[],"class_list":["post-1023","post","type-post","status-publish","format-standard","hentry","category-securite-du-travail-en-ile-de-france-et-divers","entry"],"yoast_head":"<!-- This site is optimized with the Yoast SEO plugin v27.5 - https:\/\/yoast.com\/product\/yoast-seo-wordpress\/ -->\n<title>Savoie Bless\u00e9s, circonstances, enqu\u00eate : les premiers \u00e9l\u00e9ments apr\u00e8s l&#039;accident du t\u00e9l\u00e9ph\u00e9rique \u00e0 Val Thorens - ACCIDENTDUTRAVAIL-IDF<\/title>\n<meta name=\"description\" content=\"Savoie Bless\u00e9s, circonstances, enqu\u00eate : les premiers \u00e9l\u00e9ments apr\u00e8s l&#039;accident du t\u00e9l\u00e9ph\u00e9rique \u00e0 Val Thorens article de ACCIDENTDUTRAVAIL-IDF\" \/>\n<meta name=\"robots\" content=\"index, follow, max-snippet:-1, max-image-preview:large, max-video-preview:-1\" \/>\n<link rel=\"canonical\" href=\"https:\/\/www.accidentdutravail-idf.net\/blog\/savoie-blesses-circonstances-enquete-les-premiers-elements-apres-laccident-du-telepherique-a-val-thorens\/\" \/>\n<meta property=\"og:locale\" content=\"fr_FR\" \/>\n<meta property=\"og:type\" content=\"article\" \/>\n<meta property=\"og:title\" content=\"Savoie Bless\u00e9s, circonstances, enqu\u00eate : les premiers \u00e9l\u00e9ments apr\u00e8s l&#039;accident du t\u00e9l\u00e9ph\u00e9rique \u00e0 Val Thorens - ACCIDENTDUTRAVAIL-IDF\" \/>\n<meta property=\"og:description\" content=\"Savoie Bless\u00e9s, circonstances, enqu\u00eate : les premiers \u00e9l\u00e9ments apr\u00e8s l&#039;accident du t\u00e9l\u00e9ph\u00e9rique \u00e0 Val Thorens article de ACCIDENTDUTRAVAIL-IDF\" \/>\n<meta property=\"og:url\" content=\"https:\/\/www.accidentdutravail-idf.net\/blog\/savoie-blesses-circonstances-enquete-les-premiers-elements-apres-laccident-du-telepherique-a-val-thorens\/\" \/>\n<meta property=\"og:site_name\" content=\"ACCIDENTDUTRAVAIL-IDF\" \/>\n<meta property=\"article:published_time\" content=\"2024-11-20T12:51:00+00:00\" \/>\n<meta property=\"og:image\" content=\"https:\/\/www.accidentdutravail-idf.net\/blog\/wp-content\/uploads\/2024\/11\/savoie-blesses-circonstances-enquete-les-premiers-elements-apres-laccident-du-telepherique-a-val-thorens.jpg\" \/>\n<meta name=\"author\" content=\"Carlos Poulain\" \/>\n<meta name=\"twitter:card\" content=\"summary_large_image\" \/>\n<meta name=\"twitter:label1\" content=\"\u00c9crit par\" \/>\n\t<meta name=\"twitter:data1\" content=\"Carlos Poulain\" \/>\n\t<meta name=\"twitter:label2\" content=\"Dur\u00e9e de lecture estim\u00e9e\" \/>\n\t<meta name=\"twitter:data2\" content=\"1 minute\" \/>\n<script type=\"application\/ld+json\" class=\"yoast-schema-graph\">{\"@context\":\"https:\\\/\\\/schema.org\",\"@graph\":[{\"@type\":\"Article\",\"@id\":\"https:\\\/\\\/www.accidentdutravail-idf.net\\\/blog\\\/savoie-blesses-circonstances-enquete-les-premiers-elements-apres-laccident-du-telepherique-a-val-thorens\\\/#article\",\"isPartOf\":{\"@id\":\"https:\\\/\\\/www.accidentdutravail-idf.net\\\/blog\\\/savoie-blesses-circonstances-enquete-les-premiers-elements-apres-laccident-du-telepherique-a-val-thorens\\\/\"},\"author\":{\"name\":\"Carlos Poulain\",\"@id\":\"https:\\\/\\\/www.accidentdutravail-idf.net\\\/blog\\\/#\\\/schema\\\/person\\\/3255d2f970de45e64bd9201f38e7b947\"},\"headline\":\"Savoie Bless\u00e9s, circonstances, enqu\u00eate : les premiers \u00e9l\u00e9ments apr\u00e8s l&rsquo;accident du t\u00e9l\u00e9ph\u00e9rique \u00e0 Val Thorens\",\"datePublished\":\"2024-11-20T12:51:00+00:00\",\"mainEntityOfPage\":{\"@id\":\"https:\\\/\\\/www.accidentdutravail-idf.net\\\/blog\\\/savoie-blesses-circonstances-enquete-les-premiers-elements-apres-laccident-du-telepherique-a-val-thorens\\\/\"},\"wordCount\":277,\"publisher\":{\"@id\":\"https:\\\/\\\/www.accidentdutravail-idf.net\\\/blog\\\/#organization\"},\"image\":{\"@id\":\"https:\\\/\\\/www.accidentdutravail-idf.net\\\/blog\\\/savoie-blesses-circonstances-enquete-les-premiers-elements-apres-laccident-du-telepherique-a-val-thorens\\\/#primaryimage\"},\"thumbnailUrl\":\"https:\\\/\\\/www.accidentdutravail-idf.net\\\/blog\\\/wp-content\\\/uploads\\\/2024\\\/11\\\/savoie-blesses-circonstances-enquete-les-premiers-elements-apres-laccident-du-telepherique-a-val-thorens.jpg\",\"articleSection\":[\"S\u00e9curit\u00e9 Du Travail En Ile-De-France Et Divers:\"],\"inLanguage\":\"fr-FR\"},{\"@type\":\"WebPage\",\"@id\":\"https:\\\/\\\/www.accidentdutravail-idf.net\\\/blog\\\/savoie-blesses-circonstances-enquete-les-premiers-elements-apres-laccident-du-telepherique-a-val-thorens\\\/\",\"url\":\"https:\\\/\\\/www.accidentdutravail-idf.net\\\/blog\\\/savoie-blesses-circonstances-enquete-les-premiers-elements-apres-laccident-du-telepherique-a-val-thorens\\\/\",\"name\":\"Savoie Bless\u00e9s, circonstances, enqu\u00eate : les premiers \u00e9l\u00e9ments apr\u00e8s l'accident du t\u00e9l\u00e9ph\u00e9rique \u00e0 Val Thorens - ACCIDENTDUTRAVAIL-IDF\",\"isPartOf\":{\"@id\":\"https:\\\/\\\/www.accidentdutravail-idf.net\\\/blog\\\/#website\"},\"primaryImageOfPage\":{\"@id\":\"https:\\\/\\\/www.accidentdutravail-idf.net\\\/blog\\\/savoie-blesses-circonstances-enquete-les-premiers-elements-apres-laccident-du-telepherique-a-val-thorens\\\/#primaryimage\"},\"image\":{\"@id\":\"https:\\\/\\\/www.accidentdutravail-idf.net\\\/blog\\\/savoie-blesses-circonstances-enquete-les-premiers-elements-apres-laccident-du-telepherique-a-val-thorens\\\/#primaryimage\"},\"thumbnailUrl\":\"https:\\\/\\\/www.accidentdutravail-idf.net\\\/blog\\\/wp-content\\\/uploads\\\/2024\\\/11\\\/savoie-blesses-circonstances-enquete-les-premiers-elements-apres-laccident-du-telepherique-a-val-thorens.jpg\",\"datePublished\":\"2024-11-20T12:51:00+00:00\",\"description\":\"Savoie Bless\u00e9s, circonstances, enqu\u00eate : les premiers \u00e9l\u00e9ments apr\u00e8s l'accident du t\u00e9l\u00e9ph\u00e9rique \u00e0 Val Thorens article de ACCIDENTDUTRAVAIL-IDF\",\"breadcrumb\":{\"@id\":\"https:\\\/\\\/www.accidentdutravail-idf.net\\\/blog\\\/savoie-blesses-circonstances-enquete-les-premiers-elements-apres-laccident-du-telepherique-a-val-thorens\\\/#breadcrumb\"},\"inLanguage\":\"fr-FR\",\"potentialAction\":[{\"@type\":\"ReadAction\",\"target\":[\"https:\\\/\\\/www.accidentdutravail-idf.net\\\/blog\\\/savoie-blesses-circonstances-enquete-les-premiers-elements-apres-laccident-du-telepherique-a-val-thorens\\\/\"]}]},{\"@type\":\"ImageObject\",\"inLanguage\":\"fr-FR\",\"@id\":\"https:\\\/\\\/www.accidentdutravail-idf.net\\\/blog\\\/savoie-blesses-circonstances-enquete-les-premiers-elements-apres-laccident-du-telepherique-a-val-thorens\\\/#primaryimage\",\"url\":\"https:\\\/\\\/www.accidentdutravail-idf.net\\\/blog\\\/wp-content\\\/uploads\\\/2024\\\/11\\\/savoie-blesses-circonstances-enquete-les-premiers-elements-apres-laccident-du-telepherique-a-val-thorens.jpg\",\"contentUrl\":\"https:\\\/\\\/www.accidentdutravail-idf.net\\\/blog\\\/wp-content\\\/uploads\\\/2024\\\/11\\\/savoie-blesses-circonstances-enquete-les-premiers-elements-apres-laccident-du-telepherique-a-val-thorens.jpg\"},{\"@type\":\"BreadcrumbList\",\"@id\":\"https:\\\/\\\/www.accidentdutravail-idf.net\\\/blog\\\/savoie-blesses-circonstances-enquete-les-premiers-elements-apres-laccident-du-telepherique-a-val-thorens\\\/#breadcrumb\",\"itemListElement\":[{\"@type\":\"ListItem\",\"position\":1,\"name\":\"Accueil\",\"item\":\"https:\\\/\\\/www.accidentdutravail-idf.net\\\/blog\\\/\"},{\"@type\":\"ListItem\",\"position\":2,\"name\":\"Savoie Bless\u00e9s, circonstances, enqu\u00eate : les premiers \u00e9l\u00e9ments apr\u00e8s l&rsquo;accident du t\u00e9l\u00e9ph\u00e9rique \u00e0 Val Thorens\"}]},{\"@type\":\"WebSite\",\"@id\":\"https:\\\/\\\/www.accidentdutravail-idf.net\\\/blog\\\/#website\",\"url\":\"https:\\\/\\\/www.accidentdutravail-idf.net\\\/blog\\\/\",\"name\":\"ACCIDENTDUTRAVAIL-IDF\",\"description\":\"Portail accidents du travail-maladies professionnelles des entreprises d&#039;Ile-de-France\",\"publisher\":{\"@id\":\"https:\\\/\\\/www.accidentdutravail-idf.net\\\/blog\\\/#organization\"},\"potentialAction\":[{\"@type\":\"SearchAction\",\"target\":{\"@type\":\"EntryPoint\",\"urlTemplate\":\"https:\\\/\\\/www.accidentdutravail-idf.net\\\/blog\\\/?s={search_term_string}\"},\"query-input\":{\"@type\":\"PropertyValueSpecification\",\"valueRequired\":true,\"valueName\":\"search_term_string\"}}],\"inLanguage\":\"fr-FR\"},{\"@type\":\"Organization\",\"@id\":\"https:\\\/\\\/www.accidentdutravail-idf.net\\\/blog\\\/#organization\",\"name\":\"accidentdutravail-idf\",\"url\":\"https:\\\/\\\/www.accidentdutravail-idf.net\\\/blog\\\/\",\"logo\":{\"@type\":\"ImageObject\",\"inLanguage\":\"fr-FR\",\"@id\":\"https:\\\/\\\/www.accidentdutravail-idf.net\\\/blog\\\/#\\\/schema\\\/logo\\\/image\\\/\",\"url\":\"https:\\\/\\\/www.accidentdutravail-idf.net\\\/blog\\\/wp-content\\\/uploads\\\/2022\\\/09\\\/logo-2.png\",\"contentUrl\":\"https:\\\/\\\/www.accidentdutravail-idf.net\\\/blog\\\/wp-content\\\/uploads\\\/2022\\\/09\\\/logo-2.png\",\"width\":380,\"height\":291,\"caption\":\"accidentdutravail-idf\"},\"image\":{\"@id\":\"https:\\\/\\\/www.accidentdutravail-idf.net\\\/blog\\\/#\\\/schema\\\/logo\\\/image\\\/\"}},{\"@type\":\"Person\",\"@id\":\"https:\\\/\\\/www.accidentdutravail-idf.net\\\/blog\\\/#\\\/schema\\\/person\\\/3255d2f970de45e64bd9201f38e7b947\",\"name\":\"Carlos Poulain\",\"image\":{\"@type\":\"ImageObject\",\"inLanguage\":\"fr-FR\",\"@id\":\"https:\\\/\\\/secure.gravatar.com\\\/avatar\\\/b1c2f9d3588e34e91adb093635df64ef4b2381991216be7576466cfcdca4baf3?s=96&d=mm&r=g\",\"url\":\"https:\\\/\\\/secure.gravatar.com\\\/avatar\\\/b1c2f9d3588e34e91adb093635df64ef4b2381991216be7576466cfcdca4baf3?s=96&d=mm&r=g\",\"contentUrl\":\"https:\\\/\\\/secure.gravatar.com\\\/avatar\\\/b1c2f9d3588e34e91adb093635df64ef4b2381991216be7576466cfcdca4baf3?s=96&d=mm&r=g\",\"caption\":\"Carlos Poulain\"},\"url\":\"https:\\\/\\\/www.accidentdutravail-idf.net\\\/blog\\\/author\\\/idfcarlos\\\/\"}]}<\/script>\n<!-- \/ Yoast SEO plugin. -->","yoast_head_json":{"title":"Savoie Bless\u00e9s, circonstances, enqu\u00eate : les premiers \u00e9l\u00e9ments apr\u00e8s l'accident du t\u00e9l\u00e9ph\u00e9rique \u00e0 Val Thorens - ACCIDENTDUTRAVAIL-IDF","description":"Savoie Bless\u00e9s, circonstances, enqu\u00eate : les premiers \u00e9l\u00e9ments apr\u00e8s l'accident du t\u00e9l\u00e9ph\u00e9rique \u00e0 Val Thorens article de ACCIDENTDUTRAVAIL-IDF","robots":{"index":"index","follow":"follow","max-snippet":"max-snippet:-1","max-image-preview":"max-image-preview:large","max-video-preview":"max-video-preview:-1"},"canonical":"https:\/\/www.accidentdutravail-idf.net\/blog\/savoie-blesses-circonstances-enquete-les-premiers-elements-apres-laccident-du-telepherique-a-val-thorens\/","og_locale":"fr_FR","og_type":"article","og_title":"Savoie Bless\u00e9s, circonstances, enqu\u00eate : les premiers \u00e9l\u00e9ments apr\u00e8s l'accident du t\u00e9l\u00e9ph\u00e9rique \u00e0 Val Thorens - ACCIDENTDUTRAVAIL-IDF","og_description":"Savoie Bless\u00e9s, circonstances, enqu\u00eate : les premiers \u00e9l\u00e9ments apr\u00e8s l'accident du t\u00e9l\u00e9ph\u00e9rique \u00e0 Val Thorens article de ACCIDENTDUTRAVAIL-IDF","og_url":"https:\/\/www.accidentdutravail-idf.net\/blog\/savoie-blesses-circonstances-enquete-les-premiers-elements-apres-laccident-du-telepherique-a-val-thorens\/","og_site_name":"ACCIDENTDUTRAVAIL-IDF","article_published_time":"2024-11-20T12:51:00+00:00","og_image":[{"url":"https:\/\/www.accidentdutravail-idf.net\/blog\/wp-content\/uploads\/2024\/11\/savoie-blesses-circonstances-enquete-les-premiers-elements-apres-laccident-du-telepherique-a-val-thorens.jpg","type":"","width":"","height":""}],"author":"Carlos Poulain","twitter_card":"summary_large_image","twitter_misc":{"\u00c9crit par":"Carlos Poulain","Dur\u00e9e de lecture estim\u00e9e":"1 minute"},"schema":{"@context":"https:\/\/schema.org","@graph":[{"@type":"Article","@id":"https:\/\/www.accidentdutravail-idf.net\/blog\/savoie-blesses-circonstances-enquete-les-premiers-elements-apres-laccident-du-telepherique-a-val-thorens\/#article","isPartOf":{"@id":"https:\/\/www.accidentdutravail-idf.net\/blog\/savoie-blesses-circonstances-enquete-les-premiers-elements-apres-laccident-du-telepherique-a-val-thorens\/"},"author":{"name":"Carlos Poulain","@id":"https:\/\/www.accidentdutravail-idf.net\/blog\/#\/schema\/person\/3255d2f970de45e64bd9201f38e7b947"},"headline":"Savoie Bless\u00e9s, circonstances, enqu\u00eate : les premiers \u00e9l\u00e9ments apr\u00e8s l&rsquo;accident du t\u00e9l\u00e9ph\u00e9rique \u00e0 Val Thorens","datePublished":"2024-11-20T12:51:00+00:00","mainEntityOfPage":{"@id":"https:\/\/www.accidentdutravail-idf.net\/blog\/savoie-blesses-circonstances-enquete-les-premiers-elements-apres-laccident-du-telepherique-a-val-thorens\/"},"wordCount":277,"publisher":{"@id":"https:\/\/www.accidentdutravail-idf.net\/blog\/#organization"},"image":{"@id":"https:\/\/www.accidentdutravail-idf.net\/blog\/savoie-blesses-circonstances-enquete-les-premiers-elements-apres-laccident-du-telepherique-a-val-thorens\/#primaryimage"},"thumbnailUrl":"https:\/\/www.accidentdutravail-idf.net\/blog\/wp-content\/uploads\/2024\/11\/savoie-blesses-circonstances-enquete-les-premiers-elements-apres-laccident-du-telepherique-a-val-thorens.jpg","articleSection":["S\u00e9curit\u00e9 Du Travail En Ile-De-France Et Divers:"],"inLanguage":"fr-FR"},{"@type":"WebPage","@id":"https:\/\/www.accidentdutravail-idf.net\/blog\/savoie-blesses-circonstances-enquete-les-premiers-elements-apres-laccident-du-telepherique-a-val-thorens\/","url":"https:\/\/www.accidentdutravail-idf.net\/blog\/savoie-blesses-circonstances-enquete-les-premiers-elements-apres-laccident-du-telepherique-a-val-thorens\/","name":"Savoie Bless\u00e9s, circonstances, enqu\u00eate : les premiers \u00e9l\u00e9ments apr\u00e8s l'accident du t\u00e9l\u00e9ph\u00e9rique \u00e0 Val Thorens - ACCIDENTDUTRAVAIL-IDF","isPartOf":{"@id":"https:\/\/www.accidentdutravail-idf.net\/blog\/#website"},"primaryImageOfPage":{"@id":"https:\/\/www.accidentdutravail-idf.net\/blog\/savoie-blesses-circonstances-enquete-les-premiers-elements-apres-laccident-du-telepherique-a-val-thorens\/#primaryimage"},"image":{"@id":"https:\/\/www.accidentdutravail-idf.net\/blog\/savoie-blesses-circonstances-enquete-les-premiers-elements-apres-laccident-du-telepherique-a-val-thorens\/#primaryimage"},"thumbnailUrl":"https:\/\/www.accidentdutravail-idf.net\/blog\/wp-content\/uploads\/2024\/11\/savoie-blesses-circonstances-enquete-les-premiers-elements-apres-laccident-du-telepherique-a-val-thorens.jpg","datePublished":"2024-11-20T12:51:00+00:00","description":"Savoie Bless\u00e9s, circonstances, enqu\u00eate : les premiers \u00e9l\u00e9ments apr\u00e8s l'accident du t\u00e9l\u00e9ph\u00e9rique \u00e0 Val Thorens article de ACCIDENTDUTRAVAIL-IDF","breadcrumb":{"@id":"https:\/\/www.accidentdutravail-idf.net\/blog\/savoie-blesses-circonstances-enquete-les-premiers-elements-apres-laccident-du-telepherique-a-val-thorens\/#breadcrumb"},"inLanguage":"fr-FR","potentialAction":[{"@type":"ReadAction","target":["https:\/\/www.accidentdutravail-idf.net\/blog\/savoie-blesses-circonstances-enquete-les-premiers-elements-apres-laccident-du-telepherique-a-val-thorens\/"]}]},{"@type":"ImageObject","inLanguage":"fr-FR","@id":"https:\/\/www.accidentdutravail-idf.net\/blog\/savoie-blesses-circonstances-enquete-les-premiers-elements-apres-laccident-du-telepherique-a-val-thorens\/#primaryimage","url":"https:\/\/www.accidentdutravail-idf.net\/blog\/wp-content\/uploads\/2024\/11\/savoie-blesses-circonstances-enquete-les-premiers-elements-apres-laccident-du-telepherique-a-val-thorens.jpg","contentUrl":"https:\/\/www.accidentdutravail-idf.net\/blog\/wp-content\/uploads\/2024\/11\/savoie-blesses-circonstances-enquete-les-premiers-elements-apres-laccident-du-telepherique-a-val-thorens.jpg"},{"@type":"BreadcrumbList","@id":"https:\/\/www.accidentdutravail-idf.net\/blog\/savoie-blesses-circonstances-enquete-les-premiers-elements-apres-laccident-du-telepherique-a-val-thorens\/#breadcrumb","itemListElement":[{"@type":"ListItem","position":1,"name":"Accueil","item":"https:\/\/www.accidentdutravail-idf.net\/blog\/"},{"@type":"ListItem","position":2,"name":"Savoie Bless\u00e9s, circonstances, enqu\u00eate : les premiers \u00e9l\u00e9ments apr\u00e8s l&rsquo;accident du t\u00e9l\u00e9ph\u00e9rique \u00e0 Val Thorens"}]},{"@type":"WebSite","@id":"https:\/\/www.accidentdutravail-idf.net\/blog\/#website","url":"https:\/\/www.accidentdutravail-idf.net\/blog\/","name":"ACCIDENTDUTRAVAIL-IDF","description":"Portail accidents du travail-maladies professionnelles des entreprises d&#039;Ile-de-France","publisher":{"@id":"https:\/\/www.accidentdutravail-idf.net\/blog\/#organization"},"potentialAction":[{"@type":"SearchAction","target":{"@type":"EntryPoint","urlTemplate":"https:\/\/www.accidentdutravail-idf.net\/blog\/?s={search_term_string}"},"query-input":{"@type":"PropertyValueSpecification","valueRequired":true,"valueName":"search_term_string"}}],"inLanguage":"fr-FR"},{"@type":"Organization","@id":"https:\/\/www.accidentdutravail-idf.net\/blog\/#organization","name":"accidentdutravail-idf","url":"https:\/\/www.accidentdutravail-idf.net\/blog\/","logo":{"@type":"ImageObject","inLanguage":"fr-FR","@id":"https:\/\/www.accidentdutravail-idf.net\/blog\/#\/schema\/logo\/image\/","url":"https:\/\/www.accidentdutravail-idf.net\/blog\/wp-content\/uploads\/2022\/09\/logo-2.png","contentUrl":"https:\/\/www.accidentdutravail-idf.net\/blog\/wp-content\/uploads\/2022\/09\/logo-2.png","width":380,"height":291,"caption":"accidentdutravail-idf"},"image":{"@id":"https:\/\/www.accidentdutravail-idf.net\/blog\/#\/schema\/logo\/image\/"}},{"@type":"Person","@id":"https:\/\/www.accidentdutravail-idf.net\/blog\/#\/schema\/person\/3255d2f970de45e64bd9201f38e7b947","name":"Carlos Poulain","image":{"@type":"ImageObject","inLanguage":"fr-FR","@id":"https:\/\/secure.gravatar.com\/avatar\/b1c2f9d3588e34e91adb093635df64ef4b2381991216be7576466cfcdca4baf3?s=96&d=mm&r=g","url":"https:\/\/secure.gravatar.com\/avatar\/b1c2f9d3588e34e91adb093635df64ef4b2381991216be7576466cfcdca4baf3?s=96&d=mm&r=g","contentUrl":"https:\/\/secure.gravatar.com\/avatar\/b1c2f9d3588e34e91adb093635df64ef4b2381991216be7576466cfcdca4baf3?s=96&d=mm&r=g","caption":"Carlos Poulain"},"url":"https:\/\/www.accidentdutravail-idf.net\/blog\/author\/idfcarlos\/"}]}},"_links":{"self":[{"href":"https:\/\/www.accidentdutravail-idf.net\/blog\/wp-json\/wp\/v2\/posts\/1023","targetHints":{"allow":["GET"]}}],"collection":[{"href":"https:\/\/www.accidentdutravail-idf.net\/blog\/wp-json\/wp\/v2\/posts"}],"about":[{"href":"https:\/\/www.accidentdutravail-idf.net\/blog\/wp-json\/wp\/v2\/types\/post"}],"author":[{"embeddable":true,"href":"https:\/\/www.accidentdutravail-idf.net\/blog\/wp-json\/wp\/v2\/users\/2"}],"replies":[{"embeddable":true,"href":"https:\/\/www.accidentdutravail-idf.net\/blog\/wp-json\/wp\/v2\/comments?post=1023"}],"version-history":[{"count":0,"href":"https:\/\/www.accidentdutravail-idf.net\/blog\/wp-json\/wp\/v2\/posts\/1023\/revisions"}],"wp:attachment":[{"href":"https:\/\/www.accidentdutravail-idf.net\/blog\/wp-json\/wp\/v2\/media?parent=1023"}],"wp:term":[{"taxonomy":"category","embeddable":true,"href":"https:\/\/www.accidentdutravail-idf.net\/blog\/wp-json\/wp\/v2\/categories?post=1023"},{"taxonomy":"post_tag","embeddable":true,"href":"https:\/\/www.accidentdutravail-idf.net\/blog\/wp-json\/wp\/v2\/tags?post=1023"}],"curies":[{"name":"wp","href":"https:\/\/api.w.org\/{rel}","templated":true}]}}