{"id":1022,"date":"2024-11-19T03:37:00","date_gmt":"2024-11-19T02:37:00","guid":{"rendered":"https:\/\/www.accidentdutravail-idf.net\/blog\/val-thorens-six-blesses-dont-deux-graves-dans-un-accident-de-telepherique-sur-un-chantier\/"},"modified":"2024-11-19T03:37:00","modified_gmt":"2024-11-19T02:37:00","slug":"val-thorens-six-blesses-dont-deux-graves-dans-un-accident-de-telepherique-sur-un-chantier","status":"publish","type":"post","link":"https:\/\/www.accidentdutravail-idf.net\/blog\/val-thorens-six-blesses-dont-deux-graves-dans-un-accident-de-telepherique-sur-un-chantier\/","title":{"rendered":"Val Thorens: six bless\u00e9s dont deux graves dans un accident de t\u00e9l\u00e9ph\u00e9rique sur un chantier"},"content":{"rendered":"<figure class=\"caas-figure\">\n<div class=\"caas-figure-with-pb\">\n<div>\n<div class=\"caas-img-container caas-img-loader\"><img class=\"caas-img caas-lazy has-preview\" data-src=\"https:\/\/www.accidentdutravail-idf.net\/blog\/wp-content\/uploads\/2024\/11\/val-thorens-six-blesses-dont-deux-graves-dans-un-accident-de-telepherique-sur-un-chantier.jpg\"><img decoding=\"async\" src=\"https:\/\/www.accidentdutravail-idf.net\/blog\/wp-content\/uploads\/2024\/11\/val-thorens-six-blesses-dont-deux-graves-dans-un-accident-de-telepherique-sur-un-chantier.jpg\" class=\"caas-img\"><\/div>\n<\/div>\n<\/div>\n<\/figure>\n<p>Un grave accident du travail s&rsquo;est produit ce mardi 19 novembre aux alentours de 7h30 dans la <a data-i13n=\"cpos:1;pos:1\" href=\"https:\/\/www.bfmtv.com\/cote-d-azur\/avec-trois-metres-de-neige-en-haut-des-pistes-isola-2000-est-la-station-la-plus-enneigee-de-france_AV-202403120694.html\" rel=\"nofollow noopener\" target=\"_blank\" data-ylk=\"slk:station de Val Thorens;cpos:1;pos:1;elm:context_link;itc:0;sec:content-canvas\" class=\"link \">station de Val Thorens<\/a>, en Savoie, faisant plusieurs bless\u00e9s.<\/p>\n<p>Dans des \u00ab\u00a0conditions m\u00e9t\u00e9orologiques sur place tr\u00e8s difficiles \u00e0 plus de 3000 m\u00e8tres\u00a0\u00bb, \u00ab\u00a0une cabine du t\u00e9l\u00e9ph\u00e9rique Cime Caron qui \u00e9tait utilis\u00e9e dans le cadre d\u2019un chantier en cours et transportant 16 ouvriers, a heurt\u00e9 la gare d&rsquo;arriv\u00e9e\u00a0\u00bb, indique la pr\u00e9fecture dans un communiqu\u00e9.<\/p>\n<p>L&rsquo;accident a fait six bless\u00e9s, dont deux graves, sans que leur pronostic vital soit engag\u00e9.<\/p>\n<h3 class=\"caas-jump-link-heading\" id=\"victimes-en-cours-devacuation\">Victimes en cours d&rsquo;\u00e9vacuation<\/h3>\n<p>\u00ab\u00a0L&rsquo;ensemble des victimes et personnes impliqu\u00e9es est en cours d&rsquo;\u00e9vacuation par la t\u00e9l\u00e9cabine Orelle-Caron\u00a0\u00bb, poursuit le communiqu\u00e9.<\/p>\n<p>\u00ab\u00a0Le Pr\u00e9fet de la Savoie a activ\u00e9 sa cellule de gestion de crise, le centre op\u00e9rationnel d\u00e9partemental, et le plan nombreuses victimes (NOVI), afin de coordonner les services de secours, en lien avec les maires des communes concern\u00e9es\u00a0\u00bb, poursuit le communiqu\u00e9.<\/p>\n<p>Le service d\u00e9partemental d&rsquo;incendie et de secours, le SAMU de la Savoie, les pisteurs secouristes de la station, la CRS Alpes et le peloton de gendarmerie de haute montagne (PGHM) sont mobilis\u00e9s sur place.<\/p>\n<p><a data-i13n=\"cpos:2;pos:1\" href=\"https:\/\/www.bfmtv.com\/police-justice\/val-thorens-six-blesses-dont-deux-graves-dans-un-accident-de-telepherique-sur-un-chantier_AN-202411190432.html#xtor=AL-68\" rel=\"nofollow noopener\" target=\"_blank\" data-ylk=\"slk:Article original publi\u00e9 sur BFMTV.com;cpos:2;pos:1;elm:context_link;itc:0;sec:content-canvas\" class=\"link \">Article original publi\u00e9 sur BFMTV.com<\/a><\/p>\n<p>accidentdutravail-idf.net vous a pr\u00e9par\u00e9 ce post qui informe du sujet \u00ab\u00a0Association Sportive Huisson-Longueville Essonne\u00a0\u00bb. La chronique se veut g\u00e9n\u00e9r\u00e9e du mieux possible. Vous pouvez utiliser les coordonn\u00e9es indiqu\u00e9es sur le site dans le but d\u2019apporter des explications sur ce post qui parle du th\u00e8me \u00ab\u00a0Association Sportive Huisson-Longueville Essonne\u00a0\u00bb. Le site accidentdutravail-idf.net a pour but de fournir diverses publications sur la th\u00e9matique Association Sportive Huisson-Longueville Essonne diffus\u00e9es sur le net. Il y aura plusieurs articles autour du sujet \u00ab\u00a0Association Sportive Huisson-Longueville Essonne\u00a0\u00bb dans quelques jours, nous vous invitons \u00e0 naviguer sur notre site web \u00e0 plusieurs reprises.<\/p>\n","protected":false},"excerpt":{"rendered":"<p>Un grave accident du travail s&rsquo;est produit ce mardi 19 novembre aux alentours de 7h30 dans la station de Val Thorens, en Savoie, faisant plusieurs bless\u00e9s. Dans des \u00ab\u00a0conditions m\u00e9t\u00e9orologiques sur place tr\u00e8s difficiles \u00e0 plus de 3000 m\u00e8tres\u00a0\u00bb, \u00ab\u00a0une cabine du t\u00e9l\u00e9ph\u00e9rique Cime Caron qui \u00e9tait utilis\u00e9e dans le cadre d\u2019un chantier en cours &hellip; <\/p>\n<p class=\"link-more\"><a href=\"https:\/\/www.accidentdutravail-idf.net\/blog\/val-thorens-six-blesses-dont-deux-graves-dans-un-accident-de-telepherique-sur-un-chantier\/\" class=\"more-link\">Continuer la lecture <span class=\"screen-reader-text\"> \u00ab\u00a0Val Thorens: six bless\u00e9s dont deux graves dans un accident de t\u00e9l\u00e9ph\u00e9rique sur un chantier\u00a0\u00bb<\/span><\/a><\/p>\n","protected":false},"author":2,"featured_media":0,"comment_status":"closed","ping_status":"closed","sticky":false,"template":"","format":"standard","meta":{"footnotes":""},"categories":[5],"tags":[],"class_list":["post-1022","post","type-post","status-publish","format-standard","hentry","category-securite-du-travail-en-ile-de-france-et-divers","entry"],"yoast_head":"<!-- This site is optimized with the Yoast SEO plugin v27.5 - https:\/\/yoast.com\/product\/yoast-seo-wordpress\/ -->\n<title>Val Thorens: six bless\u00e9s dont deux graves dans un accident de t\u00e9l\u00e9ph\u00e9rique sur un chantier - ACCIDENTDUTRAVAIL-IDF<\/title>\n<meta name=\"description\" content=\"Val Thorens: six bless\u00e9s dont deux graves dans un accident de t\u00e9l\u00e9ph\u00e9rique sur un chantier article de ACCIDENTDUTRAVAIL-IDF\" \/>\n<meta name=\"robots\" content=\"index, follow, max-snippet:-1, max-image-preview:large, max-video-preview:-1\" \/>\n<link rel=\"canonical\" href=\"https:\/\/www.accidentdutravail-idf.net\/blog\/val-thorens-six-blesses-dont-deux-graves-dans-un-accident-de-telepherique-sur-un-chantier\/\" \/>\n<meta property=\"og:locale\" content=\"fr_FR\" \/>\n<meta property=\"og:type\" content=\"article\" \/>\n<meta property=\"og:title\" content=\"Val Thorens: six bless\u00e9s dont deux graves dans un accident de t\u00e9l\u00e9ph\u00e9rique sur un chantier - ACCIDENTDUTRAVAIL-IDF\" \/>\n<meta property=\"og:description\" content=\"Val Thorens: six bless\u00e9s dont deux graves dans un accident de t\u00e9l\u00e9ph\u00e9rique sur un chantier article de ACCIDENTDUTRAVAIL-IDF\" \/>\n<meta property=\"og:url\" content=\"https:\/\/www.accidentdutravail-idf.net\/blog\/val-thorens-six-blesses-dont-deux-graves-dans-un-accident-de-telepherique-sur-un-chantier\/\" \/>\n<meta property=\"og:site_name\" content=\"ACCIDENTDUTRAVAIL-IDF\" \/>\n<meta property=\"article:published_time\" content=\"2024-11-19T02:37:00+00:00\" \/>\n<meta property=\"og:image\" content=\"https:\/\/www.accidentdutravail-idf.net\/blog\/wp-content\/uploads\/2024\/11\/val-thorens-six-blesses-dont-deux-graves-dans-un-accident-de-telepherique-sur-un-chantier.jpg\" \/>\n<meta name=\"author\" content=\"Carlos Poulain\" \/>\n<meta name=\"twitter:card\" content=\"summary_large_image\" \/>\n<meta name=\"twitter:label1\" content=\"\u00c9crit par\" \/>\n\t<meta name=\"twitter:data1\" content=\"Carlos Poulain\" \/>\n\t<meta name=\"twitter:label2\" content=\"Dur\u00e9e de lecture estim\u00e9e\" \/>\n\t<meta name=\"twitter:data2\" content=\"2 minutes\" \/>\n<script type=\"application\/ld+json\" class=\"yoast-schema-graph\">{\"@context\":\"https:\\\/\\\/schema.org\",\"@graph\":[{\"@type\":\"Article\",\"@id\":\"https:\\\/\\\/www.accidentdutravail-idf.net\\\/blog\\\/val-thorens-six-blesses-dont-deux-graves-dans-un-accident-de-telepherique-sur-un-chantier\\\/#article\",\"isPartOf\":{\"@id\":\"https:\\\/\\\/www.accidentdutravail-idf.net\\\/blog\\\/val-thorens-six-blesses-dont-deux-graves-dans-un-accident-de-telepherique-sur-un-chantier\\\/\"},\"author\":{\"name\":\"Carlos Poulain\",\"@id\":\"https:\\\/\\\/www.accidentdutravail-idf.net\\\/blog\\\/#\\\/schema\\\/person\\\/3255d2f970de45e64bd9201f38e7b947\"},\"headline\":\"Val Thorens: six bless\u00e9s dont deux graves dans un accident de t\u00e9l\u00e9ph\u00e9rique sur un chantier\",\"datePublished\":\"2024-11-19T02:37:00+00:00\",\"mainEntityOfPage\":{\"@id\":\"https:\\\/\\\/www.accidentdutravail-idf.net\\\/blog\\\/val-thorens-six-blesses-dont-deux-graves-dans-un-accident-de-telepherique-sur-un-chantier\\\/\"},\"wordCount\":332,\"publisher\":{\"@id\":\"https:\\\/\\\/www.accidentdutravail-idf.net\\\/blog\\\/#organization\"},\"image\":{\"@id\":\"https:\\\/\\\/www.accidentdutravail-idf.net\\\/blog\\\/val-thorens-six-blesses-dont-deux-graves-dans-un-accident-de-telepherique-sur-un-chantier\\\/#primaryimage\"},\"thumbnailUrl\":\"https:\\\/\\\/www.accidentdutravail-idf.net\\\/blog\\\/wp-content\\\/uploads\\\/2024\\\/11\\\/val-thorens-six-blesses-dont-deux-graves-dans-un-accident-de-telepherique-sur-un-chantier.jpg\",\"articleSection\":[\"S\u00e9curit\u00e9 Du Travail En Ile-De-France Et Divers:\"],\"inLanguage\":\"fr-FR\"},{\"@type\":\"WebPage\",\"@id\":\"https:\\\/\\\/www.accidentdutravail-idf.net\\\/blog\\\/val-thorens-six-blesses-dont-deux-graves-dans-un-accident-de-telepherique-sur-un-chantier\\\/\",\"url\":\"https:\\\/\\\/www.accidentdutravail-idf.net\\\/blog\\\/val-thorens-six-blesses-dont-deux-graves-dans-un-accident-de-telepherique-sur-un-chantier\\\/\",\"name\":\"Val Thorens: six bless\u00e9s dont deux graves dans un accident de t\u00e9l\u00e9ph\u00e9rique sur un chantier - ACCIDENTDUTRAVAIL-IDF\",\"isPartOf\":{\"@id\":\"https:\\\/\\\/www.accidentdutravail-idf.net\\\/blog\\\/#website\"},\"primaryImageOfPage\":{\"@id\":\"https:\\\/\\\/www.accidentdutravail-idf.net\\\/blog\\\/val-thorens-six-blesses-dont-deux-graves-dans-un-accident-de-telepherique-sur-un-chantier\\\/#primaryimage\"},\"image\":{\"@id\":\"https:\\\/\\\/www.accidentdutravail-idf.net\\\/blog\\\/val-thorens-six-blesses-dont-deux-graves-dans-un-accident-de-telepherique-sur-un-chantier\\\/#primaryimage\"},\"thumbnailUrl\":\"https:\\\/\\\/www.accidentdutravail-idf.net\\\/blog\\\/wp-content\\\/uploads\\\/2024\\\/11\\\/val-thorens-six-blesses-dont-deux-graves-dans-un-accident-de-telepherique-sur-un-chantier.jpg\",\"datePublished\":\"2024-11-19T02:37:00+00:00\",\"description\":\"Val Thorens: six bless\u00e9s dont deux graves dans un accident de t\u00e9l\u00e9ph\u00e9rique sur un chantier article de ACCIDENTDUTRAVAIL-IDF\",\"breadcrumb\":{\"@id\":\"https:\\\/\\\/www.accidentdutravail-idf.net\\\/blog\\\/val-thorens-six-blesses-dont-deux-graves-dans-un-accident-de-telepherique-sur-un-chantier\\\/#breadcrumb\"},\"inLanguage\":\"fr-FR\",\"potentialAction\":[{\"@type\":\"ReadAction\",\"target\":[\"https:\\\/\\\/www.accidentdutravail-idf.net\\\/blog\\\/val-thorens-six-blesses-dont-deux-graves-dans-un-accident-de-telepherique-sur-un-chantier\\\/\"]}]},{\"@type\":\"ImageObject\",\"inLanguage\":\"fr-FR\",\"@id\":\"https:\\\/\\\/www.accidentdutravail-idf.net\\\/blog\\\/val-thorens-six-blesses-dont-deux-graves-dans-un-accident-de-telepherique-sur-un-chantier\\\/#primaryimage\",\"url\":\"https:\\\/\\\/www.accidentdutravail-idf.net\\\/blog\\\/wp-content\\\/uploads\\\/2024\\\/11\\\/val-thorens-six-blesses-dont-deux-graves-dans-un-accident-de-telepherique-sur-un-chantier.jpg\",\"contentUrl\":\"https:\\\/\\\/www.accidentdutravail-idf.net\\\/blog\\\/wp-content\\\/uploads\\\/2024\\\/11\\\/val-thorens-six-blesses-dont-deux-graves-dans-un-accident-de-telepherique-sur-un-chantier.jpg\"},{\"@type\":\"BreadcrumbList\",\"@id\":\"https:\\\/\\\/www.accidentdutravail-idf.net\\\/blog\\\/val-thorens-six-blesses-dont-deux-graves-dans-un-accident-de-telepherique-sur-un-chantier\\\/#breadcrumb\",\"itemListElement\":[{\"@type\":\"ListItem\",\"position\":1,\"name\":\"Accueil\",\"item\":\"https:\\\/\\\/www.accidentdutravail-idf.net\\\/blog\\\/\"},{\"@type\":\"ListItem\",\"position\":2,\"name\":\"Val Thorens: six bless\u00e9s dont deux graves dans un accident de t\u00e9l\u00e9ph\u00e9rique sur un chantier\"}]},{\"@type\":\"WebSite\",\"@id\":\"https:\\\/\\\/www.accidentdutravail-idf.net\\\/blog\\\/#website\",\"url\":\"https:\\\/\\\/www.accidentdutravail-idf.net\\\/blog\\\/\",\"name\":\"ACCIDENTDUTRAVAIL-IDF\",\"description\":\"Portail accidents du travail-maladies professionnelles des entreprises d&#039;Ile-de-France\",\"publisher\":{\"@id\":\"https:\\\/\\\/www.accidentdutravail-idf.net\\\/blog\\\/#organization\"},\"potentialAction\":[{\"@type\":\"SearchAction\",\"target\":{\"@type\":\"EntryPoint\",\"urlTemplate\":\"https:\\\/\\\/www.accidentdutravail-idf.net\\\/blog\\\/?s={search_term_string}\"},\"query-input\":{\"@type\":\"PropertyValueSpecification\",\"valueRequired\":true,\"valueName\":\"search_term_string\"}}],\"inLanguage\":\"fr-FR\"},{\"@type\":\"Organization\",\"@id\":\"https:\\\/\\\/www.accidentdutravail-idf.net\\\/blog\\\/#organization\",\"name\":\"accidentdutravail-idf\",\"url\":\"https:\\\/\\\/www.accidentdutravail-idf.net\\\/blog\\\/\",\"logo\":{\"@type\":\"ImageObject\",\"inLanguage\":\"fr-FR\",\"@id\":\"https:\\\/\\\/www.accidentdutravail-idf.net\\\/blog\\\/#\\\/schema\\\/logo\\\/image\\\/\",\"url\":\"https:\\\/\\\/www.accidentdutravail-idf.net\\\/blog\\\/wp-content\\\/uploads\\\/2022\\\/09\\\/logo-2.png\",\"contentUrl\":\"https:\\\/\\\/www.accidentdutravail-idf.net\\\/blog\\\/wp-content\\\/uploads\\\/2022\\\/09\\\/logo-2.png\",\"width\":380,\"height\":291,\"caption\":\"accidentdutravail-idf\"},\"image\":{\"@id\":\"https:\\\/\\\/www.accidentdutravail-idf.net\\\/blog\\\/#\\\/schema\\\/logo\\\/image\\\/\"}},{\"@type\":\"Person\",\"@id\":\"https:\\\/\\\/www.accidentdutravail-idf.net\\\/blog\\\/#\\\/schema\\\/person\\\/3255d2f970de45e64bd9201f38e7b947\",\"name\":\"Carlos Poulain\",\"image\":{\"@type\":\"ImageObject\",\"inLanguage\":\"fr-FR\",\"@id\":\"https:\\\/\\\/secure.gravatar.com\\\/avatar\\\/b1c2f9d3588e34e91adb093635df64ef4b2381991216be7576466cfcdca4baf3?s=96&d=mm&r=g\",\"url\":\"https:\\\/\\\/secure.gravatar.com\\\/avatar\\\/b1c2f9d3588e34e91adb093635df64ef4b2381991216be7576466cfcdca4baf3?s=96&d=mm&r=g\",\"contentUrl\":\"https:\\\/\\\/secure.gravatar.com\\\/avatar\\\/b1c2f9d3588e34e91adb093635df64ef4b2381991216be7576466cfcdca4baf3?s=96&d=mm&r=g\",\"caption\":\"Carlos Poulain\"},\"url\":\"https:\\\/\\\/www.accidentdutravail-idf.net\\\/blog\\\/author\\\/idfcarlos\\\/\"}]}<\/script>\n<!-- \/ Yoast SEO plugin. -->","yoast_head_json":{"title":"Val Thorens: six bless\u00e9s dont deux graves dans un accident de t\u00e9l\u00e9ph\u00e9rique sur un chantier - ACCIDENTDUTRAVAIL-IDF","description":"Val Thorens: six bless\u00e9s dont deux graves dans un accident de t\u00e9l\u00e9ph\u00e9rique sur un chantier article de ACCIDENTDUTRAVAIL-IDF","robots":{"index":"index","follow":"follow","max-snippet":"max-snippet:-1","max-image-preview":"max-image-preview:large","max-video-preview":"max-video-preview:-1"},"canonical":"https:\/\/www.accidentdutravail-idf.net\/blog\/val-thorens-six-blesses-dont-deux-graves-dans-un-accident-de-telepherique-sur-un-chantier\/","og_locale":"fr_FR","og_type":"article","og_title":"Val Thorens: six bless\u00e9s dont deux graves dans un accident de t\u00e9l\u00e9ph\u00e9rique sur un chantier - ACCIDENTDUTRAVAIL-IDF","og_description":"Val Thorens: six bless\u00e9s dont deux graves dans un accident de t\u00e9l\u00e9ph\u00e9rique sur un chantier article de ACCIDENTDUTRAVAIL-IDF","og_url":"https:\/\/www.accidentdutravail-idf.net\/blog\/val-thorens-six-blesses-dont-deux-graves-dans-un-accident-de-telepherique-sur-un-chantier\/","og_site_name":"ACCIDENTDUTRAVAIL-IDF","article_published_time":"2024-11-19T02:37:00+00:00","og_image":[{"url":"https:\/\/www.accidentdutravail-idf.net\/blog\/wp-content\/uploads\/2024\/11\/val-thorens-six-blesses-dont-deux-graves-dans-un-accident-de-telepherique-sur-un-chantier.jpg","type":"","width":"","height":""}],"author":"Carlos Poulain","twitter_card":"summary_large_image","twitter_misc":{"\u00c9crit par":"Carlos Poulain","Dur\u00e9e de lecture estim\u00e9e":"2 minutes"},"schema":{"@context":"https:\/\/schema.org","@graph":[{"@type":"Article","@id":"https:\/\/www.accidentdutravail-idf.net\/blog\/val-thorens-six-blesses-dont-deux-graves-dans-un-accident-de-telepherique-sur-un-chantier\/#article","isPartOf":{"@id":"https:\/\/www.accidentdutravail-idf.net\/blog\/val-thorens-six-blesses-dont-deux-graves-dans-un-accident-de-telepherique-sur-un-chantier\/"},"author":{"name":"Carlos Poulain","@id":"https:\/\/www.accidentdutravail-idf.net\/blog\/#\/schema\/person\/3255d2f970de45e64bd9201f38e7b947"},"headline":"Val Thorens: six bless\u00e9s dont deux graves dans un accident de t\u00e9l\u00e9ph\u00e9rique sur un chantier","datePublished":"2024-11-19T02:37:00+00:00","mainEntityOfPage":{"@id":"https:\/\/www.accidentdutravail-idf.net\/blog\/val-thorens-six-blesses-dont-deux-graves-dans-un-accident-de-telepherique-sur-un-chantier\/"},"wordCount":332,"publisher":{"@id":"https:\/\/www.accidentdutravail-idf.net\/blog\/#organization"},"image":{"@id":"https:\/\/www.accidentdutravail-idf.net\/blog\/val-thorens-six-blesses-dont-deux-graves-dans-un-accident-de-telepherique-sur-un-chantier\/#primaryimage"},"thumbnailUrl":"https:\/\/www.accidentdutravail-idf.net\/blog\/wp-content\/uploads\/2024\/11\/val-thorens-six-blesses-dont-deux-graves-dans-un-accident-de-telepherique-sur-un-chantier.jpg","articleSection":["S\u00e9curit\u00e9 Du Travail En Ile-De-France Et Divers:"],"inLanguage":"fr-FR"},{"@type":"WebPage","@id":"https:\/\/www.accidentdutravail-idf.net\/blog\/val-thorens-six-blesses-dont-deux-graves-dans-un-accident-de-telepherique-sur-un-chantier\/","url":"https:\/\/www.accidentdutravail-idf.net\/blog\/val-thorens-six-blesses-dont-deux-graves-dans-un-accident-de-telepherique-sur-un-chantier\/","name":"Val Thorens: six bless\u00e9s dont deux graves dans un accident de t\u00e9l\u00e9ph\u00e9rique sur un chantier - ACCIDENTDUTRAVAIL-IDF","isPartOf":{"@id":"https:\/\/www.accidentdutravail-idf.net\/blog\/#website"},"primaryImageOfPage":{"@id":"https:\/\/www.accidentdutravail-idf.net\/blog\/val-thorens-six-blesses-dont-deux-graves-dans-un-accident-de-telepherique-sur-un-chantier\/#primaryimage"},"image":{"@id":"https:\/\/www.accidentdutravail-idf.net\/blog\/val-thorens-six-blesses-dont-deux-graves-dans-un-accident-de-telepherique-sur-un-chantier\/#primaryimage"},"thumbnailUrl":"https:\/\/www.accidentdutravail-idf.net\/blog\/wp-content\/uploads\/2024\/11\/val-thorens-six-blesses-dont-deux-graves-dans-un-accident-de-telepherique-sur-un-chantier.jpg","datePublished":"2024-11-19T02:37:00+00:00","description":"Val Thorens: six bless\u00e9s dont deux graves dans un accident de t\u00e9l\u00e9ph\u00e9rique sur un chantier article de ACCIDENTDUTRAVAIL-IDF","breadcrumb":{"@id":"https:\/\/www.accidentdutravail-idf.net\/blog\/val-thorens-six-blesses-dont-deux-graves-dans-un-accident-de-telepherique-sur-un-chantier\/#breadcrumb"},"inLanguage":"fr-FR","potentialAction":[{"@type":"ReadAction","target":["https:\/\/www.accidentdutravail-idf.net\/blog\/val-thorens-six-blesses-dont-deux-graves-dans-un-accident-de-telepherique-sur-un-chantier\/"]}]},{"@type":"ImageObject","inLanguage":"fr-FR","@id":"https:\/\/www.accidentdutravail-idf.net\/blog\/val-thorens-six-blesses-dont-deux-graves-dans-un-accident-de-telepherique-sur-un-chantier\/#primaryimage","url":"https:\/\/www.accidentdutravail-idf.net\/blog\/wp-content\/uploads\/2024\/11\/val-thorens-six-blesses-dont-deux-graves-dans-un-accident-de-telepherique-sur-un-chantier.jpg","contentUrl":"https:\/\/www.accidentdutravail-idf.net\/blog\/wp-content\/uploads\/2024\/11\/val-thorens-six-blesses-dont-deux-graves-dans-un-accident-de-telepherique-sur-un-chantier.jpg"},{"@type":"BreadcrumbList","@id":"https:\/\/www.accidentdutravail-idf.net\/blog\/val-thorens-six-blesses-dont-deux-graves-dans-un-accident-de-telepherique-sur-un-chantier\/#breadcrumb","itemListElement":[{"@type":"ListItem","position":1,"name":"Accueil","item":"https:\/\/www.accidentdutravail-idf.net\/blog\/"},{"@type":"ListItem","position":2,"name":"Val Thorens: six bless\u00e9s dont deux graves dans un accident de t\u00e9l\u00e9ph\u00e9rique sur un chantier"}]},{"@type":"WebSite","@id":"https:\/\/www.accidentdutravail-idf.net\/blog\/#website","url":"https:\/\/www.accidentdutravail-idf.net\/blog\/","name":"ACCIDENTDUTRAVAIL-IDF","description":"Portail accidents du travail-maladies professionnelles des entreprises d&#039;Ile-de-France","publisher":{"@id":"https:\/\/www.accidentdutravail-idf.net\/blog\/#organization"},"potentialAction":[{"@type":"SearchAction","target":{"@type":"EntryPoint","urlTemplate":"https:\/\/www.accidentdutravail-idf.net\/blog\/?s={search_term_string}"},"query-input":{"@type":"PropertyValueSpecification","valueRequired":true,"valueName":"search_term_string"}}],"inLanguage":"fr-FR"},{"@type":"Organization","@id":"https:\/\/www.accidentdutravail-idf.net\/blog\/#organization","name":"accidentdutravail-idf","url":"https:\/\/www.accidentdutravail-idf.net\/blog\/","logo":{"@type":"ImageObject","inLanguage":"fr-FR","@id":"https:\/\/www.accidentdutravail-idf.net\/blog\/#\/schema\/logo\/image\/","url":"https:\/\/www.accidentdutravail-idf.net\/blog\/wp-content\/uploads\/2022\/09\/logo-2.png","contentUrl":"https:\/\/www.accidentdutravail-idf.net\/blog\/wp-content\/uploads\/2022\/09\/logo-2.png","width":380,"height":291,"caption":"accidentdutravail-idf"},"image":{"@id":"https:\/\/www.accidentdutravail-idf.net\/blog\/#\/schema\/logo\/image\/"}},{"@type":"Person","@id":"https:\/\/www.accidentdutravail-idf.net\/blog\/#\/schema\/person\/3255d2f970de45e64bd9201f38e7b947","name":"Carlos Poulain","image":{"@type":"ImageObject","inLanguage":"fr-FR","@id":"https:\/\/secure.gravatar.com\/avatar\/b1c2f9d3588e34e91adb093635df64ef4b2381991216be7576466cfcdca4baf3?s=96&d=mm&r=g","url":"https:\/\/secure.gravatar.com\/avatar\/b1c2f9d3588e34e91adb093635df64ef4b2381991216be7576466cfcdca4baf3?s=96&d=mm&r=g","contentUrl":"https:\/\/secure.gravatar.com\/avatar\/b1c2f9d3588e34e91adb093635df64ef4b2381991216be7576466cfcdca4baf3?s=96&d=mm&r=g","caption":"Carlos Poulain"},"url":"https:\/\/www.accidentdutravail-idf.net\/blog\/author\/idfcarlos\/"}]}},"_links":{"self":[{"href":"https:\/\/www.accidentdutravail-idf.net\/blog\/wp-json\/wp\/v2\/posts\/1022","targetHints":{"allow":["GET"]}}],"collection":[{"href":"https:\/\/www.accidentdutravail-idf.net\/blog\/wp-json\/wp\/v2\/posts"}],"about":[{"href":"https:\/\/www.accidentdutravail-idf.net\/blog\/wp-json\/wp\/v2\/types\/post"}],"author":[{"embeddable":true,"href":"https:\/\/www.accidentdutravail-idf.net\/blog\/wp-json\/wp\/v2\/users\/2"}],"replies":[{"embeddable":true,"href":"https:\/\/www.accidentdutravail-idf.net\/blog\/wp-json\/wp\/v2\/comments?post=1022"}],"version-history":[{"count":0,"href":"https:\/\/www.accidentdutravail-idf.net\/blog\/wp-json\/wp\/v2\/posts\/1022\/revisions"}],"wp:attachment":[{"href":"https:\/\/www.accidentdutravail-idf.net\/blog\/wp-json\/wp\/v2\/media?parent=1022"}],"wp:term":[{"taxonomy":"category","embeddable":true,"href":"https:\/\/www.accidentdutravail-idf.net\/blog\/wp-json\/wp\/v2\/categories?post=1022"},{"taxonomy":"post_tag","embeddable":true,"href":"https:\/\/www.accidentdutravail-idf.net\/blog\/wp-json\/wp\/v2\/tags?post=1022"}],"curies":[{"name":"wp","href":"https:\/\/api.w.org\/{rel}","templated":true}]}}