{"id":1018,"date":"2024-11-19T08:20:00","date_gmt":"2024-11-19T07:20:00","guid":{"rendered":"https:\/\/www.accidentdutravail-idf.net\/blog\/reconnaissance-dun-accident-du-travail-lorsquune-salariee-se-met-a-pleurer-a-lissue-dun-entretien-disciplinaire\/"},"modified":"2024-11-19T08:20:00","modified_gmt":"2024-11-19T07:20:00","slug":"reconnaissance-dun-accident-du-travail-lorsquune-salariee-se-met-a-pleurer-a-lissue-dun-entretien-disciplinaire","status":"publish","type":"post","link":"https:\/\/www.accidentdutravail-idf.net\/blog\/reconnaissance-dun-accident-du-travail-lorsquune-salariee-se-met-a-pleurer-a-lissue-dun-entretien-disciplinaire\/","title":{"rendered":"Reconnaissance d\u2019un accident du travail : lorsqu\u2019une salari\u00e9e se met \u00e0 pleurer \u00e0 l\u2019issue d\u2019un entretien disciplinaire"},"content":{"rendered":"<div><img decoding=\"async\" src=\"https:\/\/www.accidentdutravail-idf.net\/blog\/wp-content\/uploads\/2024\/11\/reconnaissance-dun-accident-du-travail-lorsquune-salariee-se-met-a-pleurer-a-lissue-dun-entretien-disciplinaire.jpg\" class=\"ff-og-image-inserted\"><\/div>\n<div>\n<p>Ces derni\u00e8res ann\u00e9es, les d\u00e9clarations d\u2019accident de travail pour choc \u00e9motionnel ont explos\u00e9, tout comme les d\u00e9clarations de maladies professionnelles psychiques.&nbsp;<\/p>\n<p>Si la jurisprudence a g\u00e9n\u00e9ralement tendance \u00e0 favoriser les salari\u00e9s, notamment en mati\u00e8re de risques professionnels, on notera que les juges du fond adoptent sur cette th\u00e9matique une position plut\u00f4t objective et l\u00e9gitime.<\/p>\n<p>Comme le rappelle la cour d\u2019appel de Paris dans une d\u00e9cision du 4 octobre, la r\u00e9union de trois \u00e9l\u00e9ments est n\u00e9cessaire pour caract\u00e9riser un accident du travail&nbsp;:<\/p>\n<ol>\n<li>un <strong>fait accidentel<\/strong> dat\u00e9 de mani\u00e8re certaine&nbsp;;<\/li>\n<li>une <strong>l\u00e9sion corporelle<\/strong>, physique ou psychique ;<\/li>\n<li>un <strong>lien avec le travail<\/strong>, c&rsquo;est-\u00e0-dire que le fait accidentel doit survenir par le fait ou \u00e0 l&rsquo;occasion du travail.<\/li>\n<\/ol>\n<p>Evidemment, cette d\u00e9finition suppose, pour jouer, que le salari\u00e9 soit sous la subordination de son employeur au moment des faits.<\/p>\n<p>Si ces conditions sont r\u00e9unies, alors l\u2019accident est pr\u00e9sum\u00e9 \u00eatre un accident du travail. Mais encore faut-il qu\u2019elles soient effectivement r\u00e9unies&nbsp;!&nbsp;<\/p>\n<\/div>\n<div>\n<p>La question dans l\u2019affaire soumise \u00e0 la cour d\u2019appel reposait sur l\u2019existence, ou non, d\u2019un fait accidentel pr\u00e9cis ayant conduit \u00e0 une l\u00e9sion corporelle.&nbsp;<\/p>\n<p>En l\u2019esp\u00e8ce, s\u2019il n\u2019y avait aucun doute sur le fait que la salari\u00e9e s\u2019\u00e9tait mise \u00e0 pleurer et \u00e0 trembler au sortir d\u2019un entretien disciplinaire avec sa direction, t\u00e9moignages \u00e0 l\u2019appui, la survenance d\u2019un accident et l\u2019existence d\u2019une l\u00e9sion restaient quant \u00e0 elles \u00e0 d\u00e9terminer.<\/p>\n<p>Les juges d\u2019appels ont alors retenu qu\u2019aucune l\u00e9sion n\u2019\u00e9tait \u00e9tablie, <i>a fortiori<\/i> dans la mesure o\u00f9 la salari\u00e9e \u00e9tait repartie seule au volant de sa voiture. Cet \u00e9tat de fait \u00e9tait, \u00e0 lui seul, de nature \u00e0 infirmer l\u2019existence d\u2019une r\u00e9elle l\u00e9sion, rel\u00e9guant ainsi les pleurs \u00e0 une simple manifestation&nbsp;\u00e9motionnelle.<\/p>\n<p>Par ailleurs, la cour d\u2019appel en a profit\u00e9 pour rappeler le principe selon lequel&nbsp;:<\/p>\n<ul>\n<li>l\u2019exercice du pouvoir de direction de l\u2019employeur ne saurait constituer, en lui-m\u00eame, un \u00e9v\u00e8nement soudain susceptible de caract\u00e9riser un accident du travail&nbsp;;<\/li>\n<li>nonobstant le ressenti du salari\u00e9.<\/li>\n<\/ul>\n<p>En effet, \u00e0 partir du moment o\u00f9 l\u2019entretien disciplinaire s\u2019est d\u00e9roul\u00e9 dans de bonnes conditions, qu\u2019\u00e0 aucun moment il n\u2019a \u00e9t\u00e9 rapport\u00e9 de propos blessant ou humiliant, de ton agressif ou de geste mena\u00e7ant, la seule tenue de cet entretien ne saurait constituer un accident de travail.&nbsp;<\/p>\n<p>De surcro\u00eet, lors de l\u2019instruction de l\u2019accident par la CPAM, la salari\u00e9e avait fait part d\u2019autres agissements et \u00e9v\u00e8nements professionnels ayant pu conduire \u00e0 sa souffrance au travail, excluant de fait, la survenance d\u2019un seul fait accidentel pr\u00e9cis et soudain.<\/p>\n<p>C\u2019est donc en toute logique que la cour d\u2019appel a confirm\u00e9 la position du premier juge estimant que les conditions n\u00e9cessaires \u00e0 la caract\u00e9risation d\u2019un accident n\u2019\u00e9taient pas remplies dans cette affaire.<\/p>\n<p>L\u2019employeur peut donc se rassurer&nbsp;: la mont\u00e9e en fl\u00e8che des d\u00e9clarations de l\u00e9sions psychologiques au travail ne doit aucunement constituer un frein dans l\u2019exercice normal et l\u00e9gitime de son pouvoir disciplinaire.<\/p>\n<p>Reste \u00e0 esp\u00e9rer que la Cour de cassation, dans le cadre d\u2019un \u00e9ventuel pourvoi, ne vienne pas bouleverser cette position acquise et partag\u00e9e par de nombreuses cours d\u2019appel. Gardons en m\u00e9moire l\u2019arr\u00eat du 1er juin 2023 (pourvoi n\u00b0 21-17.804) dans lequel un salari\u00e9 qui avait mis en sc\u00e8ne une tentative de suicide suite \u00e0 un licenciement justifi\u00e9, avait vu son acte qualifi\u00e9 d\u2019accident de travail. M\u00eame s\u2019il est \u00e9vident que dans ce cas pr\u00e9cis, il existait un acte pr\u00e9cis et des l\u00e9sions importantes.<\/p>\n<p><i>Cour d\u2019appel de Paris, p\u00f4le 6 &#8211; chambre 12, 4 octobre 2024, n\u00b0 21\/08501 (la convocation \u00e0 un entretien disciplinaire rel\u00e8ve de l&rsquo;exercice du pouvoir de direction de l&#8217;employeur et la mise en \u0153uvre de cette possibilit\u00e9 ne saurait constituer en elle-m\u00eame un \u00e9v\u00e9nement soudain susceptible de caract\u00e9riser un accident relevant de la l\u00e9gislation sur les risques professionnels, nonobstant le ressenti du salari\u00e9)<\/i><\/p>\n<\/div>\n<p>accidentdutravail-idf.net vous a pr\u00e9par\u00e9 ce post qui informe du sujet \u00ab\u00a0Association Sportive Huisson-Longueville Essonne\u00a0\u00bb. La chronique se veut g\u00e9n\u00e9r\u00e9e du mieux possible. Vous pouvez utiliser les coordonn\u00e9es indiqu\u00e9es sur le site dans le but d\u2019apporter des explications sur ce post qui parle du th\u00e8me \u00ab\u00a0Association Sportive Huisson-Longueville Essonne\u00a0\u00bb. Le site accidentdutravail-idf.net a pour but de fournir diverses publications sur la th\u00e9matique Association Sportive Huisson-Longueville Essonne diffus\u00e9es sur le net. Il y aura plusieurs articles autour du sujet \u00ab\u00a0Association Sportive Huisson-Longueville Essonne\u00a0\u00bb dans quelques jours, nous vous invitons \u00e0 naviguer sur notre site web \u00e0 plusieurs reprises.<\/p>\n","protected":false},"excerpt":{"rendered":"<p>Ces derni\u00e8res ann\u00e9es, les d\u00e9clarations d\u2019accident de travail pour choc \u00e9motionnel ont explos\u00e9, tout comme les d\u00e9clarations de maladies professionnelles psychiques.&nbsp; Si la jurisprudence a g\u00e9n\u00e9ralement tendance \u00e0 favoriser les salari\u00e9s, notamment en mati\u00e8re de risques professionnels, on notera que les juges du fond adoptent sur cette th\u00e9matique une position plut\u00f4t objective et l\u00e9gitime. Comme &hellip; <\/p>\n<p class=\"link-more\"><a href=\"https:\/\/www.accidentdutravail-idf.net\/blog\/reconnaissance-dun-accident-du-travail-lorsquune-salariee-se-met-a-pleurer-a-lissue-dun-entretien-disciplinaire\/\" class=\"more-link\">Continuer la lecture <span class=\"screen-reader-text\"> \u00ab\u00a0Reconnaissance d\u2019un accident du travail : lorsqu\u2019une salari\u00e9e se met \u00e0 pleurer \u00e0 l\u2019issue d\u2019un entretien disciplinaire\u00a0\u00bb<\/span><\/a><\/p>\n","protected":false},"author":2,"featured_media":0,"comment_status":"closed","ping_status":"closed","sticky":false,"template":"","format":"standard","meta":{"footnotes":""},"categories":[5],"tags":[],"class_list":["post-1018","post","type-post","status-publish","format-standard","hentry","category-securite-du-travail-en-ile-de-france-et-divers","entry"],"yoast_head":"<!-- This site is optimized with the Yoast SEO plugin v27.5 - https:\/\/yoast.com\/product\/yoast-seo-wordpress\/ -->\n<title>Reconnaissance d\u2019un accident du travail : lorsqu\u2019une salari\u00e9e se met \u00e0 pleurer \u00e0 l\u2019issue d\u2019un entretien disciplinaire - ACCIDENTDUTRAVAIL-IDF<\/title>\n<meta name=\"description\" content=\"Reconnaissance d\u2019un accident du travail : lorsqu\u2019une salari\u00e9e se met \u00e0 pleurer \u00e0 l\u2019issue d\u2019un entretien disciplinaire article de ACCIDENTDUTRAVAIL-IDF\" \/>\n<meta name=\"robots\" content=\"index, follow, max-snippet:-1, max-image-preview:large, max-video-preview:-1\" \/>\n<link rel=\"canonical\" href=\"https:\/\/www.accidentdutravail-idf.net\/blog\/reconnaissance-dun-accident-du-travail-lorsquune-salariee-se-met-a-pleurer-a-lissue-dun-entretien-disciplinaire\/\" \/>\n<meta property=\"og:locale\" content=\"fr_FR\" \/>\n<meta property=\"og:type\" content=\"article\" \/>\n<meta property=\"og:title\" content=\"Reconnaissance d\u2019un accident du travail : lorsqu\u2019une salari\u00e9e se met \u00e0 pleurer \u00e0 l\u2019issue d\u2019un entretien disciplinaire - ACCIDENTDUTRAVAIL-IDF\" \/>\n<meta property=\"og:description\" content=\"Reconnaissance d\u2019un accident du travail : lorsqu\u2019une salari\u00e9e se met \u00e0 pleurer \u00e0 l\u2019issue d\u2019un entretien disciplinaire article de ACCIDENTDUTRAVAIL-IDF\" \/>\n<meta property=\"og:url\" content=\"https:\/\/www.accidentdutravail-idf.net\/blog\/reconnaissance-dun-accident-du-travail-lorsquune-salariee-se-met-a-pleurer-a-lissue-dun-entretien-disciplinaire\/\" \/>\n<meta property=\"og:site_name\" content=\"ACCIDENTDUTRAVAIL-IDF\" \/>\n<meta property=\"article:published_time\" content=\"2024-11-19T07:20:00+00:00\" \/>\n<meta property=\"og:image\" content=\"https:\/\/www.accidentdutravail-idf.net\/blog\/wp-content\/uploads\/2024\/11\/reconnaissance-dun-accident-du-travail-lorsquune-salariee-se-met-a-pleurer-a-lissue-dun-entretien-disciplinaire.jpg\" \/>\n<meta name=\"author\" content=\"Carlos Poulain\" \/>\n<meta name=\"twitter:card\" content=\"summary_large_image\" \/>\n<meta name=\"twitter:label1\" content=\"\u00c9crit par\" \/>\n\t<meta name=\"twitter:data1\" content=\"Carlos Poulain\" \/>\n\t<meta name=\"twitter:label2\" content=\"Dur\u00e9e de lecture estim\u00e9e\" \/>\n\t<meta name=\"twitter:data2\" content=\"4 minutes\" \/>\n<script type=\"application\/ld+json\" class=\"yoast-schema-graph\">{\"@context\":\"https:\\\/\\\/schema.org\",\"@graph\":[{\"@type\":\"Article\",\"@id\":\"https:\\\/\\\/www.accidentdutravail-idf.net\\\/blog\\\/reconnaissance-dun-accident-du-travail-lorsquune-salariee-se-met-a-pleurer-a-lissue-dun-entretien-disciplinaire\\\/#article\",\"isPartOf\":{\"@id\":\"https:\\\/\\\/www.accidentdutravail-idf.net\\\/blog\\\/reconnaissance-dun-accident-du-travail-lorsquune-salariee-se-met-a-pleurer-a-lissue-dun-entretien-disciplinaire\\\/\"},\"author\":{\"name\":\"Carlos Poulain\",\"@id\":\"https:\\\/\\\/www.accidentdutravail-idf.net\\\/blog\\\/#\\\/schema\\\/person\\\/3255d2f970de45e64bd9201f38e7b947\"},\"headline\":\"Reconnaissance d\u2019un accident du travail : lorsqu\u2019une salari\u00e9e se met \u00e0 pleurer \u00e0 l\u2019issue d\u2019un entretien disciplinaire\",\"datePublished\":\"2024-11-19T07:20:00+00:00\",\"mainEntityOfPage\":{\"@id\":\"https:\\\/\\\/www.accidentdutravail-idf.net\\\/blog\\\/reconnaissance-dun-accident-du-travail-lorsquune-salariee-se-met-a-pleurer-a-lissue-dun-entretien-disciplinaire\\\/\"},\"wordCount\":833,\"publisher\":{\"@id\":\"https:\\\/\\\/www.accidentdutravail-idf.net\\\/blog\\\/#organization\"},\"image\":{\"@id\":\"https:\\\/\\\/www.accidentdutravail-idf.net\\\/blog\\\/reconnaissance-dun-accident-du-travail-lorsquune-salariee-se-met-a-pleurer-a-lissue-dun-entretien-disciplinaire\\\/#primaryimage\"},\"thumbnailUrl\":\"https:\\\/\\\/www.accidentdutravail-idf.net\\\/blog\\\/wp-content\\\/uploads\\\/2024\\\/11\\\/reconnaissance-dun-accident-du-travail-lorsquune-salariee-se-met-a-pleurer-a-lissue-dun-entretien-disciplinaire.jpg\",\"articleSection\":[\"S\u00e9curit\u00e9 Du Travail En Ile-De-France Et Divers:\"],\"inLanguage\":\"fr-FR\"},{\"@type\":\"WebPage\",\"@id\":\"https:\\\/\\\/www.accidentdutravail-idf.net\\\/blog\\\/reconnaissance-dun-accident-du-travail-lorsquune-salariee-se-met-a-pleurer-a-lissue-dun-entretien-disciplinaire\\\/\",\"url\":\"https:\\\/\\\/www.accidentdutravail-idf.net\\\/blog\\\/reconnaissance-dun-accident-du-travail-lorsquune-salariee-se-met-a-pleurer-a-lissue-dun-entretien-disciplinaire\\\/\",\"name\":\"Reconnaissance d\u2019un accident du travail : lorsqu\u2019une salari\u00e9e se met \u00e0 pleurer \u00e0 l\u2019issue d\u2019un entretien disciplinaire - ACCIDENTDUTRAVAIL-IDF\",\"isPartOf\":{\"@id\":\"https:\\\/\\\/www.accidentdutravail-idf.net\\\/blog\\\/#website\"},\"primaryImageOfPage\":{\"@id\":\"https:\\\/\\\/www.accidentdutravail-idf.net\\\/blog\\\/reconnaissance-dun-accident-du-travail-lorsquune-salariee-se-met-a-pleurer-a-lissue-dun-entretien-disciplinaire\\\/#primaryimage\"},\"image\":{\"@id\":\"https:\\\/\\\/www.accidentdutravail-idf.net\\\/blog\\\/reconnaissance-dun-accident-du-travail-lorsquune-salariee-se-met-a-pleurer-a-lissue-dun-entretien-disciplinaire\\\/#primaryimage\"},\"thumbnailUrl\":\"https:\\\/\\\/www.accidentdutravail-idf.net\\\/blog\\\/wp-content\\\/uploads\\\/2024\\\/11\\\/reconnaissance-dun-accident-du-travail-lorsquune-salariee-se-met-a-pleurer-a-lissue-dun-entretien-disciplinaire.jpg\",\"datePublished\":\"2024-11-19T07:20:00+00:00\",\"description\":\"Reconnaissance d\u2019un accident du travail : lorsqu\u2019une salari\u00e9e se met \u00e0 pleurer \u00e0 l\u2019issue d\u2019un entretien disciplinaire article de ACCIDENTDUTRAVAIL-IDF\",\"breadcrumb\":{\"@id\":\"https:\\\/\\\/www.accidentdutravail-idf.net\\\/blog\\\/reconnaissance-dun-accident-du-travail-lorsquune-salariee-se-met-a-pleurer-a-lissue-dun-entretien-disciplinaire\\\/#breadcrumb\"},\"inLanguage\":\"fr-FR\",\"potentialAction\":[{\"@type\":\"ReadAction\",\"target\":[\"https:\\\/\\\/www.accidentdutravail-idf.net\\\/blog\\\/reconnaissance-dun-accident-du-travail-lorsquune-salariee-se-met-a-pleurer-a-lissue-dun-entretien-disciplinaire\\\/\"]}]},{\"@type\":\"ImageObject\",\"inLanguage\":\"fr-FR\",\"@id\":\"https:\\\/\\\/www.accidentdutravail-idf.net\\\/blog\\\/reconnaissance-dun-accident-du-travail-lorsquune-salariee-se-met-a-pleurer-a-lissue-dun-entretien-disciplinaire\\\/#primaryimage\",\"url\":\"https:\\\/\\\/www.accidentdutravail-idf.net\\\/blog\\\/wp-content\\\/uploads\\\/2024\\\/11\\\/reconnaissance-dun-accident-du-travail-lorsquune-salariee-se-met-a-pleurer-a-lissue-dun-entretien-disciplinaire.jpg\",\"contentUrl\":\"https:\\\/\\\/www.accidentdutravail-idf.net\\\/blog\\\/wp-content\\\/uploads\\\/2024\\\/11\\\/reconnaissance-dun-accident-du-travail-lorsquune-salariee-se-met-a-pleurer-a-lissue-dun-entretien-disciplinaire.jpg\"},{\"@type\":\"BreadcrumbList\",\"@id\":\"https:\\\/\\\/www.accidentdutravail-idf.net\\\/blog\\\/reconnaissance-dun-accident-du-travail-lorsquune-salariee-se-met-a-pleurer-a-lissue-dun-entretien-disciplinaire\\\/#breadcrumb\",\"itemListElement\":[{\"@type\":\"ListItem\",\"position\":1,\"name\":\"Accueil\",\"item\":\"https:\\\/\\\/www.accidentdutravail-idf.net\\\/blog\\\/\"},{\"@type\":\"ListItem\",\"position\":2,\"name\":\"Reconnaissance d\u2019un accident du travail : lorsqu\u2019une salari\u00e9e se met \u00e0 pleurer \u00e0 l\u2019issue d\u2019un entretien disciplinaire\"}]},{\"@type\":\"WebSite\",\"@id\":\"https:\\\/\\\/www.accidentdutravail-idf.net\\\/blog\\\/#website\",\"url\":\"https:\\\/\\\/www.accidentdutravail-idf.net\\\/blog\\\/\",\"name\":\"ACCIDENTDUTRAVAIL-IDF\",\"description\":\"Portail accidents du travail-maladies professionnelles des entreprises d&#039;Ile-de-France\",\"publisher\":{\"@id\":\"https:\\\/\\\/www.accidentdutravail-idf.net\\\/blog\\\/#organization\"},\"potentialAction\":[{\"@type\":\"SearchAction\",\"target\":{\"@type\":\"EntryPoint\",\"urlTemplate\":\"https:\\\/\\\/www.accidentdutravail-idf.net\\\/blog\\\/?s={search_term_string}\"},\"query-input\":{\"@type\":\"PropertyValueSpecification\",\"valueRequired\":true,\"valueName\":\"search_term_string\"}}],\"inLanguage\":\"fr-FR\"},{\"@type\":\"Organization\",\"@id\":\"https:\\\/\\\/www.accidentdutravail-idf.net\\\/blog\\\/#organization\",\"name\":\"accidentdutravail-idf\",\"url\":\"https:\\\/\\\/www.accidentdutravail-idf.net\\\/blog\\\/\",\"logo\":{\"@type\":\"ImageObject\",\"inLanguage\":\"fr-FR\",\"@id\":\"https:\\\/\\\/www.accidentdutravail-idf.net\\\/blog\\\/#\\\/schema\\\/logo\\\/image\\\/\",\"url\":\"https:\\\/\\\/www.accidentdutravail-idf.net\\\/blog\\\/wp-content\\\/uploads\\\/2022\\\/09\\\/logo-2.png\",\"contentUrl\":\"https:\\\/\\\/www.accidentdutravail-idf.net\\\/blog\\\/wp-content\\\/uploads\\\/2022\\\/09\\\/logo-2.png\",\"width\":380,\"height\":291,\"caption\":\"accidentdutravail-idf\"},\"image\":{\"@id\":\"https:\\\/\\\/www.accidentdutravail-idf.net\\\/blog\\\/#\\\/schema\\\/logo\\\/image\\\/\"}},{\"@type\":\"Person\",\"@id\":\"https:\\\/\\\/www.accidentdutravail-idf.net\\\/blog\\\/#\\\/schema\\\/person\\\/3255d2f970de45e64bd9201f38e7b947\",\"name\":\"Carlos Poulain\",\"image\":{\"@type\":\"ImageObject\",\"inLanguage\":\"fr-FR\",\"@id\":\"https:\\\/\\\/secure.gravatar.com\\\/avatar\\\/b1c2f9d3588e34e91adb093635df64ef4b2381991216be7576466cfcdca4baf3?s=96&d=mm&r=g\",\"url\":\"https:\\\/\\\/secure.gravatar.com\\\/avatar\\\/b1c2f9d3588e34e91adb093635df64ef4b2381991216be7576466cfcdca4baf3?s=96&d=mm&r=g\",\"contentUrl\":\"https:\\\/\\\/secure.gravatar.com\\\/avatar\\\/b1c2f9d3588e34e91adb093635df64ef4b2381991216be7576466cfcdca4baf3?s=96&d=mm&r=g\",\"caption\":\"Carlos Poulain\"},\"url\":\"https:\\\/\\\/www.accidentdutravail-idf.net\\\/blog\\\/author\\\/idfcarlos\\\/\"}]}<\/script>\n<!-- \/ Yoast SEO plugin. -->","yoast_head_json":{"title":"Reconnaissance d\u2019un accident du travail : lorsqu\u2019une salari\u00e9e se met \u00e0 pleurer \u00e0 l\u2019issue d\u2019un entretien disciplinaire - ACCIDENTDUTRAVAIL-IDF","description":"Reconnaissance d\u2019un accident du travail : lorsqu\u2019une salari\u00e9e se met \u00e0 pleurer \u00e0 l\u2019issue d\u2019un entretien disciplinaire article de ACCIDENTDUTRAVAIL-IDF","robots":{"index":"index","follow":"follow","max-snippet":"max-snippet:-1","max-image-preview":"max-image-preview:large","max-video-preview":"max-video-preview:-1"},"canonical":"https:\/\/www.accidentdutravail-idf.net\/blog\/reconnaissance-dun-accident-du-travail-lorsquune-salariee-se-met-a-pleurer-a-lissue-dun-entretien-disciplinaire\/","og_locale":"fr_FR","og_type":"article","og_title":"Reconnaissance d\u2019un accident du travail : lorsqu\u2019une salari\u00e9e se met \u00e0 pleurer \u00e0 l\u2019issue d\u2019un entretien disciplinaire - ACCIDENTDUTRAVAIL-IDF","og_description":"Reconnaissance d\u2019un accident du travail : lorsqu\u2019une salari\u00e9e se met \u00e0 pleurer \u00e0 l\u2019issue d\u2019un entretien disciplinaire article de ACCIDENTDUTRAVAIL-IDF","og_url":"https:\/\/www.accidentdutravail-idf.net\/blog\/reconnaissance-dun-accident-du-travail-lorsquune-salariee-se-met-a-pleurer-a-lissue-dun-entretien-disciplinaire\/","og_site_name":"ACCIDENTDUTRAVAIL-IDF","article_published_time":"2024-11-19T07:20:00+00:00","og_image":[{"url":"https:\/\/www.accidentdutravail-idf.net\/blog\/wp-content\/uploads\/2024\/11\/reconnaissance-dun-accident-du-travail-lorsquune-salariee-se-met-a-pleurer-a-lissue-dun-entretien-disciplinaire.jpg","type":"","width":"","height":""}],"author":"Carlos Poulain","twitter_card":"summary_large_image","twitter_misc":{"\u00c9crit par":"Carlos Poulain","Dur\u00e9e de lecture estim\u00e9e":"4 minutes"},"schema":{"@context":"https:\/\/schema.org","@graph":[{"@type":"Article","@id":"https:\/\/www.accidentdutravail-idf.net\/blog\/reconnaissance-dun-accident-du-travail-lorsquune-salariee-se-met-a-pleurer-a-lissue-dun-entretien-disciplinaire\/#article","isPartOf":{"@id":"https:\/\/www.accidentdutravail-idf.net\/blog\/reconnaissance-dun-accident-du-travail-lorsquune-salariee-se-met-a-pleurer-a-lissue-dun-entretien-disciplinaire\/"},"author":{"name":"Carlos Poulain","@id":"https:\/\/www.accidentdutravail-idf.net\/blog\/#\/schema\/person\/3255d2f970de45e64bd9201f38e7b947"},"headline":"Reconnaissance d\u2019un accident du travail : lorsqu\u2019une salari\u00e9e se met \u00e0 pleurer \u00e0 l\u2019issue d\u2019un entretien disciplinaire","datePublished":"2024-11-19T07:20:00+00:00","mainEntityOfPage":{"@id":"https:\/\/www.accidentdutravail-idf.net\/blog\/reconnaissance-dun-accident-du-travail-lorsquune-salariee-se-met-a-pleurer-a-lissue-dun-entretien-disciplinaire\/"},"wordCount":833,"publisher":{"@id":"https:\/\/www.accidentdutravail-idf.net\/blog\/#organization"},"image":{"@id":"https:\/\/www.accidentdutravail-idf.net\/blog\/reconnaissance-dun-accident-du-travail-lorsquune-salariee-se-met-a-pleurer-a-lissue-dun-entretien-disciplinaire\/#primaryimage"},"thumbnailUrl":"https:\/\/www.accidentdutravail-idf.net\/blog\/wp-content\/uploads\/2024\/11\/reconnaissance-dun-accident-du-travail-lorsquune-salariee-se-met-a-pleurer-a-lissue-dun-entretien-disciplinaire.jpg","articleSection":["S\u00e9curit\u00e9 Du Travail En Ile-De-France Et Divers:"],"inLanguage":"fr-FR"},{"@type":"WebPage","@id":"https:\/\/www.accidentdutravail-idf.net\/blog\/reconnaissance-dun-accident-du-travail-lorsquune-salariee-se-met-a-pleurer-a-lissue-dun-entretien-disciplinaire\/","url":"https:\/\/www.accidentdutravail-idf.net\/blog\/reconnaissance-dun-accident-du-travail-lorsquune-salariee-se-met-a-pleurer-a-lissue-dun-entretien-disciplinaire\/","name":"Reconnaissance d\u2019un accident du travail : lorsqu\u2019une salari\u00e9e se met \u00e0 pleurer \u00e0 l\u2019issue d\u2019un entretien disciplinaire - ACCIDENTDUTRAVAIL-IDF","isPartOf":{"@id":"https:\/\/www.accidentdutravail-idf.net\/blog\/#website"},"primaryImageOfPage":{"@id":"https:\/\/www.accidentdutravail-idf.net\/blog\/reconnaissance-dun-accident-du-travail-lorsquune-salariee-se-met-a-pleurer-a-lissue-dun-entretien-disciplinaire\/#primaryimage"},"image":{"@id":"https:\/\/www.accidentdutravail-idf.net\/blog\/reconnaissance-dun-accident-du-travail-lorsquune-salariee-se-met-a-pleurer-a-lissue-dun-entretien-disciplinaire\/#primaryimage"},"thumbnailUrl":"https:\/\/www.accidentdutravail-idf.net\/blog\/wp-content\/uploads\/2024\/11\/reconnaissance-dun-accident-du-travail-lorsquune-salariee-se-met-a-pleurer-a-lissue-dun-entretien-disciplinaire.jpg","datePublished":"2024-11-19T07:20:00+00:00","description":"Reconnaissance d\u2019un accident du travail : lorsqu\u2019une salari\u00e9e se met \u00e0 pleurer \u00e0 l\u2019issue d\u2019un entretien disciplinaire article de ACCIDENTDUTRAVAIL-IDF","breadcrumb":{"@id":"https:\/\/www.accidentdutravail-idf.net\/blog\/reconnaissance-dun-accident-du-travail-lorsquune-salariee-se-met-a-pleurer-a-lissue-dun-entretien-disciplinaire\/#breadcrumb"},"inLanguage":"fr-FR","potentialAction":[{"@type":"ReadAction","target":["https:\/\/www.accidentdutravail-idf.net\/blog\/reconnaissance-dun-accident-du-travail-lorsquune-salariee-se-met-a-pleurer-a-lissue-dun-entretien-disciplinaire\/"]}]},{"@type":"ImageObject","inLanguage":"fr-FR","@id":"https:\/\/www.accidentdutravail-idf.net\/blog\/reconnaissance-dun-accident-du-travail-lorsquune-salariee-se-met-a-pleurer-a-lissue-dun-entretien-disciplinaire\/#primaryimage","url":"https:\/\/www.accidentdutravail-idf.net\/blog\/wp-content\/uploads\/2024\/11\/reconnaissance-dun-accident-du-travail-lorsquune-salariee-se-met-a-pleurer-a-lissue-dun-entretien-disciplinaire.jpg","contentUrl":"https:\/\/www.accidentdutravail-idf.net\/blog\/wp-content\/uploads\/2024\/11\/reconnaissance-dun-accident-du-travail-lorsquune-salariee-se-met-a-pleurer-a-lissue-dun-entretien-disciplinaire.jpg"},{"@type":"BreadcrumbList","@id":"https:\/\/www.accidentdutravail-idf.net\/blog\/reconnaissance-dun-accident-du-travail-lorsquune-salariee-se-met-a-pleurer-a-lissue-dun-entretien-disciplinaire\/#breadcrumb","itemListElement":[{"@type":"ListItem","position":1,"name":"Accueil","item":"https:\/\/www.accidentdutravail-idf.net\/blog\/"},{"@type":"ListItem","position":2,"name":"Reconnaissance d\u2019un accident du travail : lorsqu\u2019une salari\u00e9e se met \u00e0 pleurer \u00e0 l\u2019issue d\u2019un entretien disciplinaire"}]},{"@type":"WebSite","@id":"https:\/\/www.accidentdutravail-idf.net\/blog\/#website","url":"https:\/\/www.accidentdutravail-idf.net\/blog\/","name":"ACCIDENTDUTRAVAIL-IDF","description":"Portail accidents du travail-maladies professionnelles des entreprises d&#039;Ile-de-France","publisher":{"@id":"https:\/\/www.accidentdutravail-idf.net\/blog\/#organization"},"potentialAction":[{"@type":"SearchAction","target":{"@type":"EntryPoint","urlTemplate":"https:\/\/www.accidentdutravail-idf.net\/blog\/?s={search_term_string}"},"query-input":{"@type":"PropertyValueSpecification","valueRequired":true,"valueName":"search_term_string"}}],"inLanguage":"fr-FR"},{"@type":"Organization","@id":"https:\/\/www.accidentdutravail-idf.net\/blog\/#organization","name":"accidentdutravail-idf","url":"https:\/\/www.accidentdutravail-idf.net\/blog\/","logo":{"@type":"ImageObject","inLanguage":"fr-FR","@id":"https:\/\/www.accidentdutravail-idf.net\/blog\/#\/schema\/logo\/image\/","url":"https:\/\/www.accidentdutravail-idf.net\/blog\/wp-content\/uploads\/2022\/09\/logo-2.png","contentUrl":"https:\/\/www.accidentdutravail-idf.net\/blog\/wp-content\/uploads\/2022\/09\/logo-2.png","width":380,"height":291,"caption":"accidentdutravail-idf"},"image":{"@id":"https:\/\/www.accidentdutravail-idf.net\/blog\/#\/schema\/logo\/image\/"}},{"@type":"Person","@id":"https:\/\/www.accidentdutravail-idf.net\/blog\/#\/schema\/person\/3255d2f970de45e64bd9201f38e7b947","name":"Carlos Poulain","image":{"@type":"ImageObject","inLanguage":"fr-FR","@id":"https:\/\/secure.gravatar.com\/avatar\/b1c2f9d3588e34e91adb093635df64ef4b2381991216be7576466cfcdca4baf3?s=96&d=mm&r=g","url":"https:\/\/secure.gravatar.com\/avatar\/b1c2f9d3588e34e91adb093635df64ef4b2381991216be7576466cfcdca4baf3?s=96&d=mm&r=g","contentUrl":"https:\/\/secure.gravatar.com\/avatar\/b1c2f9d3588e34e91adb093635df64ef4b2381991216be7576466cfcdca4baf3?s=96&d=mm&r=g","caption":"Carlos Poulain"},"url":"https:\/\/www.accidentdutravail-idf.net\/blog\/author\/idfcarlos\/"}]}},"_links":{"self":[{"href":"https:\/\/www.accidentdutravail-idf.net\/blog\/wp-json\/wp\/v2\/posts\/1018","targetHints":{"allow":["GET"]}}],"collection":[{"href":"https:\/\/www.accidentdutravail-idf.net\/blog\/wp-json\/wp\/v2\/posts"}],"about":[{"href":"https:\/\/www.accidentdutravail-idf.net\/blog\/wp-json\/wp\/v2\/types\/post"}],"author":[{"embeddable":true,"href":"https:\/\/www.accidentdutravail-idf.net\/blog\/wp-json\/wp\/v2\/users\/2"}],"replies":[{"embeddable":true,"href":"https:\/\/www.accidentdutravail-idf.net\/blog\/wp-json\/wp\/v2\/comments?post=1018"}],"version-history":[{"count":0,"href":"https:\/\/www.accidentdutravail-idf.net\/blog\/wp-json\/wp\/v2\/posts\/1018\/revisions"}],"wp:attachment":[{"href":"https:\/\/www.accidentdutravail-idf.net\/blog\/wp-json\/wp\/v2\/media?parent=1018"}],"wp:term":[{"taxonomy":"category","embeddable":true,"href":"https:\/\/www.accidentdutravail-idf.net\/blog\/wp-json\/wp\/v2\/categories?post=1018"},{"taxonomy":"post_tag","embeddable":true,"href":"https:\/\/www.accidentdutravail-idf.net\/blog\/wp-json\/wp\/v2\/tags?post=1018"}],"curies":[{"name":"wp","href":"https:\/\/api.w.org\/{rel}","templated":true}]}}