{"id":1014,"date":"2024-11-18T04:13:00","date_gmt":"2024-11-18T03:13:00","guid":{"rendered":"https:\/\/www.accidentdutravail-idf.net\/blog\/sante-la-medecine-du-travail-une-profession-mise-a-mal\/"},"modified":"2024-11-18T04:13:00","modified_gmt":"2024-11-18T03:13:00","slug":"sante-la-medecine-du-travail-une-profession-mise-a-mal","status":"publish","type":"post","link":"https:\/\/www.accidentdutravail-idf.net\/blog\/sante-la-medecine-du-travail-une-profession-mise-a-mal\/","title":{"rendered":"Sant\u00e9 : la m\u00e9decine du travail, une profession mise \u00e0 mal"},"content":{"rendered":"<div><img decoding=\"async\" src=\"https:\/\/www.accidentdutravail-idf.net\/blog\/wp-content\/uploads\/2024\/11\/sante-la-medecine-du-travail-une-profession-mise-a-mal.jpg\" class=\"ff-og-image-inserted\"><\/div>\n<p>Ce sont des m\u00e9decins pas tout \u00e0 fait comme les autres. Ils prennent soin de leurs patients, les \u00e9coutent, mais ne leur prescrivent pas de traitement, donnant corps au fameux adage : mieux vaut pr\u00e9venir que gu\u00e9rir. Leur r\u00f4le ? <em>\u00ab<\/em><em>\u00c9viter toute alt\u00e9ration de la sant\u00e9 des travailleurs du fait de leur travail \u00bb, <\/em>pr\u00e9cise le code du travail.<\/p>\n<p>Un r\u00f4le de pr\u00e9vention essentiel et pourtant mis \u00e0 mal, la profession faisant simultan\u00e9ment face \u00e0 <a href=\"https:\/\/www.la-croix.com\/Economie\/Comment-pallier-penurie-medecins-travail-2022-11-25-1201243775\" target=\"_self\" rel=\"nofollow\">une baisse d\u2019effectifs constante<\/a> et \u00e0 l\u2019\u00e9mergence de nouvelles demandes. Pour ce qui est des effectifs en baisse, le d\u00e9clin d\u00e9mographique global des m\u00e9decins ne suffit pas \u00e0 l\u2019expliquer. La quasi-absence d\u2019enseignement sur la sant\u00e9 du travail lors des \u00e9tudes de m\u00e9decine joue en d\u00e9faveur de son attractivit\u00e9. <\/p>\n<p>Jean-Michel Sterdyniak, m\u00e9decin du travail et secr\u00e9taire g\u00e9n\u00e9ral du SNPST (Syndicat national des professionnels de la sant\u00e9 au travail), pointe \u00e9galement une succession de r\u00e9formes \u00e0 un rythme soutenu : <em>\u00ab<\/em><em>Comment voulez-vous demander \u00e0 des m\u00e9decins de s\u2019engager dans une sp\u00e9cialit\u00e9 qui modifie ses r\u00e8gles tous les deux ans et dont ils ignorent quel sera l\u2019avenir ? J\u2019ai choisi cette voie pour pr\u00e9server la sant\u00e9 des travailleurs, y compris celle des g\u00e9rants, des artisans et des patrons d\u2019entreprises. Pas pour \u00eatre au service d\u2019employeurs auxquels apporter une s\u00e9curit\u00e9 juridique, notamment lors des licenciements. \u00bb<\/em><\/p>\n<h2>Une perte de contact avec les entreprises<\/h2>\n<p>De fait, les missions de la profession s\u2019\u00e9tendent. <em>\u00ab<\/em><em>Ils sont contraints de r\u00e9pondre \u00e0 de multiples sollicitations l\u00e9gales, comme les visites apr\u00e8s reprise \u00e0 la suite d\u2019un <\/em><em><a href=\"https:\/\/www.la-croix.com\/Economie\/Securite-travail-France-mauvais-eleve-lUnion-europeenne-2023-04-28-1201265379\" target=\"_self\" rel=\"nofollow\">accident du travail<\/a><\/em><em> ou \u00e0 une maladie<\/em><em>\u00bb,<\/em> rel\u00e8ve Jorge Munoz, professeur de sociologie \u00e0 l\u2019universit\u00e9 de Bretagne occidentale. Aux actions en milieu de travail, visites \u00e0 la demande et r\u00e9guli\u00e8res, s\u2019ajoutent les visites de mi-carri\u00e8re et de fin de carri\u00e8re, le suivi renforc\u00e9 des salari\u00e9s \u00e0 risque, la participation aux campagnes de vaccination, l\u2019\u00e9tablissement des fiches de risque des entreprises, l\u2019aide \u00e0 l\u2019\u00e9laboration du document unique d\u2019\u00e9valuation des risques professionnels (DUERP), etc.<\/p>\n<p>Il peut aussi leur \u00eatre demand\u00e9 de prendre en charge des messages de sant\u00e9 publique en faveur de la pratique du sport et d\u2019une nutrition de qualit\u00e9, \u00e9loign\u00e9s des conditions de travail stricto sensu. <em>\u00ab<\/em><em>Quand j\u2019ai commenc\u00e9 en 1991 dans le service interentreprises o\u00f9 je travaille en \u00cele-de-France, un m\u00e9decin \u00e0 temps complet suivait 3 200 salari\u00e9s. Aujourd\u2019hui, c\u2019est 6 000<\/em>, t\u00e9moigne Jean-Michel Sterdyniak. <em>Au lieu d\u2019apporter des solutions, la loi s\u2019adapte \u00e0 la p\u00e9nurie de m\u00e9decins en espa\u00e7ant les visites \u00e0 cinq ans, ce qui nous am\u00e8ne \u00e0 perdre le contact avec les entreprises.<\/em><em>\u00bb<\/em><\/p>\n<h2>Des m\u00e9decins sollicit\u00e9s trop tardivement<\/h2>\n<p>Sociologue du travail et enseignant aupr\u00e8s de futurs m\u00e9decins \u00e0 la facult\u00e9 catholique de Louvain, en Belgique, Thomas P\u00e9rilleux va plus loin : <em>\u00ab<\/em><em>Ces milliers de salari\u00e9s deviennent des masses anonymes. Certains m\u00e9decins du travail, contraints \u00e0 des visites de plus en plus courtes, estiment que <\/em><em><a href=\"https:\/\/www.la-croix.com\/debat\/demande-sens-travail-demande-lien-2023-11-19-1201291412\" target=\"_self\" rel=\"nofollow\">leur travail se vide de sens<\/a><\/em><em> \u00bb,<\/em> estime l\u2019auteur du<em> Travail \u00e0 vif. Souffrances professionnelles, consulter pour quoi ? <\/em>(1). <\/p>\n<p>De m\u00eame, les salari\u00e9s connaissent moins les m\u00e9decins, leurs missions et leurs ressources, ce qui ne va pas sans cons\u00e9quences. <em>\u00ab<\/em><em>Ils vont les solliciter peu et tr\u00e8s tardivement, avec une situation de sant\u00e9 d\u00e9j\u00e0 extr\u00eamement d\u00e9grad\u00e9e<\/em>, note Jorge Munoz. <em>Par ailleurs, les externalisations de nombreuses t\u00e2ches limitent pour les m\u00e9decins la possibilit\u00e9 de reclassement au sein de l\u2019entreprise.<\/em><em>\u00bb<\/em> S\u2019ensuivent des avis d\u2019inaptitude qui renvoient la profession \u00e0 un sentiment d\u2019impuissance et se traduisent souvent par la pr\u00e9carisation des salari\u00e9s concern\u00e9s.<\/p>\n<p>Depuis la r\u00e9forme de 2011, les m\u00e9decins du travail peuvent toutefois s\u2019appuyer sur des \u00e9quipes pluridisciplinaires d\u2019IPRP (intervenants en pr\u00e9vention des risques professionnels) \u2013 qui comprennent des psychologues, ergonomes, toxicologues, etc. \u2013 ainsi que sur des <a href=\"https:\/\/www.la-croix.com\/Sciences-et-ethique\/infirmieres-solution-manque-medecins-2023-03-02-1201257426\" target=\"_self\" rel=\"nofollow\">infirmi\u00e8res<\/a> aptes \u00e0 r\u00e9aliser les visites. Ces derni\u00e8res transmettent ensuite aux m\u00e9decins les situations les plus compliqu\u00e9es. <em>\u00ab<\/em><em>Sur le papier, cela aide les m\u00e9decins \u00e0 orienter leur activit\u00e9 vers d\u2019autres actions. Mais dans les faits, cela g\u00e9n\u00e8re un travail de coordination et de management suppl\u00e9mentaire \u00bb,<\/em> souligne Jorge Munoz.<\/p>\n<p>Se pose \u00e9galement un \u00e9pineux probl\u00e8me de statut : contrairement aux m\u00e9decins, les membres de ces \u00e9quipes ne sont pas des salari\u00e9s prot\u00e9g\u00e9s. <em>\u00ab<\/em><em>Leur positionnement par rapport aux employeurs est plus d\u00e9licat pour poser les questions qui d\u00e9rangent, alors que les m\u00e9decins du travail peuvent leur demander pourquoi la fr\u00e9quence des arr\u00eats maladie augmente dans leur entreprise<\/em><em>\u00bb,<\/em> remarque la m\u00e9decin du travail Anne-Mich\u00e8le Chartier.<\/p>\n<h2>Faire face \u00e0 l\u2019augmentation des risques psychosociaux<\/h2>\n<p>Une autre limite appara\u00eet avec les fiches d\u2019entreprises, qui mentionnent les risques sp\u00e9cifiques \u00e0 chacune et prodiguent des conseils sur les actions de pr\u00e9vention. Elles doivent \u00eatre r\u00e9alis\u00e9es dans l\u2019ann\u00e9e qui suit l\u2019adh\u00e9sion \u00e0 un service interentreprises et renouvel\u00e9es tous les quatre ans, un objectif louable mais inatteignable, m\u00eame avec le soutien des IPRP. <\/p>\n<p><em>\u00ab<\/em><em>Des assistants techniques (qui seront appel\u00e9s, \u00e0 partir de janvier 2025, des conseillers en pr\u00e9vention) s\u2019en chargent avec une pression des services interentreprises pour faire de l\u2019abattage, mais ces fiches n\u2019ont souvent aucune valeur<\/em>, constate Jean-Michel Sterdyniak. <em>Pour l\u2019une de ces entreprises, dont les conditions de travail sont cens\u00e9es \u00eatre excellentes, quarante salari\u00e9s en trois mois sont venus me parler de maltraitance. Il y a m\u00eame eu <\/em><em><a href=\"https:\/\/www.la-croix.com\/a-vif\/comment-eviter-les-burn-out-et-les-suicides-au-travail-20240318\" target=\"_self\" rel=\"nofollow\">un suicide et une tentative de suicide<\/a><\/em><em>.<\/em><em>\u00bb<\/em><\/p>\n<p>L\u2019augmentation des risques psychosociaux (RPS) complique la t\u00e2che.<em> \u00ab<\/em><em>Il n\u2019existe pas de tableau des maladies professionnelles li\u00e9es aux RPS, ce qui pose une difficult\u00e9 majeure aux m\u00e9decins pour argumenter au niveau l\u00e9gal<\/em>, rel\u00e8ve Jorge Munoz. <em>Quand vous \u00e9voquez les troubles musculosquelettiques (TMS), il est plus ais\u00e9 d\u2019objectiver des contraintes comme les gestes r\u00e9p\u00e9titifs, les cadences, la posture, les poids soulev\u00e9s, etc.<\/em><em>Les RPS sont associ\u00e9s \u00e0 la dimension organisationnelle que les directions consid\u00e8rent souvent comme leur domaine exclusif. \u00bb<\/em><\/p>\n<h2>Des travailleurs vieillissants<\/h2>\n<p>Seuls les m\u00e9decins peuvent \u00e9tablir le lien entre les conditions de travail et la souffrance psychique. <em>\u00ab<\/em><em>Elle a compl\u00e8tement explos\u00e9 du fait de nouvelles organisations du travail<\/em>, constate Jean-Michel Sterdyniak. <em>Quand dix personnes du m\u00eame service d\u00e9filent dans mon bureau, effondr\u00e9es, avec des pertes de poids et de sommeil, pour me parler de leur charge de travail trop importante, il n\u2019y a rien de subjectif \u00e0 relier travail et souffrance. Le plus dur est de trouver la solution quand, quelquefois, mon interlocuteur est l\u2019employeur maltraitant. Il arrive qu\u2019il demande \u00e0 changer de m\u00e9decin du travail. Si c\u2019est refus\u00e9 par le service interentreprises, il part ailleurs.<\/em><em>\u00bb<\/em> L\u2019augmentation de l\u2019\u00e2ge du d\u00e9part <a href=\"https:\/\/www.la-croix.com\/economie\/emploi-des-seniors-les-partenaires-sociaux-souhaitent-developper-la-retraite-progressive-20241117\" target=\"_self\" rel=\"nofollow\">\u00e0 la retraite<\/a> va accro\u00eetre significativement l\u2019activit\u00e9 des m\u00e9decins aupr\u00e8s d\u2019une population vieillissante, donc davantage touch\u00e9e par les TMS et autres probl\u00e9matiques de sant\u00e9 li\u00e9es au travail.<\/p>\n<p>L\u2019am\u00e9lioration de l\u2019attractivit\u00e9 du m\u00e9tier, par des stages et un enseignement lors du tronc commun des \u00e9tudes de m\u00e9decine, permettrait d\u2019enrayer en partie le d\u00e9clin d\u00e9mographique. Mieux inform\u00e9s, les m\u00e9decins g\u00e9n\u00e9ralistes pourraient davantage orienter leurs patients vers les m\u00e9decins du travail afin d\u2019am\u00e9nager leurs conditions de travail sans perdre un temps pr\u00e9cieux pour leur sant\u00e9. <em>\u00ab<\/em><em>Il faudrait aussi que les pouvoirs publics prennent des mesures pour que nos pr\u00e9conisations soient mieux respect\u00e9es par les employeurs afin de sortir d\u2019une sensation d\u2019impuissance<\/em><em>\u00bb,<\/em> sugg\u00e8re Jean-Michel Sterdyniak. <\/p>\n<p>Le m\u00e9decin \u00e9voque \u00e9galement une modification de la gouvernance des services de sant\u00e9 au travail : <em>\u00ab<\/em><em>Cr\u00e9er des agences r\u00e9gionales de sant\u00e9 au travail avec un pilotage national romprait avec une logique uniquement financi\u00e8re en contrepartie de la s\u00e9curisation juridique. Elles unifieraient le secteur en rassemblant services interentreprises, services autonomes et fonction publique, et fixeraient des objectifs de sant\u00e9 au travail selon les probl\u00e9matiques r\u00e9gionales.<\/em><em>\u00bb<\/em><\/p>\n<p>&#8212;&#8212;<\/p>\n<h2>Des effectifs en baisse<\/h2>\n<p><strong>4 775 m\u00e9decins du travail \u00e9taient en activit\u00e9 r\u00e9guli\u00e8re<\/strong> en France en janvier 2023, selon le conseil national de l\u2019Ordre des m\u00e9decins. En 2022, ils \u00e9taient 4 812.<\/p>\n<p><strong>Les effectifs devraient baisser de 7 % en moyenne \u00e0 l\u2019horizon 2030,<\/strong> et m\u00eame de 20 % dans la r\u00e9gion Poitou-Charentes.<\/p>\n<p><strong>En 2022, on comptait de 7,2 m\u00e9decins du travail pour 100 000 habitants,<\/strong> avec de fortes disparit\u00e9s par r\u00e9gion : de 14,7 en \u00cele-de-France \u00e0 6,5 en Bourgogne et Aquitaine.<\/p>\n<p><strong>L\u2019\u00e2ge moyen<\/strong> de la profession est de 55 ans.<\/p>\n<p><strong>Les m\u00e9decins du travail pratiquent essentiellement en service de pr\u00e9vention et de sant\u00e9 au travail interentreprises (SPSTI)<\/strong> qui suivent 93 % des salari\u00e9s, ainsi qu\u2019au sein de services appel\u00e9s autonomes int\u00e9gr\u00e9s dans de grandes entreprises. En 2022, il y avait en France 193 services interentreprises (un chiffre depuis en baisse du fait des fusions), et 383 services autonomes.<\/p>\n<div class=\"notes\">\n<p>(1) \u00c9r\u00e8s, 2023, 280 p., 25 \u20ac.<\/p>\n<\/div>\n<p> accidentdutravail-idf.net vous a pr\u00e9par\u00e9 ce post qui informe du sujet \u00ab\u00a0Association Sportive Huisson-Longueville Essonne\u00a0\u00bb. La chronique se veut g\u00e9n\u00e9r\u00e9e du mieux possible. Vous pouvez utiliser les coordonn\u00e9es indiqu\u00e9es sur le site dans le but d\u2019apporter des explications sur ce post qui parle du th\u00e8me \u00ab\u00a0Association Sportive Huisson-Longueville Essonne\u00a0\u00bb. Le site accidentdutravail-idf.net a pour but de fournir diverses publications sur la th\u00e9matique Association Sportive Huisson-Longueville Essonne diffus\u00e9es sur le net. Il y aura plusieurs articles autour du sujet \u00ab\u00a0Association Sportive Huisson-Longueville Essonne\u00a0\u00bb dans quelques jours, nous vous invitons \u00e0 naviguer sur notre site web \u00e0 plusieurs reprises.<\/p>\n","protected":false},"excerpt":{"rendered":"<p>Ce sont des m\u00e9decins pas tout \u00e0 fait comme les autres. Ils prennent soin de leurs patients, les \u00e9coutent, mais ne leur prescrivent pas de traitement, donnant corps au fameux adage : mieux vaut pr\u00e9venir que gu\u00e9rir. Leur r\u00f4le ? \u00ab\u00c9viter toute alt\u00e9ration de la sant\u00e9 des travailleurs du fait de leur travail \u00bb, pr\u00e9cise &hellip; <\/p>\n<p class=\"link-more\"><a href=\"https:\/\/www.accidentdutravail-idf.net\/blog\/sante-la-medecine-du-travail-une-profession-mise-a-mal\/\" class=\"more-link\">Continuer la lecture <span class=\"screen-reader-text\"> \u00ab\u00a0Sant\u00e9 : la m\u00e9decine du travail, une profession mise \u00e0 mal\u00a0\u00bb<\/span><\/a><\/p>\n","protected":false},"author":2,"featured_media":0,"comment_status":"closed","ping_status":"closed","sticky":false,"template":"","format":"standard","meta":{"footnotes":""},"categories":[5],"tags":[],"class_list":["post-1014","post","type-post","status-publish","format-standard","hentry","category-securite-du-travail-en-ile-de-france-et-divers","entry"],"yoast_head":"<!-- This site is optimized with the Yoast SEO plugin v27.5 - https:\/\/yoast.com\/product\/yoast-seo-wordpress\/ -->\n<title>Sant\u00e9 : la m\u00e9decine du travail, une profession mise \u00e0 mal - ACCIDENTDUTRAVAIL-IDF<\/title>\n<meta name=\"description\" content=\"Sant\u00e9 : la m\u00e9decine du travail, une profession mise \u00e0 mal article de ACCIDENTDUTRAVAIL-IDF\" \/>\n<meta name=\"robots\" content=\"index, follow, max-snippet:-1, max-image-preview:large, max-video-preview:-1\" \/>\n<link rel=\"canonical\" href=\"https:\/\/www.accidentdutravail-idf.net\/blog\/sante-la-medecine-du-travail-une-profession-mise-a-mal\/\" \/>\n<meta property=\"og:locale\" content=\"fr_FR\" \/>\n<meta property=\"og:type\" content=\"article\" \/>\n<meta property=\"og:title\" content=\"Sant\u00e9 : la m\u00e9decine du travail, une profession mise \u00e0 mal - ACCIDENTDUTRAVAIL-IDF\" \/>\n<meta property=\"og:description\" content=\"Sant\u00e9 : la m\u00e9decine du travail, une profession mise \u00e0 mal article de ACCIDENTDUTRAVAIL-IDF\" \/>\n<meta property=\"og:url\" content=\"https:\/\/www.accidentdutravail-idf.net\/blog\/sante-la-medecine-du-travail-une-profession-mise-a-mal\/\" \/>\n<meta property=\"og:site_name\" content=\"ACCIDENTDUTRAVAIL-IDF\" \/>\n<meta property=\"article:published_time\" content=\"2024-11-18T03:13:00+00:00\" \/>\n<meta property=\"og:image\" content=\"https:\/\/www.accidentdutravail-idf.net\/blog\/wp-content\/uploads\/2024\/11\/sante-la-medecine-du-travail-une-profession-mise-a-mal.jpg\" \/>\n<meta name=\"author\" content=\"Carlos Poulain\" \/>\n<meta name=\"twitter:card\" content=\"summary_large_image\" \/>\n<meta name=\"twitter:label1\" content=\"\u00c9crit par\" \/>\n\t<meta name=\"twitter:data1\" content=\"Carlos Poulain\" \/>\n\t<meta name=\"twitter:label2\" content=\"Dur\u00e9e de lecture estim\u00e9e\" \/>\n\t<meta name=\"twitter:data2\" content=\"8 minutes\" \/>\n<script type=\"application\/ld+json\" class=\"yoast-schema-graph\">{\"@context\":\"https:\\\/\\\/schema.org\",\"@graph\":[{\"@type\":\"Article\",\"@id\":\"https:\\\/\\\/www.accidentdutravail-idf.net\\\/blog\\\/sante-la-medecine-du-travail-une-profession-mise-a-mal\\\/#article\",\"isPartOf\":{\"@id\":\"https:\\\/\\\/www.accidentdutravail-idf.net\\\/blog\\\/sante-la-medecine-du-travail-une-profession-mise-a-mal\\\/\"},\"author\":{\"name\":\"Carlos Poulain\",\"@id\":\"https:\\\/\\\/www.accidentdutravail-idf.net\\\/blog\\\/#\\\/schema\\\/person\\\/3255d2f970de45e64bd9201f38e7b947\"},\"headline\":\"Sant\u00e9 : la m\u00e9decine du travail, une profession mise \u00e0 mal\",\"datePublished\":\"2024-11-18T03:13:00+00:00\",\"mainEntityOfPage\":{\"@id\":\"https:\\\/\\\/www.accidentdutravail-idf.net\\\/blog\\\/sante-la-medecine-du-travail-une-profession-mise-a-mal\\\/\"},\"wordCount\":1631,\"publisher\":{\"@id\":\"https:\\\/\\\/www.accidentdutravail-idf.net\\\/blog\\\/#organization\"},\"image\":{\"@id\":\"https:\\\/\\\/www.accidentdutravail-idf.net\\\/blog\\\/sante-la-medecine-du-travail-une-profession-mise-a-mal\\\/#primaryimage\"},\"thumbnailUrl\":\"https:\\\/\\\/www.accidentdutravail-idf.net\\\/blog\\\/wp-content\\\/uploads\\\/2024\\\/11\\\/sante-la-medecine-du-travail-une-profession-mise-a-mal.jpg\",\"articleSection\":[\"S\u00e9curit\u00e9 Du Travail En Ile-De-France Et Divers:\"],\"inLanguage\":\"fr-FR\"},{\"@type\":\"WebPage\",\"@id\":\"https:\\\/\\\/www.accidentdutravail-idf.net\\\/blog\\\/sante-la-medecine-du-travail-une-profession-mise-a-mal\\\/\",\"url\":\"https:\\\/\\\/www.accidentdutravail-idf.net\\\/blog\\\/sante-la-medecine-du-travail-une-profession-mise-a-mal\\\/\",\"name\":\"Sant\u00e9 : la m\u00e9decine du travail, une profession mise \u00e0 mal - ACCIDENTDUTRAVAIL-IDF\",\"isPartOf\":{\"@id\":\"https:\\\/\\\/www.accidentdutravail-idf.net\\\/blog\\\/#website\"},\"primaryImageOfPage\":{\"@id\":\"https:\\\/\\\/www.accidentdutravail-idf.net\\\/blog\\\/sante-la-medecine-du-travail-une-profession-mise-a-mal\\\/#primaryimage\"},\"image\":{\"@id\":\"https:\\\/\\\/www.accidentdutravail-idf.net\\\/blog\\\/sante-la-medecine-du-travail-une-profession-mise-a-mal\\\/#primaryimage\"},\"thumbnailUrl\":\"https:\\\/\\\/www.accidentdutravail-idf.net\\\/blog\\\/wp-content\\\/uploads\\\/2024\\\/11\\\/sante-la-medecine-du-travail-une-profession-mise-a-mal.jpg\",\"datePublished\":\"2024-11-18T03:13:00+00:00\",\"description\":\"Sant\u00e9 : la m\u00e9decine du travail, une profession mise \u00e0 mal article de ACCIDENTDUTRAVAIL-IDF\",\"breadcrumb\":{\"@id\":\"https:\\\/\\\/www.accidentdutravail-idf.net\\\/blog\\\/sante-la-medecine-du-travail-une-profession-mise-a-mal\\\/#breadcrumb\"},\"inLanguage\":\"fr-FR\",\"potentialAction\":[{\"@type\":\"ReadAction\",\"target\":[\"https:\\\/\\\/www.accidentdutravail-idf.net\\\/blog\\\/sante-la-medecine-du-travail-une-profession-mise-a-mal\\\/\"]}]},{\"@type\":\"ImageObject\",\"inLanguage\":\"fr-FR\",\"@id\":\"https:\\\/\\\/www.accidentdutravail-idf.net\\\/blog\\\/sante-la-medecine-du-travail-une-profession-mise-a-mal\\\/#primaryimage\",\"url\":\"https:\\\/\\\/www.accidentdutravail-idf.net\\\/blog\\\/wp-content\\\/uploads\\\/2024\\\/11\\\/sante-la-medecine-du-travail-une-profession-mise-a-mal.jpg\",\"contentUrl\":\"https:\\\/\\\/www.accidentdutravail-idf.net\\\/blog\\\/wp-content\\\/uploads\\\/2024\\\/11\\\/sante-la-medecine-du-travail-une-profession-mise-a-mal.jpg\"},{\"@type\":\"BreadcrumbList\",\"@id\":\"https:\\\/\\\/www.accidentdutravail-idf.net\\\/blog\\\/sante-la-medecine-du-travail-une-profession-mise-a-mal\\\/#breadcrumb\",\"itemListElement\":[{\"@type\":\"ListItem\",\"position\":1,\"name\":\"Accueil\",\"item\":\"https:\\\/\\\/www.accidentdutravail-idf.net\\\/blog\\\/\"},{\"@type\":\"ListItem\",\"position\":2,\"name\":\"Sant\u00e9 : la m\u00e9decine du travail, une profession mise \u00e0 mal\"}]},{\"@type\":\"WebSite\",\"@id\":\"https:\\\/\\\/www.accidentdutravail-idf.net\\\/blog\\\/#website\",\"url\":\"https:\\\/\\\/www.accidentdutravail-idf.net\\\/blog\\\/\",\"name\":\"ACCIDENTDUTRAVAIL-IDF\",\"description\":\"Portail accidents du travail-maladies professionnelles des entreprises d&#039;Ile-de-France\",\"publisher\":{\"@id\":\"https:\\\/\\\/www.accidentdutravail-idf.net\\\/blog\\\/#organization\"},\"potentialAction\":[{\"@type\":\"SearchAction\",\"target\":{\"@type\":\"EntryPoint\",\"urlTemplate\":\"https:\\\/\\\/www.accidentdutravail-idf.net\\\/blog\\\/?s={search_term_string}\"},\"query-input\":{\"@type\":\"PropertyValueSpecification\",\"valueRequired\":true,\"valueName\":\"search_term_string\"}}],\"inLanguage\":\"fr-FR\"},{\"@type\":\"Organization\",\"@id\":\"https:\\\/\\\/www.accidentdutravail-idf.net\\\/blog\\\/#organization\",\"name\":\"accidentdutravail-idf\",\"url\":\"https:\\\/\\\/www.accidentdutravail-idf.net\\\/blog\\\/\",\"logo\":{\"@type\":\"ImageObject\",\"inLanguage\":\"fr-FR\",\"@id\":\"https:\\\/\\\/www.accidentdutravail-idf.net\\\/blog\\\/#\\\/schema\\\/logo\\\/image\\\/\",\"url\":\"https:\\\/\\\/www.accidentdutravail-idf.net\\\/blog\\\/wp-content\\\/uploads\\\/2022\\\/09\\\/logo-2.png\",\"contentUrl\":\"https:\\\/\\\/www.accidentdutravail-idf.net\\\/blog\\\/wp-content\\\/uploads\\\/2022\\\/09\\\/logo-2.png\",\"width\":380,\"height\":291,\"caption\":\"accidentdutravail-idf\"},\"image\":{\"@id\":\"https:\\\/\\\/www.accidentdutravail-idf.net\\\/blog\\\/#\\\/schema\\\/logo\\\/image\\\/\"}},{\"@type\":\"Person\",\"@id\":\"https:\\\/\\\/www.accidentdutravail-idf.net\\\/blog\\\/#\\\/schema\\\/person\\\/3255d2f970de45e64bd9201f38e7b947\",\"name\":\"Carlos Poulain\",\"image\":{\"@type\":\"ImageObject\",\"inLanguage\":\"fr-FR\",\"@id\":\"https:\\\/\\\/secure.gravatar.com\\\/avatar\\\/b1c2f9d3588e34e91adb093635df64ef4b2381991216be7576466cfcdca4baf3?s=96&d=mm&r=g\",\"url\":\"https:\\\/\\\/secure.gravatar.com\\\/avatar\\\/b1c2f9d3588e34e91adb093635df64ef4b2381991216be7576466cfcdca4baf3?s=96&d=mm&r=g\",\"contentUrl\":\"https:\\\/\\\/secure.gravatar.com\\\/avatar\\\/b1c2f9d3588e34e91adb093635df64ef4b2381991216be7576466cfcdca4baf3?s=96&d=mm&r=g\",\"caption\":\"Carlos Poulain\"},\"url\":\"https:\\\/\\\/www.accidentdutravail-idf.net\\\/blog\\\/author\\\/idfcarlos\\\/\"}]}<\/script>\n<!-- \/ Yoast SEO plugin. -->","yoast_head_json":{"title":"Sant\u00e9 : la m\u00e9decine du travail, une profession mise \u00e0 mal - ACCIDENTDUTRAVAIL-IDF","description":"Sant\u00e9 : la m\u00e9decine du travail, une profession mise \u00e0 mal article de ACCIDENTDUTRAVAIL-IDF","robots":{"index":"index","follow":"follow","max-snippet":"max-snippet:-1","max-image-preview":"max-image-preview:large","max-video-preview":"max-video-preview:-1"},"canonical":"https:\/\/www.accidentdutravail-idf.net\/blog\/sante-la-medecine-du-travail-une-profession-mise-a-mal\/","og_locale":"fr_FR","og_type":"article","og_title":"Sant\u00e9 : la m\u00e9decine du travail, une profession mise \u00e0 mal - ACCIDENTDUTRAVAIL-IDF","og_description":"Sant\u00e9 : la m\u00e9decine du travail, une profession mise \u00e0 mal article de ACCIDENTDUTRAVAIL-IDF","og_url":"https:\/\/www.accidentdutravail-idf.net\/blog\/sante-la-medecine-du-travail-une-profession-mise-a-mal\/","og_site_name":"ACCIDENTDUTRAVAIL-IDF","article_published_time":"2024-11-18T03:13:00+00:00","og_image":[{"url":"https:\/\/www.accidentdutravail-idf.net\/blog\/wp-content\/uploads\/2024\/11\/sante-la-medecine-du-travail-une-profession-mise-a-mal.jpg","type":"","width":"","height":""}],"author":"Carlos Poulain","twitter_card":"summary_large_image","twitter_misc":{"\u00c9crit par":"Carlos Poulain","Dur\u00e9e de lecture estim\u00e9e":"8 minutes"},"schema":{"@context":"https:\/\/schema.org","@graph":[{"@type":"Article","@id":"https:\/\/www.accidentdutravail-idf.net\/blog\/sante-la-medecine-du-travail-une-profession-mise-a-mal\/#article","isPartOf":{"@id":"https:\/\/www.accidentdutravail-idf.net\/blog\/sante-la-medecine-du-travail-une-profession-mise-a-mal\/"},"author":{"name":"Carlos Poulain","@id":"https:\/\/www.accidentdutravail-idf.net\/blog\/#\/schema\/person\/3255d2f970de45e64bd9201f38e7b947"},"headline":"Sant\u00e9 : la m\u00e9decine du travail, une profession mise \u00e0 mal","datePublished":"2024-11-18T03:13:00+00:00","mainEntityOfPage":{"@id":"https:\/\/www.accidentdutravail-idf.net\/blog\/sante-la-medecine-du-travail-une-profession-mise-a-mal\/"},"wordCount":1631,"publisher":{"@id":"https:\/\/www.accidentdutravail-idf.net\/blog\/#organization"},"image":{"@id":"https:\/\/www.accidentdutravail-idf.net\/blog\/sante-la-medecine-du-travail-une-profession-mise-a-mal\/#primaryimage"},"thumbnailUrl":"https:\/\/www.accidentdutravail-idf.net\/blog\/wp-content\/uploads\/2024\/11\/sante-la-medecine-du-travail-une-profession-mise-a-mal.jpg","articleSection":["S\u00e9curit\u00e9 Du Travail En Ile-De-France Et Divers:"],"inLanguage":"fr-FR"},{"@type":"WebPage","@id":"https:\/\/www.accidentdutravail-idf.net\/blog\/sante-la-medecine-du-travail-une-profession-mise-a-mal\/","url":"https:\/\/www.accidentdutravail-idf.net\/blog\/sante-la-medecine-du-travail-une-profession-mise-a-mal\/","name":"Sant\u00e9 : la m\u00e9decine du travail, une profession mise \u00e0 mal - ACCIDENTDUTRAVAIL-IDF","isPartOf":{"@id":"https:\/\/www.accidentdutravail-idf.net\/blog\/#website"},"primaryImageOfPage":{"@id":"https:\/\/www.accidentdutravail-idf.net\/blog\/sante-la-medecine-du-travail-une-profession-mise-a-mal\/#primaryimage"},"image":{"@id":"https:\/\/www.accidentdutravail-idf.net\/blog\/sante-la-medecine-du-travail-une-profession-mise-a-mal\/#primaryimage"},"thumbnailUrl":"https:\/\/www.accidentdutravail-idf.net\/blog\/wp-content\/uploads\/2024\/11\/sante-la-medecine-du-travail-une-profession-mise-a-mal.jpg","datePublished":"2024-11-18T03:13:00+00:00","description":"Sant\u00e9 : la m\u00e9decine du travail, une profession mise \u00e0 mal article de ACCIDENTDUTRAVAIL-IDF","breadcrumb":{"@id":"https:\/\/www.accidentdutravail-idf.net\/blog\/sante-la-medecine-du-travail-une-profession-mise-a-mal\/#breadcrumb"},"inLanguage":"fr-FR","potentialAction":[{"@type":"ReadAction","target":["https:\/\/www.accidentdutravail-idf.net\/blog\/sante-la-medecine-du-travail-une-profession-mise-a-mal\/"]}]},{"@type":"ImageObject","inLanguage":"fr-FR","@id":"https:\/\/www.accidentdutravail-idf.net\/blog\/sante-la-medecine-du-travail-une-profession-mise-a-mal\/#primaryimage","url":"https:\/\/www.accidentdutravail-idf.net\/blog\/wp-content\/uploads\/2024\/11\/sante-la-medecine-du-travail-une-profession-mise-a-mal.jpg","contentUrl":"https:\/\/www.accidentdutravail-idf.net\/blog\/wp-content\/uploads\/2024\/11\/sante-la-medecine-du-travail-une-profession-mise-a-mal.jpg"},{"@type":"BreadcrumbList","@id":"https:\/\/www.accidentdutravail-idf.net\/blog\/sante-la-medecine-du-travail-une-profession-mise-a-mal\/#breadcrumb","itemListElement":[{"@type":"ListItem","position":1,"name":"Accueil","item":"https:\/\/www.accidentdutravail-idf.net\/blog\/"},{"@type":"ListItem","position":2,"name":"Sant\u00e9 : la m\u00e9decine du travail, une profession mise \u00e0 mal"}]},{"@type":"WebSite","@id":"https:\/\/www.accidentdutravail-idf.net\/blog\/#website","url":"https:\/\/www.accidentdutravail-idf.net\/blog\/","name":"ACCIDENTDUTRAVAIL-IDF","description":"Portail accidents du travail-maladies professionnelles des entreprises d&#039;Ile-de-France","publisher":{"@id":"https:\/\/www.accidentdutravail-idf.net\/blog\/#organization"},"potentialAction":[{"@type":"SearchAction","target":{"@type":"EntryPoint","urlTemplate":"https:\/\/www.accidentdutravail-idf.net\/blog\/?s={search_term_string}"},"query-input":{"@type":"PropertyValueSpecification","valueRequired":true,"valueName":"search_term_string"}}],"inLanguage":"fr-FR"},{"@type":"Organization","@id":"https:\/\/www.accidentdutravail-idf.net\/blog\/#organization","name":"accidentdutravail-idf","url":"https:\/\/www.accidentdutravail-idf.net\/blog\/","logo":{"@type":"ImageObject","inLanguage":"fr-FR","@id":"https:\/\/www.accidentdutravail-idf.net\/blog\/#\/schema\/logo\/image\/","url":"https:\/\/www.accidentdutravail-idf.net\/blog\/wp-content\/uploads\/2022\/09\/logo-2.png","contentUrl":"https:\/\/www.accidentdutravail-idf.net\/blog\/wp-content\/uploads\/2022\/09\/logo-2.png","width":380,"height":291,"caption":"accidentdutravail-idf"},"image":{"@id":"https:\/\/www.accidentdutravail-idf.net\/blog\/#\/schema\/logo\/image\/"}},{"@type":"Person","@id":"https:\/\/www.accidentdutravail-idf.net\/blog\/#\/schema\/person\/3255d2f970de45e64bd9201f38e7b947","name":"Carlos Poulain","image":{"@type":"ImageObject","inLanguage":"fr-FR","@id":"https:\/\/secure.gravatar.com\/avatar\/b1c2f9d3588e34e91adb093635df64ef4b2381991216be7576466cfcdca4baf3?s=96&d=mm&r=g","url":"https:\/\/secure.gravatar.com\/avatar\/b1c2f9d3588e34e91adb093635df64ef4b2381991216be7576466cfcdca4baf3?s=96&d=mm&r=g","contentUrl":"https:\/\/secure.gravatar.com\/avatar\/b1c2f9d3588e34e91adb093635df64ef4b2381991216be7576466cfcdca4baf3?s=96&d=mm&r=g","caption":"Carlos Poulain"},"url":"https:\/\/www.accidentdutravail-idf.net\/blog\/author\/idfcarlos\/"}]}},"_links":{"self":[{"href":"https:\/\/www.accidentdutravail-idf.net\/blog\/wp-json\/wp\/v2\/posts\/1014","targetHints":{"allow":["GET"]}}],"collection":[{"href":"https:\/\/www.accidentdutravail-idf.net\/blog\/wp-json\/wp\/v2\/posts"}],"about":[{"href":"https:\/\/www.accidentdutravail-idf.net\/blog\/wp-json\/wp\/v2\/types\/post"}],"author":[{"embeddable":true,"href":"https:\/\/www.accidentdutravail-idf.net\/blog\/wp-json\/wp\/v2\/users\/2"}],"replies":[{"embeddable":true,"href":"https:\/\/www.accidentdutravail-idf.net\/blog\/wp-json\/wp\/v2\/comments?post=1014"}],"version-history":[{"count":0,"href":"https:\/\/www.accidentdutravail-idf.net\/blog\/wp-json\/wp\/v2\/posts\/1014\/revisions"}],"wp:attachment":[{"href":"https:\/\/www.accidentdutravail-idf.net\/blog\/wp-json\/wp\/v2\/media?parent=1014"}],"wp:term":[{"taxonomy":"category","embeddable":true,"href":"https:\/\/www.accidentdutravail-idf.net\/blog\/wp-json\/wp\/v2\/categories?post=1014"},{"taxonomy":"post_tag","embeddable":true,"href":"https:\/\/www.accidentdutravail-idf.net\/blog\/wp-json\/wp\/v2\/tags?post=1014"}],"curies":[{"name":"wp","href":"https:\/\/api.w.org\/{rel}","templated":true}]}}