{"id":1010,"date":"2024-11-17T05:41:00","date_gmt":"2024-11-17T04:41:00","guid":{"rendered":"https:\/\/www.accidentdutravail-idf.net\/blog\/granville-accident-de-peche-a-la-coquille-le-capitaine-condamne\/"},"modified":"2024-11-17T05:41:00","modified_gmt":"2024-11-17T04:41:00","slug":"granville-accident-de-peche-a-la-coquille-le-capitaine-condamne","status":"publish","type":"post","link":"https:\/\/www.accidentdutravail-idf.net\/blog\/granville-accident-de-peche-a-la-coquille-le-capitaine-condamne\/","title":{"rendered":"Granville. Accident de p\u00eache \u00e0 la coquille : le capitaine condamn\u00e9"},"content":{"rendered":"<div><img decoding=\"async\" src=\"https:\/\/www.accidentdutravail-idf.net\/blog\/wp-content\/uploads\/2024\/11\/granville-accident-de-peche-a-la-coquille-le-capitaine-condamne.jpg\" class=\"ff-og-image-inserted\"><\/div>\n<p>Le tribunal de Coutances a rendu le mercredi 13&nbsp;novembre son d\u00e9lib\u00e9r\u00e9 dans l&rsquo;affaire de manquements aux r\u00e8gles de s\u00e9curit\u00e9 \u00e0 la suite <a href=\"https:\/\/www.lamanchelibre.fr\/actualite-1136968-manche-accident-sur-un-bateau-de-peche-a-la-coquille\" target=\"_blank\" rel=\"nofollow\">d&rsquo;un accident du travail sur un bateau de p\u00eache \u00e0 la coquille Saint-Jacques<\/a> qui avait \u00e9t\u00e9 examin\u00e9e le 2&nbsp;octobre. Un matelot du Jade III avait \u00e9t\u00e9 bless\u00e9 \u00e0 la t\u00eate lors de la rupture d&rsquo;un \u00ab\u00a0b\u00e2ton de cul\u00a0\u00bb pr\u00e8s des <a href=\"https:\/\/www.lamanchelibre.fr\/actualite-1143111-granville-ile-de-chausey-un-groupe-electrogene-en-cours-de-renouvellement\" target=\"_blank\" rel=\"nofollow\">\u00eeles Chausey<\/a> au large de Granville. C&rsquo;est une pi\u00e8ce d&rsquo;une centaine de kilos qui fait partie de la drague qui a rompu. Il \u00e9tait reproch\u00e9 au capitaine et \u00e0 l&rsquo;armateur de ne s&rsquo;\u00eatre pas assur\u00e9 que le matelot avait \u00e9t\u00e9 form\u00e9 \u00e0 la s\u00e9curit\u00e9 sur le navire et de n&rsquo;avoir pas v\u00e9rifi\u00e9 que le matelot portait l&rsquo;\u00e9quipement individuel de s\u00e9curit\u00e9 dont un casque. Le marin avait eu d&rsquo;abord 30 jours d&rsquo;ITT puis avait d\u00e9velopp\u00e9 des complications qui lui ont valu sept mois d&rsquo;incapacit\u00e9 de travail suite \u00e0 l&rsquo;accident. La d\u00e9fense estimait que sa pathologie pouvait \u00eatre la cons\u00e9quence de sa consommation de cannabis. Le tribunal d\u00e9clare le capitaine coupable et le condamne \u00e0 six mois de sursis simple. L&rsquo;armateur \u00e9cope d&rsquo;amendes pour un montant total de 19&nbsp;000\u20ac.<\/p>\n<p> accidentdutravail-idf.net vous a pr\u00e9par\u00e9 ce post qui informe du sujet \u00ab\u00a0Association Sportive Huisson-Longueville Essonne\u00a0\u00bb. La chronique se veut g\u00e9n\u00e9r\u00e9e du mieux possible. Vous pouvez utiliser les coordonn\u00e9es indiqu\u00e9es sur le site dans le but d\u2019apporter des explications sur ce post qui parle du th\u00e8me \u00ab\u00a0Association Sportive Huisson-Longueville Essonne\u00a0\u00bb. Le site accidentdutravail-idf.net a pour but de fournir diverses publications sur la th\u00e9matique Association Sportive Huisson-Longueville Essonne diffus\u00e9es sur le net. Il y aura plusieurs articles autour du sujet \u00ab\u00a0Association Sportive Huisson-Longueville Essonne\u00a0\u00bb dans quelques jours, nous vous invitons \u00e0 naviguer sur notre site web \u00e0 plusieurs reprises.<\/p>\n","protected":false},"excerpt":{"rendered":"<p>Le tribunal de Coutances a rendu le mercredi 13&nbsp;novembre son d\u00e9lib\u00e9r\u00e9 dans l&rsquo;affaire de manquements aux r\u00e8gles de s\u00e9curit\u00e9 \u00e0 la suite d&rsquo;un accident du travail sur un bateau de p\u00eache \u00e0 la coquille Saint-Jacques qui avait \u00e9t\u00e9 examin\u00e9e le 2&nbsp;octobre. Un matelot du Jade III avait \u00e9t\u00e9 bless\u00e9 \u00e0 la t\u00eate lors de la &hellip; <\/p>\n<p class=\"link-more\"><a href=\"https:\/\/www.accidentdutravail-idf.net\/blog\/granville-accident-de-peche-a-la-coquille-le-capitaine-condamne\/\" class=\"more-link\">Continuer la lecture <span class=\"screen-reader-text\"> \u00ab\u00a0Granville. Accident de p\u00eache \u00e0 la coquille : le capitaine condamn\u00e9\u00a0\u00bb<\/span><\/a><\/p>\n","protected":false},"author":2,"featured_media":0,"comment_status":"closed","ping_status":"closed","sticky":false,"template":"","format":"standard","meta":{"footnotes":""},"categories":[5],"tags":[],"class_list":["post-1010","post","type-post","status-publish","format-standard","hentry","category-securite-du-travail-en-ile-de-france-et-divers","entry"],"yoast_head":"<!-- This site is optimized with the Yoast SEO plugin v27.5 - https:\/\/yoast.com\/product\/yoast-seo-wordpress\/ -->\n<title>Granville. Accident de p\u00eache \u00e0 la coquille : le capitaine condamn\u00e9 - ACCIDENTDUTRAVAIL-IDF<\/title>\n<meta name=\"description\" content=\"Granville. Accident de p\u00eache \u00e0 la coquille : le capitaine condamn\u00e9 article de ACCIDENTDUTRAVAIL-IDF\" \/>\n<meta name=\"robots\" content=\"index, follow, max-snippet:-1, max-image-preview:large, max-video-preview:-1\" \/>\n<link rel=\"canonical\" href=\"https:\/\/www.accidentdutravail-idf.net\/blog\/granville-accident-de-peche-a-la-coquille-le-capitaine-condamne\/\" \/>\n<meta property=\"og:locale\" content=\"fr_FR\" \/>\n<meta property=\"og:type\" content=\"article\" \/>\n<meta property=\"og:title\" content=\"Granville. Accident de p\u00eache \u00e0 la coquille : le capitaine condamn\u00e9 - ACCIDENTDUTRAVAIL-IDF\" \/>\n<meta property=\"og:description\" content=\"Granville. Accident de p\u00eache \u00e0 la coquille : le capitaine condamn\u00e9 article de ACCIDENTDUTRAVAIL-IDF\" \/>\n<meta property=\"og:url\" content=\"https:\/\/www.accidentdutravail-idf.net\/blog\/granville-accident-de-peche-a-la-coquille-le-capitaine-condamne\/\" \/>\n<meta property=\"og:site_name\" content=\"ACCIDENTDUTRAVAIL-IDF\" \/>\n<meta property=\"article:published_time\" content=\"2024-11-17T04:41:00+00:00\" \/>\n<meta property=\"og:image\" content=\"https:\/\/www.accidentdutravail-idf.net\/blog\/wp-content\/uploads\/2024\/11\/granville-accident-de-peche-a-la-coquille-le-capitaine-condamne.jpg\" \/>\n<meta name=\"author\" content=\"Carlos Poulain\" \/>\n<meta name=\"twitter:card\" content=\"summary_large_image\" \/>\n<meta name=\"twitter:label1\" content=\"\u00c9crit par\" \/>\n\t<meta name=\"twitter:data1\" content=\"Carlos Poulain\" \/>\n\t<meta name=\"twitter:label2\" content=\"Dur\u00e9e de lecture estim\u00e9e\" \/>\n\t<meta name=\"twitter:data2\" content=\"2 minutes\" \/>\n<script type=\"application\/ld+json\" class=\"yoast-schema-graph\">{\"@context\":\"https:\\\/\\\/schema.org\",\"@graph\":[{\"@type\":\"Article\",\"@id\":\"https:\\\/\\\/www.accidentdutravail-idf.net\\\/blog\\\/granville-accident-de-peche-a-la-coquille-le-capitaine-condamne\\\/#article\",\"isPartOf\":{\"@id\":\"https:\\\/\\\/www.accidentdutravail-idf.net\\\/blog\\\/granville-accident-de-peche-a-la-coquille-le-capitaine-condamne\\\/\"},\"author\":{\"name\":\"Carlos Poulain\",\"@id\":\"https:\\\/\\\/www.accidentdutravail-idf.net\\\/blog\\\/#\\\/schema\\\/person\\\/3255d2f970de45e64bd9201f38e7b947\"},\"headline\":\"Granville. Accident de p\u00eache \u00e0 la coquille : le capitaine condamn\u00e9\",\"datePublished\":\"2024-11-17T04:41:00+00:00\",\"mainEntityOfPage\":{\"@id\":\"https:\\\/\\\/www.accidentdutravail-idf.net\\\/blog\\\/granville-accident-de-peche-a-la-coquille-le-capitaine-condamne\\\/\"},\"wordCount\":318,\"publisher\":{\"@id\":\"https:\\\/\\\/www.accidentdutravail-idf.net\\\/blog\\\/#organization\"},\"image\":{\"@id\":\"https:\\\/\\\/www.accidentdutravail-idf.net\\\/blog\\\/granville-accident-de-peche-a-la-coquille-le-capitaine-condamne\\\/#primaryimage\"},\"thumbnailUrl\":\"https:\\\/\\\/www.accidentdutravail-idf.net\\\/blog\\\/wp-content\\\/uploads\\\/2024\\\/11\\\/granville-accident-de-peche-a-la-coquille-le-capitaine-condamne.jpg\",\"articleSection\":[\"S\u00e9curit\u00e9 Du Travail En Ile-De-France Et Divers:\"],\"inLanguage\":\"fr-FR\"},{\"@type\":\"WebPage\",\"@id\":\"https:\\\/\\\/www.accidentdutravail-idf.net\\\/blog\\\/granville-accident-de-peche-a-la-coquille-le-capitaine-condamne\\\/\",\"url\":\"https:\\\/\\\/www.accidentdutravail-idf.net\\\/blog\\\/granville-accident-de-peche-a-la-coquille-le-capitaine-condamne\\\/\",\"name\":\"Granville. Accident de p\u00eache \u00e0 la coquille : le capitaine condamn\u00e9 - ACCIDENTDUTRAVAIL-IDF\",\"isPartOf\":{\"@id\":\"https:\\\/\\\/www.accidentdutravail-idf.net\\\/blog\\\/#website\"},\"primaryImageOfPage\":{\"@id\":\"https:\\\/\\\/www.accidentdutravail-idf.net\\\/blog\\\/granville-accident-de-peche-a-la-coquille-le-capitaine-condamne\\\/#primaryimage\"},\"image\":{\"@id\":\"https:\\\/\\\/www.accidentdutravail-idf.net\\\/blog\\\/granville-accident-de-peche-a-la-coquille-le-capitaine-condamne\\\/#primaryimage\"},\"thumbnailUrl\":\"https:\\\/\\\/www.accidentdutravail-idf.net\\\/blog\\\/wp-content\\\/uploads\\\/2024\\\/11\\\/granville-accident-de-peche-a-la-coquille-le-capitaine-condamne.jpg\",\"datePublished\":\"2024-11-17T04:41:00+00:00\",\"description\":\"Granville. Accident de p\u00eache \u00e0 la coquille : le capitaine condamn\u00e9 article de ACCIDENTDUTRAVAIL-IDF\",\"breadcrumb\":{\"@id\":\"https:\\\/\\\/www.accidentdutravail-idf.net\\\/blog\\\/granville-accident-de-peche-a-la-coquille-le-capitaine-condamne\\\/#breadcrumb\"},\"inLanguage\":\"fr-FR\",\"potentialAction\":[{\"@type\":\"ReadAction\",\"target\":[\"https:\\\/\\\/www.accidentdutravail-idf.net\\\/blog\\\/granville-accident-de-peche-a-la-coquille-le-capitaine-condamne\\\/\"]}]},{\"@type\":\"ImageObject\",\"inLanguage\":\"fr-FR\",\"@id\":\"https:\\\/\\\/www.accidentdutravail-idf.net\\\/blog\\\/granville-accident-de-peche-a-la-coquille-le-capitaine-condamne\\\/#primaryimage\",\"url\":\"https:\\\/\\\/www.accidentdutravail-idf.net\\\/blog\\\/wp-content\\\/uploads\\\/2024\\\/11\\\/granville-accident-de-peche-a-la-coquille-le-capitaine-condamne.jpg\",\"contentUrl\":\"https:\\\/\\\/www.accidentdutravail-idf.net\\\/blog\\\/wp-content\\\/uploads\\\/2024\\\/11\\\/granville-accident-de-peche-a-la-coquille-le-capitaine-condamne.jpg\"},{\"@type\":\"BreadcrumbList\",\"@id\":\"https:\\\/\\\/www.accidentdutravail-idf.net\\\/blog\\\/granville-accident-de-peche-a-la-coquille-le-capitaine-condamne\\\/#breadcrumb\",\"itemListElement\":[{\"@type\":\"ListItem\",\"position\":1,\"name\":\"Accueil\",\"item\":\"https:\\\/\\\/www.accidentdutravail-idf.net\\\/blog\\\/\"},{\"@type\":\"ListItem\",\"position\":2,\"name\":\"Granville. Accident de p\u00eache \u00e0 la coquille : le capitaine condamn\u00e9\"}]},{\"@type\":\"WebSite\",\"@id\":\"https:\\\/\\\/www.accidentdutravail-idf.net\\\/blog\\\/#website\",\"url\":\"https:\\\/\\\/www.accidentdutravail-idf.net\\\/blog\\\/\",\"name\":\"ACCIDENTDUTRAVAIL-IDF\",\"description\":\"Portail accidents du travail-maladies professionnelles des entreprises d&#039;Ile-de-France\",\"publisher\":{\"@id\":\"https:\\\/\\\/www.accidentdutravail-idf.net\\\/blog\\\/#organization\"},\"potentialAction\":[{\"@type\":\"SearchAction\",\"target\":{\"@type\":\"EntryPoint\",\"urlTemplate\":\"https:\\\/\\\/www.accidentdutravail-idf.net\\\/blog\\\/?s={search_term_string}\"},\"query-input\":{\"@type\":\"PropertyValueSpecification\",\"valueRequired\":true,\"valueName\":\"search_term_string\"}}],\"inLanguage\":\"fr-FR\"},{\"@type\":\"Organization\",\"@id\":\"https:\\\/\\\/www.accidentdutravail-idf.net\\\/blog\\\/#organization\",\"name\":\"accidentdutravail-idf\",\"url\":\"https:\\\/\\\/www.accidentdutravail-idf.net\\\/blog\\\/\",\"logo\":{\"@type\":\"ImageObject\",\"inLanguage\":\"fr-FR\",\"@id\":\"https:\\\/\\\/www.accidentdutravail-idf.net\\\/blog\\\/#\\\/schema\\\/logo\\\/image\\\/\",\"url\":\"https:\\\/\\\/www.accidentdutravail-idf.net\\\/blog\\\/wp-content\\\/uploads\\\/2022\\\/09\\\/logo-2.png\",\"contentUrl\":\"https:\\\/\\\/www.accidentdutravail-idf.net\\\/blog\\\/wp-content\\\/uploads\\\/2022\\\/09\\\/logo-2.png\",\"width\":380,\"height\":291,\"caption\":\"accidentdutravail-idf\"},\"image\":{\"@id\":\"https:\\\/\\\/www.accidentdutravail-idf.net\\\/blog\\\/#\\\/schema\\\/logo\\\/image\\\/\"}},{\"@type\":\"Person\",\"@id\":\"https:\\\/\\\/www.accidentdutravail-idf.net\\\/blog\\\/#\\\/schema\\\/person\\\/3255d2f970de45e64bd9201f38e7b947\",\"name\":\"Carlos Poulain\",\"image\":{\"@type\":\"ImageObject\",\"inLanguage\":\"fr-FR\",\"@id\":\"https:\\\/\\\/secure.gravatar.com\\\/avatar\\\/b1c2f9d3588e34e91adb093635df64ef4b2381991216be7576466cfcdca4baf3?s=96&d=mm&r=g\",\"url\":\"https:\\\/\\\/secure.gravatar.com\\\/avatar\\\/b1c2f9d3588e34e91adb093635df64ef4b2381991216be7576466cfcdca4baf3?s=96&d=mm&r=g\",\"contentUrl\":\"https:\\\/\\\/secure.gravatar.com\\\/avatar\\\/b1c2f9d3588e34e91adb093635df64ef4b2381991216be7576466cfcdca4baf3?s=96&d=mm&r=g\",\"caption\":\"Carlos Poulain\"},\"url\":\"https:\\\/\\\/www.accidentdutravail-idf.net\\\/blog\\\/author\\\/idfcarlos\\\/\"}]}<\/script>\n<!-- \/ Yoast SEO plugin. -->","yoast_head_json":{"title":"Granville. Accident de p\u00eache \u00e0 la coquille : le capitaine condamn\u00e9 - ACCIDENTDUTRAVAIL-IDF","description":"Granville. Accident de p\u00eache \u00e0 la coquille : le capitaine condamn\u00e9 article de ACCIDENTDUTRAVAIL-IDF","robots":{"index":"index","follow":"follow","max-snippet":"max-snippet:-1","max-image-preview":"max-image-preview:large","max-video-preview":"max-video-preview:-1"},"canonical":"https:\/\/www.accidentdutravail-idf.net\/blog\/granville-accident-de-peche-a-la-coquille-le-capitaine-condamne\/","og_locale":"fr_FR","og_type":"article","og_title":"Granville. Accident de p\u00eache \u00e0 la coquille : le capitaine condamn\u00e9 - ACCIDENTDUTRAVAIL-IDF","og_description":"Granville. Accident de p\u00eache \u00e0 la coquille : le capitaine condamn\u00e9 article de ACCIDENTDUTRAVAIL-IDF","og_url":"https:\/\/www.accidentdutravail-idf.net\/blog\/granville-accident-de-peche-a-la-coquille-le-capitaine-condamne\/","og_site_name":"ACCIDENTDUTRAVAIL-IDF","article_published_time":"2024-11-17T04:41:00+00:00","og_image":[{"url":"https:\/\/www.accidentdutravail-idf.net\/blog\/wp-content\/uploads\/2024\/11\/granville-accident-de-peche-a-la-coquille-le-capitaine-condamne.jpg","type":"","width":"","height":""}],"author":"Carlos Poulain","twitter_card":"summary_large_image","twitter_misc":{"\u00c9crit par":"Carlos Poulain","Dur\u00e9e de lecture estim\u00e9e":"2 minutes"},"schema":{"@context":"https:\/\/schema.org","@graph":[{"@type":"Article","@id":"https:\/\/www.accidentdutravail-idf.net\/blog\/granville-accident-de-peche-a-la-coquille-le-capitaine-condamne\/#article","isPartOf":{"@id":"https:\/\/www.accidentdutravail-idf.net\/blog\/granville-accident-de-peche-a-la-coquille-le-capitaine-condamne\/"},"author":{"name":"Carlos Poulain","@id":"https:\/\/www.accidentdutravail-idf.net\/blog\/#\/schema\/person\/3255d2f970de45e64bd9201f38e7b947"},"headline":"Granville. Accident de p\u00eache \u00e0 la coquille : le capitaine condamn\u00e9","datePublished":"2024-11-17T04:41:00+00:00","mainEntityOfPage":{"@id":"https:\/\/www.accidentdutravail-idf.net\/blog\/granville-accident-de-peche-a-la-coquille-le-capitaine-condamne\/"},"wordCount":318,"publisher":{"@id":"https:\/\/www.accidentdutravail-idf.net\/blog\/#organization"},"image":{"@id":"https:\/\/www.accidentdutravail-idf.net\/blog\/granville-accident-de-peche-a-la-coquille-le-capitaine-condamne\/#primaryimage"},"thumbnailUrl":"https:\/\/www.accidentdutravail-idf.net\/blog\/wp-content\/uploads\/2024\/11\/granville-accident-de-peche-a-la-coquille-le-capitaine-condamne.jpg","articleSection":["S\u00e9curit\u00e9 Du Travail En Ile-De-France Et Divers:"],"inLanguage":"fr-FR"},{"@type":"WebPage","@id":"https:\/\/www.accidentdutravail-idf.net\/blog\/granville-accident-de-peche-a-la-coquille-le-capitaine-condamne\/","url":"https:\/\/www.accidentdutravail-idf.net\/blog\/granville-accident-de-peche-a-la-coquille-le-capitaine-condamne\/","name":"Granville. Accident de p\u00eache \u00e0 la coquille : le capitaine condamn\u00e9 - ACCIDENTDUTRAVAIL-IDF","isPartOf":{"@id":"https:\/\/www.accidentdutravail-idf.net\/blog\/#website"},"primaryImageOfPage":{"@id":"https:\/\/www.accidentdutravail-idf.net\/blog\/granville-accident-de-peche-a-la-coquille-le-capitaine-condamne\/#primaryimage"},"image":{"@id":"https:\/\/www.accidentdutravail-idf.net\/blog\/granville-accident-de-peche-a-la-coquille-le-capitaine-condamne\/#primaryimage"},"thumbnailUrl":"https:\/\/www.accidentdutravail-idf.net\/blog\/wp-content\/uploads\/2024\/11\/granville-accident-de-peche-a-la-coquille-le-capitaine-condamne.jpg","datePublished":"2024-11-17T04:41:00+00:00","description":"Granville. Accident de p\u00eache \u00e0 la coquille : le capitaine condamn\u00e9 article de ACCIDENTDUTRAVAIL-IDF","breadcrumb":{"@id":"https:\/\/www.accidentdutravail-idf.net\/blog\/granville-accident-de-peche-a-la-coquille-le-capitaine-condamne\/#breadcrumb"},"inLanguage":"fr-FR","potentialAction":[{"@type":"ReadAction","target":["https:\/\/www.accidentdutravail-idf.net\/blog\/granville-accident-de-peche-a-la-coquille-le-capitaine-condamne\/"]}]},{"@type":"ImageObject","inLanguage":"fr-FR","@id":"https:\/\/www.accidentdutravail-idf.net\/blog\/granville-accident-de-peche-a-la-coquille-le-capitaine-condamne\/#primaryimage","url":"https:\/\/www.accidentdutravail-idf.net\/blog\/wp-content\/uploads\/2024\/11\/granville-accident-de-peche-a-la-coquille-le-capitaine-condamne.jpg","contentUrl":"https:\/\/www.accidentdutravail-idf.net\/blog\/wp-content\/uploads\/2024\/11\/granville-accident-de-peche-a-la-coquille-le-capitaine-condamne.jpg"},{"@type":"BreadcrumbList","@id":"https:\/\/www.accidentdutravail-idf.net\/blog\/granville-accident-de-peche-a-la-coquille-le-capitaine-condamne\/#breadcrumb","itemListElement":[{"@type":"ListItem","position":1,"name":"Accueil","item":"https:\/\/www.accidentdutravail-idf.net\/blog\/"},{"@type":"ListItem","position":2,"name":"Granville. Accident de p\u00eache \u00e0 la coquille : le capitaine condamn\u00e9"}]},{"@type":"WebSite","@id":"https:\/\/www.accidentdutravail-idf.net\/blog\/#website","url":"https:\/\/www.accidentdutravail-idf.net\/blog\/","name":"ACCIDENTDUTRAVAIL-IDF","description":"Portail accidents du travail-maladies professionnelles des entreprises d&#039;Ile-de-France","publisher":{"@id":"https:\/\/www.accidentdutravail-idf.net\/blog\/#organization"},"potentialAction":[{"@type":"SearchAction","target":{"@type":"EntryPoint","urlTemplate":"https:\/\/www.accidentdutravail-idf.net\/blog\/?s={search_term_string}"},"query-input":{"@type":"PropertyValueSpecification","valueRequired":true,"valueName":"search_term_string"}}],"inLanguage":"fr-FR"},{"@type":"Organization","@id":"https:\/\/www.accidentdutravail-idf.net\/blog\/#organization","name":"accidentdutravail-idf","url":"https:\/\/www.accidentdutravail-idf.net\/blog\/","logo":{"@type":"ImageObject","inLanguage":"fr-FR","@id":"https:\/\/www.accidentdutravail-idf.net\/blog\/#\/schema\/logo\/image\/","url":"https:\/\/www.accidentdutravail-idf.net\/blog\/wp-content\/uploads\/2022\/09\/logo-2.png","contentUrl":"https:\/\/www.accidentdutravail-idf.net\/blog\/wp-content\/uploads\/2022\/09\/logo-2.png","width":380,"height":291,"caption":"accidentdutravail-idf"},"image":{"@id":"https:\/\/www.accidentdutravail-idf.net\/blog\/#\/schema\/logo\/image\/"}},{"@type":"Person","@id":"https:\/\/www.accidentdutravail-idf.net\/blog\/#\/schema\/person\/3255d2f970de45e64bd9201f38e7b947","name":"Carlos Poulain","image":{"@type":"ImageObject","inLanguage":"fr-FR","@id":"https:\/\/secure.gravatar.com\/avatar\/b1c2f9d3588e34e91adb093635df64ef4b2381991216be7576466cfcdca4baf3?s=96&d=mm&r=g","url":"https:\/\/secure.gravatar.com\/avatar\/b1c2f9d3588e34e91adb093635df64ef4b2381991216be7576466cfcdca4baf3?s=96&d=mm&r=g","contentUrl":"https:\/\/secure.gravatar.com\/avatar\/b1c2f9d3588e34e91adb093635df64ef4b2381991216be7576466cfcdca4baf3?s=96&d=mm&r=g","caption":"Carlos Poulain"},"url":"https:\/\/www.accidentdutravail-idf.net\/blog\/author\/idfcarlos\/"}]}},"_links":{"self":[{"href":"https:\/\/www.accidentdutravail-idf.net\/blog\/wp-json\/wp\/v2\/posts\/1010","targetHints":{"allow":["GET"]}}],"collection":[{"href":"https:\/\/www.accidentdutravail-idf.net\/blog\/wp-json\/wp\/v2\/posts"}],"about":[{"href":"https:\/\/www.accidentdutravail-idf.net\/blog\/wp-json\/wp\/v2\/types\/post"}],"author":[{"embeddable":true,"href":"https:\/\/www.accidentdutravail-idf.net\/blog\/wp-json\/wp\/v2\/users\/2"}],"replies":[{"embeddable":true,"href":"https:\/\/www.accidentdutravail-idf.net\/blog\/wp-json\/wp\/v2\/comments?post=1010"}],"version-history":[{"count":0,"href":"https:\/\/www.accidentdutravail-idf.net\/blog\/wp-json\/wp\/v2\/posts\/1010\/revisions"}],"wp:attachment":[{"href":"https:\/\/www.accidentdutravail-idf.net\/blog\/wp-json\/wp\/v2\/media?parent=1010"}],"wp:term":[{"taxonomy":"category","embeddable":true,"href":"https:\/\/www.accidentdutravail-idf.net\/blog\/wp-json\/wp\/v2\/categories?post=1010"},{"taxonomy":"post_tag","embeddable":true,"href":"https:\/\/www.accidentdutravail-idf.net\/blog\/wp-json\/wp\/v2\/tags?post=1010"}],"curies":[{"name":"wp","href":"https:\/\/api.w.org\/{rel}","templated":true}]}}