{"id":1005,"date":"2024-11-14T01:59:00","date_gmt":"2024-11-14T00:59:00","guid":{"rendered":"https:\/\/www.accidentdutravail-idf.net\/blog\/chutes-mortelles-et-accidents-de-travail-a-saint-renan-lentreprise-helies-couvertures-se-forme-aux-premiers-secours\/"},"modified":"2024-11-14T01:59:00","modified_gmt":"2024-11-14T00:59:00","slug":"chutes-mortelles-et-accidents-de-travail-a-saint-renan-lentreprise-helies-couvertures-se-forme-aux-premiers-secours","status":"publish","type":"post","link":"https:\/\/www.accidentdutravail-idf.net\/blog\/chutes-mortelles-et-accidents-de-travail-a-saint-renan-lentreprise-helies-couvertures-se-forme-aux-premiers-secours\/","title":{"rendered":"Chutes mortelles et accidents de travail : \u00e0 Saint-Renan, l\u2019entreprise Helies couvertures se forme aux premiers secours"},"content":{"rendered":"<div><img decoding=\"async\" src=\"https:\/\/www.accidentdutravail-idf.net\/blog\/wp-content\/uploads\/2024\/11\/chutes-mortelles-et-accidents-de-travail-a-saint-renan-lentreprise-helies-couvertures-se-forme-aux-premiers-secours.jpg\" class=\"ff-og-image-inserted\"><\/div>\n<div>\n<p>L\u2019entreprise J. Helies couvertures de Saint-Renan organisait, mercredi 13 novembre 2024, <a href=\"https:\/\/www.letelegramme.fr\/finistere\/rosporden-29140\/a-rosporden-lattrait-pour-les-formations-aux-premiers-secours-ne-se-dement-pas-6687710.php\" target=\"_blank\" rel=\"nofollow\">une formation premiers secours citoyen (PSC)<\/a> au profit de ses employ\u00e9s, dispens\u00e9e par un repr\u00e9sentant de l\u2019union d\u00e9partementale des sapeurs pompiers du Finist\u00e8re.<\/p>\n<h2>\u00ab&nbsp;Les probl\u00e8mes de chute touchent notre c\u0153ur de m\u00e9tier&nbsp;\u00bb<\/h2>\n<\/div>\n<div aria-hidden=\"true\">\n<p>J. Helies est une entreprise familiale dans le domaine de la couverture zinguerie depuis 1976, transmise de p\u00e8re en fils, implant\u00e9e depuis quelques ann\u00e9es \u00e0 Saint-Renan. \u00ab&nbsp;Nous avons souhait\u00e9 former nos six salari\u00e9s pour r\u00e9agir en cas d\u2019accident car les probl\u00e8mes de chute touchent notre c\u0153ur de m\u00e9tier de couvreur. C\u2019est une formation premiers secours r\u00e9alis\u00e9e en lien avec les \u00e9v\u00e9nements dramatiques qu\u2019ont connu ces derniers mois certaines entreprises de couverture dans le Finist\u00e8re&nbsp;\u00bb explique James Helies, le g\u00e9rant. Un jeune couvreur est d\u00e9c\u00e9d\u00e9 en juin 2024, apr\u00e8s une chute mortelle du toit d\u2019un hangar agricole, dans la commune de Milizac-Guipronvel.<\/p>\n<h2>\u00ab&nbsp;Nous esp\u00e9rons ne pas devoir appliquer cette formation sur nos chantiers&nbsp;\u00bb<\/h2>\n<\/div>\n<div aria-hidden=\"true\">\n<p>\u00ab&nbsp;Nous sommes tous conscients des risques du m\u00e9tier et nous prenons toutes les dispositions de s\u00e9curit\u00e9 mais le risque z\u00e9ro n\u2019existe pas. Cet apprentissage peut nous servir aussi dans la vie de tous les jours aupr\u00e8s de nos enfants, sur la route&nbsp;\u00bb confie Tristan Audrezet, employ\u00e9 depuis trois ans dans l\u2019entreprise. \u00ab&nbsp;Nos salari\u00e9s sont form\u00e9s au d\u00e9part au travail en hauteur et au montage et d\u00e9montage des \u00e9chafaudages. Et, dans le cadre de la pr\u00e9vention et de la qualit\u00e9 au travail, nous avons investi dans des grues sp\u00e9cialis\u00e9es pour hisser le mat\u00e9riel (fen\u00eatres, ardoises, etc.)&nbsp;\u00bb, rajoute le g\u00e9rant. \u00ab&nbsp;La s\u00e9curit\u00e9 est la priorit\u00e9 absolue. Nous esp\u00e9rons ne pas devoir appliquer cette formation sur nos chantiers, mais c\u2019est important d\u2019\u00eatre sensibilis\u00e9s aux risques et savoir comment r\u00e9agir, quoi faire et ne pas faire, surtout en cas de chutes de hauteur&nbsp;\u00bb. L\u2019entreprise vient \u00e9galement de compl\u00e9ter ses trousses de secours, disponibles dans leurs v\u00e9hicules, avec des pansements isra\u00e9liens (pansements compressifs d\u2019urgence) et des garrots.<\/p>\n<h3 class=\"titre-note\">Contact<\/h3>\n<p class=\"note\">J. Helies Couverture, ZA de Mespaol, 8, rue des artisans \u00e0 Saint-Renan. T\u00e9l&nbsp;: 02&nbsp;98&nbsp;32&nbsp;68&nbsp;51<\/p>\n<\/div>\n<p>accidentdutravail-idf.net vous a pr\u00e9par\u00e9 ce post qui informe du sujet \u00ab\u00a0Association Sportive Huisson-Longueville Essonne\u00a0\u00bb. La chronique se veut g\u00e9n\u00e9r\u00e9e du mieux possible. Vous pouvez utiliser les coordonn\u00e9es indiqu\u00e9es sur le site dans le but d\u2019apporter des explications sur ce post qui parle du th\u00e8me \u00ab\u00a0Association Sportive Huisson-Longueville Essonne\u00a0\u00bb. Le site accidentdutravail-idf.net a pour but de fournir diverses publications sur la th\u00e9matique Association Sportive Huisson-Longueville Essonne diffus\u00e9es sur le net. Il y aura plusieurs articles autour du sujet \u00ab\u00a0Association Sportive Huisson-Longueville Essonne\u00a0\u00bb dans quelques jours, nous vous invitons \u00e0 naviguer sur notre site web \u00e0 plusieurs reprises.<\/p>\n","protected":false},"excerpt":{"rendered":"<p>L\u2019entreprise J. Helies couvertures de Saint-Renan organisait, mercredi 13 novembre 2024, une formation premiers secours citoyen (PSC) au profit de ses employ\u00e9s, dispens\u00e9e par un repr\u00e9sentant de l\u2019union d\u00e9partementale des sapeurs pompiers du Finist\u00e8re. \u00ab&nbsp;Les probl\u00e8mes de chute touchent notre c\u0153ur de m\u00e9tier&nbsp;\u00bb J. Helies est une entreprise familiale dans le domaine de la couverture &hellip; <\/p>\n<p class=\"link-more\"><a href=\"https:\/\/www.accidentdutravail-idf.net\/blog\/chutes-mortelles-et-accidents-de-travail-a-saint-renan-lentreprise-helies-couvertures-se-forme-aux-premiers-secours\/\" class=\"more-link\">Continuer la lecture <span class=\"screen-reader-text\"> \u00ab\u00a0Chutes mortelles et accidents de travail : \u00e0 Saint-Renan, l\u2019entreprise Helies couvertures se forme aux premiers secours\u00a0\u00bb<\/span><\/a><\/p>\n","protected":false},"author":2,"featured_media":0,"comment_status":"closed","ping_status":"closed","sticky":false,"template":"","format":"standard","meta":{"footnotes":""},"categories":[5],"tags":[],"class_list":["post-1005","post","type-post","status-publish","format-standard","hentry","category-securite-du-travail-en-ile-de-france-et-divers","entry"],"yoast_head":"<!-- This site is optimized with the Yoast SEO plugin v27.5 - https:\/\/yoast.com\/product\/yoast-seo-wordpress\/ -->\n<title>Chutes mortelles et accidents de travail : \u00e0 Saint-Renan, l\u2019entreprise Helies couvertures se forme aux premiers secours - ACCIDENTDUTRAVAIL-IDF<\/title>\n<meta name=\"description\" content=\"Chutes mortelles et accidents de travail : \u00e0 Saint-Renan, l\u2019entreprise Helies couvertures se forme aux premiers secours article de ACCIDENTDUTRAVAIL-IDF\" \/>\n<meta name=\"robots\" content=\"index, follow, max-snippet:-1, max-image-preview:large, max-video-preview:-1\" \/>\n<link rel=\"canonical\" href=\"https:\/\/www.accidentdutravail-idf.net\/blog\/chutes-mortelles-et-accidents-de-travail-a-saint-renan-lentreprise-helies-couvertures-se-forme-aux-premiers-secours\/\" \/>\n<meta property=\"og:locale\" content=\"fr_FR\" \/>\n<meta property=\"og:type\" content=\"article\" \/>\n<meta property=\"og:title\" content=\"Chutes mortelles et accidents de travail : \u00e0 Saint-Renan, l\u2019entreprise Helies couvertures se forme aux premiers secours - ACCIDENTDUTRAVAIL-IDF\" \/>\n<meta property=\"og:description\" content=\"Chutes mortelles et accidents de travail : \u00e0 Saint-Renan, l\u2019entreprise Helies couvertures se forme aux premiers secours article de ACCIDENTDUTRAVAIL-IDF\" \/>\n<meta property=\"og:url\" content=\"https:\/\/www.accidentdutravail-idf.net\/blog\/chutes-mortelles-et-accidents-de-travail-a-saint-renan-lentreprise-helies-couvertures-se-forme-aux-premiers-secours\/\" \/>\n<meta property=\"og:site_name\" content=\"ACCIDENTDUTRAVAIL-IDF\" \/>\n<meta property=\"article:published_time\" content=\"2024-11-14T00:59:00+00:00\" \/>\n<meta property=\"og:image\" content=\"https:\/\/www.accidentdutravail-idf.net\/blog\/wp-content\/uploads\/2024\/11\/chutes-mortelles-et-accidents-de-travail-a-saint-renan-lentreprise-helies-couvertures-se-forme-aux-premiers-secours.jpg\" \/>\n<meta name=\"author\" content=\"Carlos Poulain\" \/>\n<meta name=\"twitter:card\" content=\"summary_large_image\" \/>\n<meta name=\"twitter:label1\" content=\"\u00c9crit par\" \/>\n\t<meta name=\"twitter:data1\" content=\"Carlos Poulain\" \/>\n\t<meta name=\"twitter:label2\" content=\"Dur\u00e9e de lecture estim\u00e9e\" \/>\n\t<meta name=\"twitter:data2\" content=\"3 minutes\" \/>\n<script type=\"application\/ld+json\" class=\"yoast-schema-graph\">{\"@context\":\"https:\\\/\\\/schema.org\",\"@graph\":[{\"@type\":\"Article\",\"@id\":\"https:\\\/\\\/www.accidentdutravail-idf.net\\\/blog\\\/chutes-mortelles-et-accidents-de-travail-a-saint-renan-lentreprise-helies-couvertures-se-forme-aux-premiers-secours\\\/#article\",\"isPartOf\":{\"@id\":\"https:\\\/\\\/www.accidentdutravail-idf.net\\\/blog\\\/chutes-mortelles-et-accidents-de-travail-a-saint-renan-lentreprise-helies-couvertures-se-forme-aux-premiers-secours\\\/\"},\"author\":{\"name\":\"Carlos Poulain\",\"@id\":\"https:\\\/\\\/www.accidentdutravail-idf.net\\\/blog\\\/#\\\/schema\\\/person\\\/3255d2f970de45e64bd9201f38e7b947\"},\"headline\":\"Chutes mortelles et accidents de travail : \u00e0 Saint-Renan, l\u2019entreprise Helies couvertures se forme aux premiers secours\",\"datePublished\":\"2024-11-14T00:59:00+00:00\",\"mainEntityOfPage\":{\"@id\":\"https:\\\/\\\/www.accidentdutravail-idf.net\\\/blog\\\/chutes-mortelles-et-accidents-de-travail-a-saint-renan-lentreprise-helies-couvertures-se-forme-aux-premiers-secours\\\/\"},\"wordCount\":522,\"publisher\":{\"@id\":\"https:\\\/\\\/www.accidentdutravail-idf.net\\\/blog\\\/#organization\"},\"image\":{\"@id\":\"https:\\\/\\\/www.accidentdutravail-idf.net\\\/blog\\\/chutes-mortelles-et-accidents-de-travail-a-saint-renan-lentreprise-helies-couvertures-se-forme-aux-premiers-secours\\\/#primaryimage\"},\"thumbnailUrl\":\"https:\\\/\\\/www.accidentdutravail-idf.net\\\/blog\\\/wp-content\\\/uploads\\\/2024\\\/11\\\/chutes-mortelles-et-accidents-de-travail-a-saint-renan-lentreprise-helies-couvertures-se-forme-aux-premiers-secours.jpg\",\"articleSection\":[\"S\u00e9curit\u00e9 Du Travail En Ile-De-France Et Divers:\"],\"inLanguage\":\"fr-FR\"},{\"@type\":\"WebPage\",\"@id\":\"https:\\\/\\\/www.accidentdutravail-idf.net\\\/blog\\\/chutes-mortelles-et-accidents-de-travail-a-saint-renan-lentreprise-helies-couvertures-se-forme-aux-premiers-secours\\\/\",\"url\":\"https:\\\/\\\/www.accidentdutravail-idf.net\\\/blog\\\/chutes-mortelles-et-accidents-de-travail-a-saint-renan-lentreprise-helies-couvertures-se-forme-aux-premiers-secours\\\/\",\"name\":\"Chutes mortelles et accidents de travail : \u00e0 Saint-Renan, l\u2019entreprise Helies couvertures se forme aux premiers secours - ACCIDENTDUTRAVAIL-IDF\",\"isPartOf\":{\"@id\":\"https:\\\/\\\/www.accidentdutravail-idf.net\\\/blog\\\/#website\"},\"primaryImageOfPage\":{\"@id\":\"https:\\\/\\\/www.accidentdutravail-idf.net\\\/blog\\\/chutes-mortelles-et-accidents-de-travail-a-saint-renan-lentreprise-helies-couvertures-se-forme-aux-premiers-secours\\\/#primaryimage\"},\"image\":{\"@id\":\"https:\\\/\\\/www.accidentdutravail-idf.net\\\/blog\\\/chutes-mortelles-et-accidents-de-travail-a-saint-renan-lentreprise-helies-couvertures-se-forme-aux-premiers-secours\\\/#primaryimage\"},\"thumbnailUrl\":\"https:\\\/\\\/www.accidentdutravail-idf.net\\\/blog\\\/wp-content\\\/uploads\\\/2024\\\/11\\\/chutes-mortelles-et-accidents-de-travail-a-saint-renan-lentreprise-helies-couvertures-se-forme-aux-premiers-secours.jpg\",\"datePublished\":\"2024-11-14T00:59:00+00:00\",\"description\":\"Chutes mortelles et accidents de travail : \u00e0 Saint-Renan, l\u2019entreprise Helies couvertures se forme aux premiers secours article de ACCIDENTDUTRAVAIL-IDF\",\"breadcrumb\":{\"@id\":\"https:\\\/\\\/www.accidentdutravail-idf.net\\\/blog\\\/chutes-mortelles-et-accidents-de-travail-a-saint-renan-lentreprise-helies-couvertures-se-forme-aux-premiers-secours\\\/#breadcrumb\"},\"inLanguage\":\"fr-FR\",\"potentialAction\":[{\"@type\":\"ReadAction\",\"target\":[\"https:\\\/\\\/www.accidentdutravail-idf.net\\\/blog\\\/chutes-mortelles-et-accidents-de-travail-a-saint-renan-lentreprise-helies-couvertures-se-forme-aux-premiers-secours\\\/\"]}]},{\"@type\":\"ImageObject\",\"inLanguage\":\"fr-FR\",\"@id\":\"https:\\\/\\\/www.accidentdutravail-idf.net\\\/blog\\\/chutes-mortelles-et-accidents-de-travail-a-saint-renan-lentreprise-helies-couvertures-se-forme-aux-premiers-secours\\\/#primaryimage\",\"url\":\"https:\\\/\\\/www.accidentdutravail-idf.net\\\/blog\\\/wp-content\\\/uploads\\\/2024\\\/11\\\/chutes-mortelles-et-accidents-de-travail-a-saint-renan-lentreprise-helies-couvertures-se-forme-aux-premiers-secours.jpg\",\"contentUrl\":\"https:\\\/\\\/www.accidentdutravail-idf.net\\\/blog\\\/wp-content\\\/uploads\\\/2024\\\/11\\\/chutes-mortelles-et-accidents-de-travail-a-saint-renan-lentreprise-helies-couvertures-se-forme-aux-premiers-secours.jpg\"},{\"@type\":\"BreadcrumbList\",\"@id\":\"https:\\\/\\\/www.accidentdutravail-idf.net\\\/blog\\\/chutes-mortelles-et-accidents-de-travail-a-saint-renan-lentreprise-helies-couvertures-se-forme-aux-premiers-secours\\\/#breadcrumb\",\"itemListElement\":[{\"@type\":\"ListItem\",\"position\":1,\"name\":\"Accueil\",\"item\":\"https:\\\/\\\/www.accidentdutravail-idf.net\\\/blog\\\/\"},{\"@type\":\"ListItem\",\"position\":2,\"name\":\"Chutes mortelles et accidents de travail : \u00e0 Saint-Renan, l\u2019entreprise Helies couvertures se forme aux premiers secours\"}]},{\"@type\":\"WebSite\",\"@id\":\"https:\\\/\\\/www.accidentdutravail-idf.net\\\/blog\\\/#website\",\"url\":\"https:\\\/\\\/www.accidentdutravail-idf.net\\\/blog\\\/\",\"name\":\"ACCIDENTDUTRAVAIL-IDF\",\"description\":\"Portail accidents du travail-maladies professionnelles des entreprises d&#039;Ile-de-France\",\"publisher\":{\"@id\":\"https:\\\/\\\/www.accidentdutravail-idf.net\\\/blog\\\/#organization\"},\"potentialAction\":[{\"@type\":\"SearchAction\",\"target\":{\"@type\":\"EntryPoint\",\"urlTemplate\":\"https:\\\/\\\/www.accidentdutravail-idf.net\\\/blog\\\/?s={search_term_string}\"},\"query-input\":{\"@type\":\"PropertyValueSpecification\",\"valueRequired\":true,\"valueName\":\"search_term_string\"}}],\"inLanguage\":\"fr-FR\"},{\"@type\":\"Organization\",\"@id\":\"https:\\\/\\\/www.accidentdutravail-idf.net\\\/blog\\\/#organization\",\"name\":\"accidentdutravail-idf\",\"url\":\"https:\\\/\\\/www.accidentdutravail-idf.net\\\/blog\\\/\",\"logo\":{\"@type\":\"ImageObject\",\"inLanguage\":\"fr-FR\",\"@id\":\"https:\\\/\\\/www.accidentdutravail-idf.net\\\/blog\\\/#\\\/schema\\\/logo\\\/image\\\/\",\"url\":\"https:\\\/\\\/www.accidentdutravail-idf.net\\\/blog\\\/wp-content\\\/uploads\\\/2022\\\/09\\\/logo-2.png\",\"contentUrl\":\"https:\\\/\\\/www.accidentdutravail-idf.net\\\/blog\\\/wp-content\\\/uploads\\\/2022\\\/09\\\/logo-2.png\",\"width\":380,\"height\":291,\"caption\":\"accidentdutravail-idf\"},\"image\":{\"@id\":\"https:\\\/\\\/www.accidentdutravail-idf.net\\\/blog\\\/#\\\/schema\\\/logo\\\/image\\\/\"}},{\"@type\":\"Person\",\"@id\":\"https:\\\/\\\/www.accidentdutravail-idf.net\\\/blog\\\/#\\\/schema\\\/person\\\/3255d2f970de45e64bd9201f38e7b947\",\"name\":\"Carlos Poulain\",\"image\":{\"@type\":\"ImageObject\",\"inLanguage\":\"fr-FR\",\"@id\":\"https:\\\/\\\/secure.gravatar.com\\\/avatar\\\/b1c2f9d3588e34e91adb093635df64ef4b2381991216be7576466cfcdca4baf3?s=96&d=mm&r=g\",\"url\":\"https:\\\/\\\/secure.gravatar.com\\\/avatar\\\/b1c2f9d3588e34e91adb093635df64ef4b2381991216be7576466cfcdca4baf3?s=96&d=mm&r=g\",\"contentUrl\":\"https:\\\/\\\/secure.gravatar.com\\\/avatar\\\/b1c2f9d3588e34e91adb093635df64ef4b2381991216be7576466cfcdca4baf3?s=96&d=mm&r=g\",\"caption\":\"Carlos Poulain\"},\"url\":\"https:\\\/\\\/www.accidentdutravail-idf.net\\\/blog\\\/author\\\/idfcarlos\\\/\"}]}<\/script>\n<!-- \/ Yoast SEO plugin. -->","yoast_head_json":{"title":"Chutes mortelles et accidents de travail : \u00e0 Saint-Renan, l\u2019entreprise Helies couvertures se forme aux premiers secours - ACCIDENTDUTRAVAIL-IDF","description":"Chutes mortelles et accidents de travail : \u00e0 Saint-Renan, l\u2019entreprise Helies couvertures se forme aux premiers secours article de ACCIDENTDUTRAVAIL-IDF","robots":{"index":"index","follow":"follow","max-snippet":"max-snippet:-1","max-image-preview":"max-image-preview:large","max-video-preview":"max-video-preview:-1"},"canonical":"https:\/\/www.accidentdutravail-idf.net\/blog\/chutes-mortelles-et-accidents-de-travail-a-saint-renan-lentreprise-helies-couvertures-se-forme-aux-premiers-secours\/","og_locale":"fr_FR","og_type":"article","og_title":"Chutes mortelles et accidents de travail : \u00e0 Saint-Renan, l\u2019entreprise Helies couvertures se forme aux premiers secours - ACCIDENTDUTRAVAIL-IDF","og_description":"Chutes mortelles et accidents de travail : \u00e0 Saint-Renan, l\u2019entreprise Helies couvertures se forme aux premiers secours article de ACCIDENTDUTRAVAIL-IDF","og_url":"https:\/\/www.accidentdutravail-idf.net\/blog\/chutes-mortelles-et-accidents-de-travail-a-saint-renan-lentreprise-helies-couvertures-se-forme-aux-premiers-secours\/","og_site_name":"ACCIDENTDUTRAVAIL-IDF","article_published_time":"2024-11-14T00:59:00+00:00","og_image":[{"url":"https:\/\/www.accidentdutravail-idf.net\/blog\/wp-content\/uploads\/2024\/11\/chutes-mortelles-et-accidents-de-travail-a-saint-renan-lentreprise-helies-couvertures-se-forme-aux-premiers-secours.jpg","type":"","width":"","height":""}],"author":"Carlos Poulain","twitter_card":"summary_large_image","twitter_misc":{"\u00c9crit par":"Carlos Poulain","Dur\u00e9e de lecture estim\u00e9e":"3 minutes"},"schema":{"@context":"https:\/\/schema.org","@graph":[{"@type":"Article","@id":"https:\/\/www.accidentdutravail-idf.net\/blog\/chutes-mortelles-et-accidents-de-travail-a-saint-renan-lentreprise-helies-couvertures-se-forme-aux-premiers-secours\/#article","isPartOf":{"@id":"https:\/\/www.accidentdutravail-idf.net\/blog\/chutes-mortelles-et-accidents-de-travail-a-saint-renan-lentreprise-helies-couvertures-se-forme-aux-premiers-secours\/"},"author":{"name":"Carlos Poulain","@id":"https:\/\/www.accidentdutravail-idf.net\/blog\/#\/schema\/person\/3255d2f970de45e64bd9201f38e7b947"},"headline":"Chutes mortelles et accidents de travail : \u00e0 Saint-Renan, l\u2019entreprise Helies couvertures se forme aux premiers secours","datePublished":"2024-11-14T00:59:00+00:00","mainEntityOfPage":{"@id":"https:\/\/www.accidentdutravail-idf.net\/blog\/chutes-mortelles-et-accidents-de-travail-a-saint-renan-lentreprise-helies-couvertures-se-forme-aux-premiers-secours\/"},"wordCount":522,"publisher":{"@id":"https:\/\/www.accidentdutravail-idf.net\/blog\/#organization"},"image":{"@id":"https:\/\/www.accidentdutravail-idf.net\/blog\/chutes-mortelles-et-accidents-de-travail-a-saint-renan-lentreprise-helies-couvertures-se-forme-aux-premiers-secours\/#primaryimage"},"thumbnailUrl":"https:\/\/www.accidentdutravail-idf.net\/blog\/wp-content\/uploads\/2024\/11\/chutes-mortelles-et-accidents-de-travail-a-saint-renan-lentreprise-helies-couvertures-se-forme-aux-premiers-secours.jpg","articleSection":["S\u00e9curit\u00e9 Du Travail En Ile-De-France Et Divers:"],"inLanguage":"fr-FR"},{"@type":"WebPage","@id":"https:\/\/www.accidentdutravail-idf.net\/blog\/chutes-mortelles-et-accidents-de-travail-a-saint-renan-lentreprise-helies-couvertures-se-forme-aux-premiers-secours\/","url":"https:\/\/www.accidentdutravail-idf.net\/blog\/chutes-mortelles-et-accidents-de-travail-a-saint-renan-lentreprise-helies-couvertures-se-forme-aux-premiers-secours\/","name":"Chutes mortelles et accidents de travail : \u00e0 Saint-Renan, l\u2019entreprise Helies couvertures se forme aux premiers secours - ACCIDENTDUTRAVAIL-IDF","isPartOf":{"@id":"https:\/\/www.accidentdutravail-idf.net\/blog\/#website"},"primaryImageOfPage":{"@id":"https:\/\/www.accidentdutravail-idf.net\/blog\/chutes-mortelles-et-accidents-de-travail-a-saint-renan-lentreprise-helies-couvertures-se-forme-aux-premiers-secours\/#primaryimage"},"image":{"@id":"https:\/\/www.accidentdutravail-idf.net\/blog\/chutes-mortelles-et-accidents-de-travail-a-saint-renan-lentreprise-helies-couvertures-se-forme-aux-premiers-secours\/#primaryimage"},"thumbnailUrl":"https:\/\/www.accidentdutravail-idf.net\/blog\/wp-content\/uploads\/2024\/11\/chutes-mortelles-et-accidents-de-travail-a-saint-renan-lentreprise-helies-couvertures-se-forme-aux-premiers-secours.jpg","datePublished":"2024-11-14T00:59:00+00:00","description":"Chutes mortelles et accidents de travail : \u00e0 Saint-Renan, l\u2019entreprise Helies couvertures se forme aux premiers secours article de ACCIDENTDUTRAVAIL-IDF","breadcrumb":{"@id":"https:\/\/www.accidentdutravail-idf.net\/blog\/chutes-mortelles-et-accidents-de-travail-a-saint-renan-lentreprise-helies-couvertures-se-forme-aux-premiers-secours\/#breadcrumb"},"inLanguage":"fr-FR","potentialAction":[{"@type":"ReadAction","target":["https:\/\/www.accidentdutravail-idf.net\/blog\/chutes-mortelles-et-accidents-de-travail-a-saint-renan-lentreprise-helies-couvertures-se-forme-aux-premiers-secours\/"]}]},{"@type":"ImageObject","inLanguage":"fr-FR","@id":"https:\/\/www.accidentdutravail-idf.net\/blog\/chutes-mortelles-et-accidents-de-travail-a-saint-renan-lentreprise-helies-couvertures-se-forme-aux-premiers-secours\/#primaryimage","url":"https:\/\/www.accidentdutravail-idf.net\/blog\/wp-content\/uploads\/2024\/11\/chutes-mortelles-et-accidents-de-travail-a-saint-renan-lentreprise-helies-couvertures-se-forme-aux-premiers-secours.jpg","contentUrl":"https:\/\/www.accidentdutravail-idf.net\/blog\/wp-content\/uploads\/2024\/11\/chutes-mortelles-et-accidents-de-travail-a-saint-renan-lentreprise-helies-couvertures-se-forme-aux-premiers-secours.jpg"},{"@type":"BreadcrumbList","@id":"https:\/\/www.accidentdutravail-idf.net\/blog\/chutes-mortelles-et-accidents-de-travail-a-saint-renan-lentreprise-helies-couvertures-se-forme-aux-premiers-secours\/#breadcrumb","itemListElement":[{"@type":"ListItem","position":1,"name":"Accueil","item":"https:\/\/www.accidentdutravail-idf.net\/blog\/"},{"@type":"ListItem","position":2,"name":"Chutes mortelles et accidents de travail : \u00e0 Saint-Renan, l\u2019entreprise Helies couvertures se forme aux premiers secours"}]},{"@type":"WebSite","@id":"https:\/\/www.accidentdutravail-idf.net\/blog\/#website","url":"https:\/\/www.accidentdutravail-idf.net\/blog\/","name":"ACCIDENTDUTRAVAIL-IDF","description":"Portail accidents du travail-maladies professionnelles des entreprises d&#039;Ile-de-France","publisher":{"@id":"https:\/\/www.accidentdutravail-idf.net\/blog\/#organization"},"potentialAction":[{"@type":"SearchAction","target":{"@type":"EntryPoint","urlTemplate":"https:\/\/www.accidentdutravail-idf.net\/blog\/?s={search_term_string}"},"query-input":{"@type":"PropertyValueSpecification","valueRequired":true,"valueName":"search_term_string"}}],"inLanguage":"fr-FR"},{"@type":"Organization","@id":"https:\/\/www.accidentdutravail-idf.net\/blog\/#organization","name":"accidentdutravail-idf","url":"https:\/\/www.accidentdutravail-idf.net\/blog\/","logo":{"@type":"ImageObject","inLanguage":"fr-FR","@id":"https:\/\/www.accidentdutravail-idf.net\/blog\/#\/schema\/logo\/image\/","url":"https:\/\/www.accidentdutravail-idf.net\/blog\/wp-content\/uploads\/2022\/09\/logo-2.png","contentUrl":"https:\/\/www.accidentdutravail-idf.net\/blog\/wp-content\/uploads\/2022\/09\/logo-2.png","width":380,"height":291,"caption":"accidentdutravail-idf"},"image":{"@id":"https:\/\/www.accidentdutravail-idf.net\/blog\/#\/schema\/logo\/image\/"}},{"@type":"Person","@id":"https:\/\/www.accidentdutravail-idf.net\/blog\/#\/schema\/person\/3255d2f970de45e64bd9201f38e7b947","name":"Carlos Poulain","image":{"@type":"ImageObject","inLanguage":"fr-FR","@id":"https:\/\/secure.gravatar.com\/avatar\/b1c2f9d3588e34e91adb093635df64ef4b2381991216be7576466cfcdca4baf3?s=96&d=mm&r=g","url":"https:\/\/secure.gravatar.com\/avatar\/b1c2f9d3588e34e91adb093635df64ef4b2381991216be7576466cfcdca4baf3?s=96&d=mm&r=g","contentUrl":"https:\/\/secure.gravatar.com\/avatar\/b1c2f9d3588e34e91adb093635df64ef4b2381991216be7576466cfcdca4baf3?s=96&d=mm&r=g","caption":"Carlos Poulain"},"url":"https:\/\/www.accidentdutravail-idf.net\/blog\/author\/idfcarlos\/"}]}},"_links":{"self":[{"href":"https:\/\/www.accidentdutravail-idf.net\/blog\/wp-json\/wp\/v2\/posts\/1005","targetHints":{"allow":["GET"]}}],"collection":[{"href":"https:\/\/www.accidentdutravail-idf.net\/blog\/wp-json\/wp\/v2\/posts"}],"about":[{"href":"https:\/\/www.accidentdutravail-idf.net\/blog\/wp-json\/wp\/v2\/types\/post"}],"author":[{"embeddable":true,"href":"https:\/\/www.accidentdutravail-idf.net\/blog\/wp-json\/wp\/v2\/users\/2"}],"replies":[{"embeddable":true,"href":"https:\/\/www.accidentdutravail-idf.net\/blog\/wp-json\/wp\/v2\/comments?post=1005"}],"version-history":[{"count":0,"href":"https:\/\/www.accidentdutravail-idf.net\/blog\/wp-json\/wp\/v2\/posts\/1005\/revisions"}],"wp:attachment":[{"href":"https:\/\/www.accidentdutravail-idf.net\/blog\/wp-json\/wp\/v2\/media?parent=1005"}],"wp:term":[{"taxonomy":"category","embeddable":true,"href":"https:\/\/www.accidentdutravail-idf.net\/blog\/wp-json\/wp\/v2\/categories?post=1005"},{"taxonomy":"post_tag","embeddable":true,"href":"https:\/\/www.accidentdutravail-idf.net\/blog\/wp-json\/wp\/v2\/tags?post=1005"}],"curies":[{"name":"wp","href":"https:\/\/api.w.org\/{rel}","templated":true}]}}