{"id":1002,"date":"2024-11-14T06:06:00","date_gmt":"2024-11-14T05:06:00","guid":{"rendered":"https:\/\/www.accidentdutravail-idf.net\/blog\/pietinee-par-des-truies-en-bretagne-le-gerant-dun-elevage-condamne-pour-laccident-de-la-salariee\/"},"modified":"2024-11-14T06:06:00","modified_gmt":"2024-11-14T05:06:00","slug":"pietinee-par-des-truies-en-bretagne-le-gerant-dun-elevage-condamne-pour-laccident-de-la-salariee","status":"publish","type":"post","link":"https:\/\/www.accidentdutravail-idf.net\/blog\/pietinee-par-des-truies-en-bretagne-le-gerant-dun-elevage-condamne-pour-laccident-de-la-salariee\/","title":{"rendered":"Pi\u00e9tin\u00e9e par des truies en Bretagne : le g\u00e9rant d\u2019un \u00e9levage condamn\u00e9 pour l\u2019accident de la salari\u00e9e"},"content":{"rendered":"<div><img decoding=\"async\" src=\"https:\/\/www.accidentdutravail-idf.net\/blog\/wp-content\/uploads\/2024\/11\/pietinee-par-des-truies-en-bretagne-le-gerant-dun-elevage-condamne-pour-laccident-de-la-salariee.jpg\" class=\"ff-og-image-inserted\"><\/div>\n<div>\n<p>Le g\u00e9rant d\u2019une exploitation agricole situ\u00e9e pr\u00e8s de Dinan a \u00e9t\u00e9 condamn\u00e9 par le tribunal correctionnel de Saint-Malo, ce jeudi 14 novembre, \u00e0 2&nbsp;000 \u20ac d\u2019amende pour des blessures involontaires, caus\u00e9es dans le cadre d\u2019un accident du travail. Le 1er ao\u00fbt 2019, une employ\u00e9e de cet \u00e9levage porcin \ufeff\u00e9tait<a href=\"https:\/\/www.letelegramme.fr\/faits-divers\/en-bretagne-louvriere-agricole-avait-ete-pietinee-par-des-truies-laffaire-rebondit-devant-la-justice-6684527.php\" target=\"_blank\" rel=\"nofollow\"> tomb\u00e9e dans un trou<\/a> destin\u00e9 \u00e0 \u00e9vacuer le lisier. Coinc\u00e9e, elle avait \u00e9t\u00e9 pi\u00e9tin\u00e9e par des truies, avant d\u2019\u00eatre prise en charge, s\u00e9rieusement bless\u00e9e, par les secours.<\/p>\n<\/div>\n<div>\n<p>150 jours d\u2019incapacit\u00e9 totale de travail avaient \u00e9t\u00e9 indiqu\u00e9s pour fixer son pr\u00e9judice. La femme avait \u00e9voqu\u00e9, \u00e0 l\u2019occasion du jugement, le 17 octobre 2024, une charge de travail importante, le manque de sanitaires, une porcherie mal entretenue, ce qui avait \u00e9t\u00e9 confirm\u00e9 plus tard par les services de l\u2019Inspection du travail.<\/p>\n<p>Face aux juges malouins, la femme avait de nouveau \u00e9voqu\u00e9 le danger de ces trappes non bouch\u00e9es, m\u00eame pour les truies susceptibles d\u2019y tomber, tandis que le g\u00e9rant de l\u2019exploitation avait contest\u00e9 sa responsabilit\u00e9. Sa soci\u00e9t\u00e9, en tant que personne morale, a \u00e9galement \u00e9t\u00e9 reconnue coupable, et condamn\u00e9e \u00e0 10&nbsp;000 \u20ac d\u2019amende.<\/p>\n<\/div>\n<p>accidentdutravail-idf.net vous a pr\u00e9par\u00e9 ce post qui informe du sujet \u00ab\u00a0Association Sportive Huisson-Longueville Essonne\u00a0\u00bb. La chronique se veut g\u00e9n\u00e9r\u00e9e du mieux possible. Vous pouvez utiliser les coordonn\u00e9es indiqu\u00e9es sur le site dans le but d\u2019apporter des explications sur ce post qui parle du th\u00e8me \u00ab\u00a0Association Sportive Huisson-Longueville Essonne\u00a0\u00bb. Le site accidentdutravail-idf.net a pour but de fournir diverses publications sur la th\u00e9matique Association Sportive Huisson-Longueville Essonne diffus\u00e9es sur le net. Il y aura plusieurs articles autour du sujet \u00ab\u00a0Association Sportive Huisson-Longueville Essonne\u00a0\u00bb dans quelques jours, nous vous invitons \u00e0 naviguer sur notre site web \u00e0 plusieurs reprises.<\/p>\n","protected":false},"excerpt":{"rendered":"<p>Le g\u00e9rant d\u2019une exploitation agricole situ\u00e9e pr\u00e8s de Dinan a \u00e9t\u00e9 condamn\u00e9 par le tribunal correctionnel de Saint-Malo, ce jeudi 14 novembre, \u00e0 2&nbsp;000 \u20ac d\u2019amende pour des blessures involontaires, caus\u00e9es dans le cadre d\u2019un accident du travail. Le 1er ao\u00fbt 2019, une employ\u00e9e de cet \u00e9levage porcin \ufeff\u00e9tait tomb\u00e9e dans un trou destin\u00e9 \u00e0 &hellip; <\/p>\n<p class=\"link-more\"><a href=\"https:\/\/www.accidentdutravail-idf.net\/blog\/pietinee-par-des-truies-en-bretagne-le-gerant-dun-elevage-condamne-pour-laccident-de-la-salariee\/\" class=\"more-link\">Continuer la lecture <span class=\"screen-reader-text\"> \u00ab\u00a0Pi\u00e9tin\u00e9e par des truies en Bretagne : le g\u00e9rant d\u2019un \u00e9levage condamn\u00e9 pour l\u2019accident de la salari\u00e9e\u00a0\u00bb<\/span><\/a><\/p>\n","protected":false},"author":2,"featured_media":0,"comment_status":"closed","ping_status":"closed","sticky":false,"template":"","format":"standard","meta":{"footnotes":""},"categories":[5],"tags":[],"class_list":["post-1002","post","type-post","status-publish","format-standard","hentry","category-securite-du-travail-en-ile-de-france-et-divers","entry"],"yoast_head":"<!-- This site is optimized with the Yoast SEO plugin v27.5 - https:\/\/yoast.com\/product\/yoast-seo-wordpress\/ -->\n<title>Pi\u00e9tin\u00e9e par des truies en Bretagne : le g\u00e9rant d\u2019un \u00e9levage condamn\u00e9 pour l\u2019accident de la salari\u00e9e - ACCIDENTDUTRAVAIL-IDF<\/title>\n<meta name=\"description\" content=\"Pi\u00e9tin\u00e9e par des truies en Bretagne : le g\u00e9rant d\u2019un \u00e9levage condamn\u00e9 pour l\u2019accident de la salari\u00e9e article de ACCIDENTDUTRAVAIL-IDF\" \/>\n<meta name=\"robots\" content=\"index, follow, max-snippet:-1, max-image-preview:large, max-video-preview:-1\" \/>\n<link rel=\"canonical\" href=\"https:\/\/www.accidentdutravail-idf.net\/blog\/pietinee-par-des-truies-en-bretagne-le-gerant-dun-elevage-condamne-pour-laccident-de-la-salariee\/\" \/>\n<meta property=\"og:locale\" content=\"fr_FR\" \/>\n<meta property=\"og:type\" content=\"article\" \/>\n<meta property=\"og:title\" content=\"Pi\u00e9tin\u00e9e par des truies en Bretagne : le g\u00e9rant d\u2019un \u00e9levage condamn\u00e9 pour l\u2019accident de la salari\u00e9e - ACCIDENTDUTRAVAIL-IDF\" \/>\n<meta property=\"og:description\" content=\"Pi\u00e9tin\u00e9e par des truies en Bretagne : le g\u00e9rant d\u2019un \u00e9levage condamn\u00e9 pour l\u2019accident de la salari\u00e9e article de ACCIDENTDUTRAVAIL-IDF\" \/>\n<meta property=\"og:url\" content=\"https:\/\/www.accidentdutravail-idf.net\/blog\/pietinee-par-des-truies-en-bretagne-le-gerant-dun-elevage-condamne-pour-laccident-de-la-salariee\/\" \/>\n<meta property=\"og:site_name\" content=\"ACCIDENTDUTRAVAIL-IDF\" \/>\n<meta property=\"article:published_time\" content=\"2024-11-14T05:06:00+00:00\" \/>\n<meta property=\"og:image\" content=\"https:\/\/www.accidentdutravail-idf.net\/blog\/wp-content\/uploads\/2024\/11\/pietinee-par-des-truies-en-bretagne-le-gerant-dun-elevage-condamne-pour-laccident-de-la-salariee.jpg\" \/>\n<meta name=\"author\" content=\"Carlos Poulain\" \/>\n<meta name=\"twitter:card\" content=\"summary_large_image\" \/>\n<meta name=\"twitter:label1\" content=\"\u00c9crit par\" \/>\n\t<meta name=\"twitter:data1\" content=\"Carlos Poulain\" \/>\n\t<meta name=\"twitter:label2\" content=\"Dur\u00e9e de lecture estim\u00e9e\" \/>\n\t<meta name=\"twitter:data2\" content=\"2 minutes\" \/>\n<script type=\"application\/ld+json\" class=\"yoast-schema-graph\">{\"@context\":\"https:\\\/\\\/schema.org\",\"@graph\":[{\"@type\":\"Article\",\"@id\":\"https:\\\/\\\/www.accidentdutravail-idf.net\\\/blog\\\/pietinee-par-des-truies-en-bretagne-le-gerant-dun-elevage-condamne-pour-laccident-de-la-salariee\\\/#article\",\"isPartOf\":{\"@id\":\"https:\\\/\\\/www.accidentdutravail-idf.net\\\/blog\\\/pietinee-par-des-truies-en-bretagne-le-gerant-dun-elevage-condamne-pour-laccident-de-la-salariee\\\/\"},\"author\":{\"name\":\"Carlos Poulain\",\"@id\":\"https:\\\/\\\/www.accidentdutravail-idf.net\\\/blog\\\/#\\\/schema\\\/person\\\/3255d2f970de45e64bd9201f38e7b947\"},\"headline\":\"Pi\u00e9tin\u00e9e par des truies en Bretagne : le g\u00e9rant d\u2019un \u00e9levage condamn\u00e9 pour l\u2019accident de la salari\u00e9e\",\"datePublished\":\"2024-11-14T05:06:00+00:00\",\"mainEntityOfPage\":{\"@id\":\"https:\\\/\\\/www.accidentdutravail-idf.net\\\/blog\\\/pietinee-par-des-truies-en-bretagne-le-gerant-dun-elevage-condamne-pour-laccident-de-la-salariee\\\/\"},\"wordCount\":326,\"publisher\":{\"@id\":\"https:\\\/\\\/www.accidentdutravail-idf.net\\\/blog\\\/#organization\"},\"image\":{\"@id\":\"https:\\\/\\\/www.accidentdutravail-idf.net\\\/blog\\\/pietinee-par-des-truies-en-bretagne-le-gerant-dun-elevage-condamne-pour-laccident-de-la-salariee\\\/#primaryimage\"},\"thumbnailUrl\":\"https:\\\/\\\/www.accidentdutravail-idf.net\\\/blog\\\/wp-content\\\/uploads\\\/2024\\\/11\\\/pietinee-par-des-truies-en-bretagne-le-gerant-dun-elevage-condamne-pour-laccident-de-la-salariee.jpg\",\"articleSection\":[\"S\u00e9curit\u00e9 Du Travail En Ile-De-France Et Divers:\"],\"inLanguage\":\"fr-FR\"},{\"@type\":\"WebPage\",\"@id\":\"https:\\\/\\\/www.accidentdutravail-idf.net\\\/blog\\\/pietinee-par-des-truies-en-bretagne-le-gerant-dun-elevage-condamne-pour-laccident-de-la-salariee\\\/\",\"url\":\"https:\\\/\\\/www.accidentdutravail-idf.net\\\/blog\\\/pietinee-par-des-truies-en-bretagne-le-gerant-dun-elevage-condamne-pour-laccident-de-la-salariee\\\/\",\"name\":\"Pi\u00e9tin\u00e9e par des truies en Bretagne : le g\u00e9rant d\u2019un \u00e9levage condamn\u00e9 pour l\u2019accident de la salari\u00e9e - ACCIDENTDUTRAVAIL-IDF\",\"isPartOf\":{\"@id\":\"https:\\\/\\\/www.accidentdutravail-idf.net\\\/blog\\\/#website\"},\"primaryImageOfPage\":{\"@id\":\"https:\\\/\\\/www.accidentdutravail-idf.net\\\/blog\\\/pietinee-par-des-truies-en-bretagne-le-gerant-dun-elevage-condamne-pour-laccident-de-la-salariee\\\/#primaryimage\"},\"image\":{\"@id\":\"https:\\\/\\\/www.accidentdutravail-idf.net\\\/blog\\\/pietinee-par-des-truies-en-bretagne-le-gerant-dun-elevage-condamne-pour-laccident-de-la-salariee\\\/#primaryimage\"},\"thumbnailUrl\":\"https:\\\/\\\/www.accidentdutravail-idf.net\\\/blog\\\/wp-content\\\/uploads\\\/2024\\\/11\\\/pietinee-par-des-truies-en-bretagne-le-gerant-dun-elevage-condamne-pour-laccident-de-la-salariee.jpg\",\"datePublished\":\"2024-11-14T05:06:00+00:00\",\"description\":\"Pi\u00e9tin\u00e9e par des truies en Bretagne : le g\u00e9rant d\u2019un \u00e9levage condamn\u00e9 pour l\u2019accident de la salari\u00e9e article de ACCIDENTDUTRAVAIL-IDF\",\"breadcrumb\":{\"@id\":\"https:\\\/\\\/www.accidentdutravail-idf.net\\\/blog\\\/pietinee-par-des-truies-en-bretagne-le-gerant-dun-elevage-condamne-pour-laccident-de-la-salariee\\\/#breadcrumb\"},\"inLanguage\":\"fr-FR\",\"potentialAction\":[{\"@type\":\"ReadAction\",\"target\":[\"https:\\\/\\\/www.accidentdutravail-idf.net\\\/blog\\\/pietinee-par-des-truies-en-bretagne-le-gerant-dun-elevage-condamne-pour-laccident-de-la-salariee\\\/\"]}]},{\"@type\":\"ImageObject\",\"inLanguage\":\"fr-FR\",\"@id\":\"https:\\\/\\\/www.accidentdutravail-idf.net\\\/blog\\\/pietinee-par-des-truies-en-bretagne-le-gerant-dun-elevage-condamne-pour-laccident-de-la-salariee\\\/#primaryimage\",\"url\":\"https:\\\/\\\/www.accidentdutravail-idf.net\\\/blog\\\/wp-content\\\/uploads\\\/2024\\\/11\\\/pietinee-par-des-truies-en-bretagne-le-gerant-dun-elevage-condamne-pour-laccident-de-la-salariee.jpg\",\"contentUrl\":\"https:\\\/\\\/www.accidentdutravail-idf.net\\\/blog\\\/wp-content\\\/uploads\\\/2024\\\/11\\\/pietinee-par-des-truies-en-bretagne-le-gerant-dun-elevage-condamne-pour-laccident-de-la-salariee.jpg\"},{\"@type\":\"BreadcrumbList\",\"@id\":\"https:\\\/\\\/www.accidentdutravail-idf.net\\\/blog\\\/pietinee-par-des-truies-en-bretagne-le-gerant-dun-elevage-condamne-pour-laccident-de-la-salariee\\\/#breadcrumb\",\"itemListElement\":[{\"@type\":\"ListItem\",\"position\":1,\"name\":\"Accueil\",\"item\":\"https:\\\/\\\/www.accidentdutravail-idf.net\\\/blog\\\/\"},{\"@type\":\"ListItem\",\"position\":2,\"name\":\"Pi\u00e9tin\u00e9e par des truies en Bretagne : le g\u00e9rant d\u2019un \u00e9levage condamn\u00e9 pour l\u2019accident de la salari\u00e9e\"}]},{\"@type\":\"WebSite\",\"@id\":\"https:\\\/\\\/www.accidentdutravail-idf.net\\\/blog\\\/#website\",\"url\":\"https:\\\/\\\/www.accidentdutravail-idf.net\\\/blog\\\/\",\"name\":\"ACCIDENTDUTRAVAIL-IDF\",\"description\":\"Portail accidents du travail-maladies professionnelles des entreprises d&#039;Ile-de-France\",\"publisher\":{\"@id\":\"https:\\\/\\\/www.accidentdutravail-idf.net\\\/blog\\\/#organization\"},\"potentialAction\":[{\"@type\":\"SearchAction\",\"target\":{\"@type\":\"EntryPoint\",\"urlTemplate\":\"https:\\\/\\\/www.accidentdutravail-idf.net\\\/blog\\\/?s={search_term_string}\"},\"query-input\":{\"@type\":\"PropertyValueSpecification\",\"valueRequired\":true,\"valueName\":\"search_term_string\"}}],\"inLanguage\":\"fr-FR\"},{\"@type\":\"Organization\",\"@id\":\"https:\\\/\\\/www.accidentdutravail-idf.net\\\/blog\\\/#organization\",\"name\":\"accidentdutravail-idf\",\"url\":\"https:\\\/\\\/www.accidentdutravail-idf.net\\\/blog\\\/\",\"logo\":{\"@type\":\"ImageObject\",\"inLanguage\":\"fr-FR\",\"@id\":\"https:\\\/\\\/www.accidentdutravail-idf.net\\\/blog\\\/#\\\/schema\\\/logo\\\/image\\\/\",\"url\":\"https:\\\/\\\/www.accidentdutravail-idf.net\\\/blog\\\/wp-content\\\/uploads\\\/2022\\\/09\\\/logo-2.png\",\"contentUrl\":\"https:\\\/\\\/www.accidentdutravail-idf.net\\\/blog\\\/wp-content\\\/uploads\\\/2022\\\/09\\\/logo-2.png\",\"width\":380,\"height\":291,\"caption\":\"accidentdutravail-idf\"},\"image\":{\"@id\":\"https:\\\/\\\/www.accidentdutravail-idf.net\\\/blog\\\/#\\\/schema\\\/logo\\\/image\\\/\"}},{\"@type\":\"Person\",\"@id\":\"https:\\\/\\\/www.accidentdutravail-idf.net\\\/blog\\\/#\\\/schema\\\/person\\\/3255d2f970de45e64bd9201f38e7b947\",\"name\":\"Carlos Poulain\",\"image\":{\"@type\":\"ImageObject\",\"inLanguage\":\"fr-FR\",\"@id\":\"https:\\\/\\\/secure.gravatar.com\\\/avatar\\\/b1c2f9d3588e34e91adb093635df64ef4b2381991216be7576466cfcdca4baf3?s=96&d=mm&r=g\",\"url\":\"https:\\\/\\\/secure.gravatar.com\\\/avatar\\\/b1c2f9d3588e34e91adb093635df64ef4b2381991216be7576466cfcdca4baf3?s=96&d=mm&r=g\",\"contentUrl\":\"https:\\\/\\\/secure.gravatar.com\\\/avatar\\\/b1c2f9d3588e34e91adb093635df64ef4b2381991216be7576466cfcdca4baf3?s=96&d=mm&r=g\",\"caption\":\"Carlos Poulain\"},\"url\":\"https:\\\/\\\/www.accidentdutravail-idf.net\\\/blog\\\/author\\\/idfcarlos\\\/\"}]}<\/script>\n<!-- \/ Yoast SEO plugin. -->","yoast_head_json":{"title":"Pi\u00e9tin\u00e9e par des truies en Bretagne : le g\u00e9rant d\u2019un \u00e9levage condamn\u00e9 pour l\u2019accident de la salari\u00e9e - ACCIDENTDUTRAVAIL-IDF","description":"Pi\u00e9tin\u00e9e par des truies en Bretagne : le g\u00e9rant d\u2019un \u00e9levage condamn\u00e9 pour l\u2019accident de la salari\u00e9e article de ACCIDENTDUTRAVAIL-IDF","robots":{"index":"index","follow":"follow","max-snippet":"max-snippet:-1","max-image-preview":"max-image-preview:large","max-video-preview":"max-video-preview:-1"},"canonical":"https:\/\/www.accidentdutravail-idf.net\/blog\/pietinee-par-des-truies-en-bretagne-le-gerant-dun-elevage-condamne-pour-laccident-de-la-salariee\/","og_locale":"fr_FR","og_type":"article","og_title":"Pi\u00e9tin\u00e9e par des truies en Bretagne : le g\u00e9rant d\u2019un \u00e9levage condamn\u00e9 pour l\u2019accident de la salari\u00e9e - ACCIDENTDUTRAVAIL-IDF","og_description":"Pi\u00e9tin\u00e9e par des truies en Bretagne : le g\u00e9rant d\u2019un \u00e9levage condamn\u00e9 pour l\u2019accident de la salari\u00e9e article de ACCIDENTDUTRAVAIL-IDF","og_url":"https:\/\/www.accidentdutravail-idf.net\/blog\/pietinee-par-des-truies-en-bretagne-le-gerant-dun-elevage-condamne-pour-laccident-de-la-salariee\/","og_site_name":"ACCIDENTDUTRAVAIL-IDF","article_published_time":"2024-11-14T05:06:00+00:00","og_image":[{"url":"https:\/\/www.accidentdutravail-idf.net\/blog\/wp-content\/uploads\/2024\/11\/pietinee-par-des-truies-en-bretagne-le-gerant-dun-elevage-condamne-pour-laccident-de-la-salariee.jpg","type":"","width":"","height":""}],"author":"Carlos Poulain","twitter_card":"summary_large_image","twitter_misc":{"\u00c9crit par":"Carlos Poulain","Dur\u00e9e de lecture estim\u00e9e":"2 minutes"},"schema":{"@context":"https:\/\/schema.org","@graph":[{"@type":"Article","@id":"https:\/\/www.accidentdutravail-idf.net\/blog\/pietinee-par-des-truies-en-bretagne-le-gerant-dun-elevage-condamne-pour-laccident-de-la-salariee\/#article","isPartOf":{"@id":"https:\/\/www.accidentdutravail-idf.net\/blog\/pietinee-par-des-truies-en-bretagne-le-gerant-dun-elevage-condamne-pour-laccident-de-la-salariee\/"},"author":{"name":"Carlos Poulain","@id":"https:\/\/www.accidentdutravail-idf.net\/blog\/#\/schema\/person\/3255d2f970de45e64bd9201f38e7b947"},"headline":"Pi\u00e9tin\u00e9e par des truies en Bretagne : le g\u00e9rant d\u2019un \u00e9levage condamn\u00e9 pour l\u2019accident de la salari\u00e9e","datePublished":"2024-11-14T05:06:00+00:00","mainEntityOfPage":{"@id":"https:\/\/www.accidentdutravail-idf.net\/blog\/pietinee-par-des-truies-en-bretagne-le-gerant-dun-elevage-condamne-pour-laccident-de-la-salariee\/"},"wordCount":326,"publisher":{"@id":"https:\/\/www.accidentdutravail-idf.net\/blog\/#organization"},"image":{"@id":"https:\/\/www.accidentdutravail-idf.net\/blog\/pietinee-par-des-truies-en-bretagne-le-gerant-dun-elevage-condamne-pour-laccident-de-la-salariee\/#primaryimage"},"thumbnailUrl":"https:\/\/www.accidentdutravail-idf.net\/blog\/wp-content\/uploads\/2024\/11\/pietinee-par-des-truies-en-bretagne-le-gerant-dun-elevage-condamne-pour-laccident-de-la-salariee.jpg","articleSection":["S\u00e9curit\u00e9 Du Travail En Ile-De-France Et Divers:"],"inLanguage":"fr-FR"},{"@type":"WebPage","@id":"https:\/\/www.accidentdutravail-idf.net\/blog\/pietinee-par-des-truies-en-bretagne-le-gerant-dun-elevage-condamne-pour-laccident-de-la-salariee\/","url":"https:\/\/www.accidentdutravail-idf.net\/blog\/pietinee-par-des-truies-en-bretagne-le-gerant-dun-elevage-condamne-pour-laccident-de-la-salariee\/","name":"Pi\u00e9tin\u00e9e par des truies en Bretagne : le g\u00e9rant d\u2019un \u00e9levage condamn\u00e9 pour l\u2019accident de la salari\u00e9e - ACCIDENTDUTRAVAIL-IDF","isPartOf":{"@id":"https:\/\/www.accidentdutravail-idf.net\/blog\/#website"},"primaryImageOfPage":{"@id":"https:\/\/www.accidentdutravail-idf.net\/blog\/pietinee-par-des-truies-en-bretagne-le-gerant-dun-elevage-condamne-pour-laccident-de-la-salariee\/#primaryimage"},"image":{"@id":"https:\/\/www.accidentdutravail-idf.net\/blog\/pietinee-par-des-truies-en-bretagne-le-gerant-dun-elevage-condamne-pour-laccident-de-la-salariee\/#primaryimage"},"thumbnailUrl":"https:\/\/www.accidentdutravail-idf.net\/blog\/wp-content\/uploads\/2024\/11\/pietinee-par-des-truies-en-bretagne-le-gerant-dun-elevage-condamne-pour-laccident-de-la-salariee.jpg","datePublished":"2024-11-14T05:06:00+00:00","description":"Pi\u00e9tin\u00e9e par des truies en Bretagne : le g\u00e9rant d\u2019un \u00e9levage condamn\u00e9 pour l\u2019accident de la salari\u00e9e article de ACCIDENTDUTRAVAIL-IDF","breadcrumb":{"@id":"https:\/\/www.accidentdutravail-idf.net\/blog\/pietinee-par-des-truies-en-bretagne-le-gerant-dun-elevage-condamne-pour-laccident-de-la-salariee\/#breadcrumb"},"inLanguage":"fr-FR","potentialAction":[{"@type":"ReadAction","target":["https:\/\/www.accidentdutravail-idf.net\/blog\/pietinee-par-des-truies-en-bretagne-le-gerant-dun-elevage-condamne-pour-laccident-de-la-salariee\/"]}]},{"@type":"ImageObject","inLanguage":"fr-FR","@id":"https:\/\/www.accidentdutravail-idf.net\/blog\/pietinee-par-des-truies-en-bretagne-le-gerant-dun-elevage-condamne-pour-laccident-de-la-salariee\/#primaryimage","url":"https:\/\/www.accidentdutravail-idf.net\/blog\/wp-content\/uploads\/2024\/11\/pietinee-par-des-truies-en-bretagne-le-gerant-dun-elevage-condamne-pour-laccident-de-la-salariee.jpg","contentUrl":"https:\/\/www.accidentdutravail-idf.net\/blog\/wp-content\/uploads\/2024\/11\/pietinee-par-des-truies-en-bretagne-le-gerant-dun-elevage-condamne-pour-laccident-de-la-salariee.jpg"},{"@type":"BreadcrumbList","@id":"https:\/\/www.accidentdutravail-idf.net\/blog\/pietinee-par-des-truies-en-bretagne-le-gerant-dun-elevage-condamne-pour-laccident-de-la-salariee\/#breadcrumb","itemListElement":[{"@type":"ListItem","position":1,"name":"Accueil","item":"https:\/\/www.accidentdutravail-idf.net\/blog\/"},{"@type":"ListItem","position":2,"name":"Pi\u00e9tin\u00e9e par des truies en Bretagne : le g\u00e9rant d\u2019un \u00e9levage condamn\u00e9 pour l\u2019accident de la salari\u00e9e"}]},{"@type":"WebSite","@id":"https:\/\/www.accidentdutravail-idf.net\/blog\/#website","url":"https:\/\/www.accidentdutravail-idf.net\/blog\/","name":"ACCIDENTDUTRAVAIL-IDF","description":"Portail accidents du travail-maladies professionnelles des entreprises d&#039;Ile-de-France","publisher":{"@id":"https:\/\/www.accidentdutravail-idf.net\/blog\/#organization"},"potentialAction":[{"@type":"SearchAction","target":{"@type":"EntryPoint","urlTemplate":"https:\/\/www.accidentdutravail-idf.net\/blog\/?s={search_term_string}"},"query-input":{"@type":"PropertyValueSpecification","valueRequired":true,"valueName":"search_term_string"}}],"inLanguage":"fr-FR"},{"@type":"Organization","@id":"https:\/\/www.accidentdutravail-idf.net\/blog\/#organization","name":"accidentdutravail-idf","url":"https:\/\/www.accidentdutravail-idf.net\/blog\/","logo":{"@type":"ImageObject","inLanguage":"fr-FR","@id":"https:\/\/www.accidentdutravail-idf.net\/blog\/#\/schema\/logo\/image\/","url":"https:\/\/www.accidentdutravail-idf.net\/blog\/wp-content\/uploads\/2022\/09\/logo-2.png","contentUrl":"https:\/\/www.accidentdutravail-idf.net\/blog\/wp-content\/uploads\/2022\/09\/logo-2.png","width":380,"height":291,"caption":"accidentdutravail-idf"},"image":{"@id":"https:\/\/www.accidentdutravail-idf.net\/blog\/#\/schema\/logo\/image\/"}},{"@type":"Person","@id":"https:\/\/www.accidentdutravail-idf.net\/blog\/#\/schema\/person\/3255d2f970de45e64bd9201f38e7b947","name":"Carlos Poulain","image":{"@type":"ImageObject","inLanguage":"fr-FR","@id":"https:\/\/secure.gravatar.com\/avatar\/b1c2f9d3588e34e91adb093635df64ef4b2381991216be7576466cfcdca4baf3?s=96&d=mm&r=g","url":"https:\/\/secure.gravatar.com\/avatar\/b1c2f9d3588e34e91adb093635df64ef4b2381991216be7576466cfcdca4baf3?s=96&d=mm&r=g","contentUrl":"https:\/\/secure.gravatar.com\/avatar\/b1c2f9d3588e34e91adb093635df64ef4b2381991216be7576466cfcdca4baf3?s=96&d=mm&r=g","caption":"Carlos Poulain"},"url":"https:\/\/www.accidentdutravail-idf.net\/blog\/author\/idfcarlos\/"}]}},"_links":{"self":[{"href":"https:\/\/www.accidentdutravail-idf.net\/blog\/wp-json\/wp\/v2\/posts\/1002","targetHints":{"allow":["GET"]}}],"collection":[{"href":"https:\/\/www.accidentdutravail-idf.net\/blog\/wp-json\/wp\/v2\/posts"}],"about":[{"href":"https:\/\/www.accidentdutravail-idf.net\/blog\/wp-json\/wp\/v2\/types\/post"}],"author":[{"embeddable":true,"href":"https:\/\/www.accidentdutravail-idf.net\/blog\/wp-json\/wp\/v2\/users\/2"}],"replies":[{"embeddable":true,"href":"https:\/\/www.accidentdutravail-idf.net\/blog\/wp-json\/wp\/v2\/comments?post=1002"}],"version-history":[{"count":0,"href":"https:\/\/www.accidentdutravail-idf.net\/blog\/wp-json\/wp\/v2\/posts\/1002\/revisions"}],"wp:attachment":[{"href":"https:\/\/www.accidentdutravail-idf.net\/blog\/wp-json\/wp\/v2\/media?parent=1002"}],"wp:term":[{"taxonomy":"category","embeddable":true,"href":"https:\/\/www.accidentdutravail-idf.net\/blog\/wp-json\/wp\/v2\/categories?post=1002"},{"taxonomy":"post_tag","embeddable":true,"href":"https:\/\/www.accidentdutravail-idf.net\/blog\/wp-json\/wp\/v2\/tags?post=1002"}],"curies":[{"name":"wp","href":"https:\/\/api.w.org\/{rel}","templated":true}]}}